{"id":14241,"date":"2018-05-04T16:00:40","date_gmt":"2018-05-04T14:00:40","guid":{"rendered":"http:\/\/www.ades-grenoble.org\/wordpress\/?p=14241"},"modified":"2018-05-04T17:18:56","modified_gmt":"2018-05-04T15:18:56","slug":"les-collectivites-ont-finance-plus-de-60-des-exonerations-fiscales-decidees-par-letat","status":"publish","type":"post","link":"https:\/\/www.ades-grenoble.org\/wordpress\/2018\/05\/04\/les-collectivites-ont-finance-plus-de-60-des-exonerations-fiscales-decidees-par-letat\/","title":{"rendered":"Les collectivit\u00e9s ont financ\u00e9 \u00ab plus de 60 % \u00bb des exon\u00e9rations fiscales d\u00e9cid\u00e9es par l\u2019\u00c9tat !"},"content":{"rendered":"<p style=\"text-align: justify;\"><img loading=\"lazy\" decoding=\"async\" class=\"size-full wp-image-14242 alignleft\" src=\"http:\/\/www.ades-grenoble.org\/wordpress\/wp-content\/uploads\/2018\/05\/OFGL.jpg\" alt=\"\" width=\"350\" height=\"130\" srcset=\"https:\/\/www.ades-grenoble.org\/wordpress\/wp-content\/uploads\/2018\/05\/OFGL.jpg 350w, https:\/\/www.ades-grenoble.org\/wordpress\/wp-content\/uploads\/2018\/05\/OFGL-150x56.jpg 150w, https:\/\/www.ades-grenoble.org\/wordpress\/wp-content\/uploads\/2018\/05\/OFGL-300x111.jpg 300w\" sizes=\"auto, (max-width: 350px) 100vw, 350px\" \/>Dans sa publication d\u2019avril 2018, l\u2019Observatoire des finances et de la gestion publique locale (OFGL) dresse un \u00e9tat des lieux des all\u00e8gements de fiscalit\u00e9 directe locale et leurs compensations (chiffres 2016). L\u2019OFGL d\u00e9montre que les baisses de fiscalit\u00e9 locale d\u00e9cid\u00e9es par l\u2019Etat sont financ\u00e9es \u00e0 plus de 60 % par les collectivit\u00e9s elle m\u00eames. En moyenne c\u2019est 3,1% des recettes des budgets locaux qui disparaissent dans ces exon\u00e9rations et ce sont les communes les plus pauvres qui subissent le plus ce d\u00e9faut de compensation\u00a0: \u00ab\u00a0<em>Ainsi, en 2016 et en moyenne, 16\u00a0% des bases de la taxe d\u2019habitation des communes aux revenus moyens par habitant les plus faibles b\u00e9n\u00e9ficiaient d\u2019une exon\u00e9ration l\u00e9gislative contre 6\u00a0% dans les communes les plus riches<\/em>\u00a0\u00bb. Avec cette politique d\u2019exon\u00e9ration voulue par l\u2019Etat, celui-ci fait des cadeaux aux contribuables, mais avec l\u2019argent des collectivit\u00e9s\u00a0!!!<\/p>\n<p><!--more--><\/p>\n<p style=\"text-align: justify;\"><em>\u00ab\u00a0Le d\u00e9bat sur la refonte de la fiscalit\u00e9 locale est au c\u0153ur de l\u2019actualit\u00e9, cette note s\u2019attache \u00e0 dresser un panorama des all\u00e9gements de fiscalit\u00e9 directe locale et de leurs compensations. Elle pr\u00e9sente les diff\u00e9rentes formes d\u2019all\u00e9gements fiscaux accord\u00e9s aux contribuables locaux (d\u00e9gr\u00e8vements, abattements, exon\u00e9rations). Elle analyse les \u00e9volutions des compensations d\u2019exon\u00e9rations (allocations et dotations) au cours des derni\u00e8res ann\u00e9es. Elle souligne le poids qu\u2019elles repr\u00e9sentent dans les budgets locaux et la part non compens\u00e9e des d\u00e9cisions l\u00e9gislatives, restant \u00e0 la charge des collectivit\u00e9s locales\u2026\u00a0\u00bb<\/em><\/p>\n<p style=\"text-align: justify;\">Pour t\u00e9l\u00e9charger le document, cliquez <a href=\"http:\/\/www.maire-info.com\/upload\/files\/capsur2.pdf\" target=\"_blank\" rel=\"noopener\">ici<\/a>.<\/p>\n","protected":false},"excerpt":{"rendered":"<p>Dans sa publication d\u2019avril 2018, l\u2019Observatoire des finances et de la gestion publique locale (OFGL) dresse un \u00e9tat des lieux des all\u00e8gements de fiscalit\u00e9 directe locale et leurs compensations (chiffres 2016). L\u2019OFGL d\u00e9montre que les baisses de fiscalit\u00e9 locale d\u00e9cid\u00e9es par l\u2019Etat sont financ\u00e9es \u00e0 plus de 60 % par les collectivit\u00e9s elle m\u00eames. En [&hellip;]<\/p>\n","protected":false},"author":1,"featured_media":0,"comment_status":"closed","ping_status":"open","sticky":false,"template":"","format":"standard","meta":{"twitterCardType":"","cardImageID":0,"cardImage":"","cardTitle":"","cardDesc":"","cardImageAlt":"","cardPlayer":"","cardPlayerWidth":0,"cardPlayerHeight":0,"cardPlayerStream":"","cardPlayerCodec":"","footnotes":""},"categories":[62,11],"tags":[226,196,138,19],"class_list":["post-14241","post","type-post","status-publish","format-standard","hentry","category-le-rouge-le-vert-hebdo","category-politique-locale","tag-collectivites","tag-etat","tag-finances","tag-impots"],"_links":{"self":[{"href":"https:\/\/www.ades-grenoble.org\/wordpress\/wp-json\/wp\/v2\/posts\/14241","targetHints":{"allow":["GET"]}}],"collection":[{"href":"https:\/\/www.ades-grenoble.org\/wordpress\/wp-json\/wp\/v2\/posts"}],"about":[{"href":"https:\/\/www.ades-grenoble.org\/wordpress\/wp-json\/wp\/v2\/types\/post"}],"author":[{"embeddable":true,"href":"https:\/\/www.ades-grenoble.org\/wordpress\/wp-json\/wp\/v2\/users\/1"}],"replies":[{"embeddable":true,"href":"https:\/\/www.ades-grenoble.org\/wordpress\/wp-json\/wp\/v2\/comments?post=14241"}],"version-history":[{"count":1,"href":"https:\/\/www.ades-grenoble.org\/wordpress\/wp-json\/wp\/v2\/posts\/14241\/revisions"}],"predecessor-version":[{"id":14243,"href":"https:\/\/www.ades-grenoble.org\/wordpress\/wp-json\/wp\/v2\/posts\/14241\/revisions\/14243"}],"wp:attachment":[{"href":"https:\/\/www.ades-grenoble.org\/wordpress\/wp-json\/wp\/v2\/media?parent=14241"}],"wp:term":[{"taxonomy":"category","embeddable":true,"href":"https:\/\/www.ades-grenoble.org\/wordpress\/wp-json\/wp\/v2\/categories?post=14241"},{"taxonomy":"post_tag","embeddable":true,"href":"https:\/\/www.ades-grenoble.org\/wordpress\/wp-json\/wp\/v2\/tags?post=14241"}],"curies":[{"name":"wp","href":"https:\/\/api.w.org\/{rel}","templated":true}]}}