{"id":14284,"date":"2018-05-11T13:44:39","date_gmt":"2018-05-11T11:44:39","guid":{"rendered":"http:\/\/www.ades-grenoble.org\/wordpress\/?p=14284"},"modified":"2018-05-11T15:00:33","modified_gmt":"2018-05-11T13:00:33","slug":"la-contribution-solidarite-autonomie-atteindrait-242-milliards-deuros-en-2018","status":"publish","type":"post","link":"https:\/\/www.ades-grenoble.org\/wordpress\/2018\/05\/11\/la-contribution-solidarite-autonomie-atteindrait-242-milliards-deuros-en-2018\/","title":{"rendered":"La contribution solidarit\u00e9 autonomie atteindrait 2,42 milliards d&rsquo;euros en 2018"},"content":{"rendered":"<p style=\"text-align: justify;\"><img loading=\"lazy\" decoding=\"async\" class=\"size-full wp-image-14285 alignleft\" src=\"http:\/\/www.ades-grenoble.org\/wordpress\/wp-content\/uploads\/2018\/05\/CNSA.jpg\" alt=\"\" width=\"230\" height=\"100\" srcset=\"https:\/\/www.ades-grenoble.org\/wordpress\/wp-content\/uploads\/2018\/05\/CNSA.jpg 230w, https:\/\/www.ades-grenoble.org\/wordpress\/wp-content\/uploads\/2018\/05\/CNSA-150x65.jpg 150w\" sizes=\"auto, (max-width: 230px) 100vw, 230px\" \/>Rappel\u00a0sur l\u2019instauration de la journ\u00e9e de solidarit\u00e9\u00a0en 2004 suite \u00e0 la canicule de 2003 : en contrepartie de cette journ\u00e9e travaill\u00e9e mais non pay\u00e9e, les employeurs &#8211; publics et priv\u00e9s &#8211; versent \u00e0 la Caisse nationale de solidarit\u00e9 pour l\u2019autonomie une contribution de 0,3% de la masse salariale (ce montant correspondant au surcro\u00eet de valeur ajout\u00e9e d\u2019un jour de travail). Les revenus du capital (0,3% des revenus des placements et des revenus du patrimoine) y sont \u00e9galement soumis (\u00e0 l\u2019exception de l\u2019\u00e9pargne populaire telle que le livret A). La Caisse nationale de solidarit\u00e9 pour autonomie est charg\u00e9e de la gestion de cette contribution solidarit\u00e9 autonomie (CSA). Dans le cadre de la loi de financement de la s\u00e9curit\u00e9 sociale, le Gouvernement avait d\u00e9cid\u00e9 de faire participer les retrait\u00e9s assujettis \u00e0 l\u2019imp\u00f4t sur le revenu \u00e0 l\u2019effort national en mettant en place, \u00e0 compter du 1er avril 2013 la contribution additionnelle de solidarit\u00e9 pour l\u2019autonomie (CASA).<\/p>\n<p style=\"text-align: justify;\">En 2018, la journ\u00e9e de solidarit\u00e9 devrait rapporter 2,42 milliards d\u2019euros. En 2017, elle a rapport\u00e9 2,37 milliards d\u2019euros.<br \/>\nEn 2018, la CASA devrait rapporter 765,4 millions d\u2019euros. En 2017, elle a rapport\u00e9 743,8 millions d\u2019euros.<br \/>\n<strong>Entre 2004 et 2017, la journ\u00e9e de solidarit\u00e9 a rapport\u00e9 30 milliards d\u2019euros et la CASA a permis de collecter 3,36 milliards d\u2019euros.<\/strong><\/p>\n<p><!--more--><\/p>\n<p style=\"text-align: justify;\"><em>\u00ab\u00a0\u00c0 quoi servent les revenus de la journ\u00e9e de solidarit\u00e9 ?<\/em><\/p>\n<p style=\"text-align: justify;\"><em>La loi pr\u00e9voit que le produit de la CSA est affect\u00e9 chaque ann\u00e9e au financement des dispositifs individuels et collectifs de la perte d\u2019autonomie par l\u2019interm\u00e9diaire de la CNSA :<\/em><\/p>\n<p style=\"text-align: justify;\"><em>60% pour les personnes \u00e2g\u00e9es (40% pour le financement des \u00e9tablissements et services, 20% pour l\u2019allocation personnalis\u00e9e d\u2019autonomie (APA), distribu\u00e9e par les conseils d\u00e9partementaux au b\u00e9n\u00e9fice des personnes \u00e2g\u00e9es vivant \u00e0 domicile ou en \u00e9tablissement) ;<\/em><\/p>\n<p style=\"text-align: justify;\"><em>40% pour les personnes handicap\u00e9es (26% pour le financement de la prestation de compensation du handicap -PCH-, et des maisons d\u00e9partementales des personnes handicap\u00e9es -MDPH-, 14 % pour le financement des \u00e9tablissements et services m\u00e9dico-sociaux).<\/em><\/p>\n<p style=\"text-align: justify;\"><em>Les 2,42 milliards d\u2019euros qui devraient \u00eatre collect\u00e9s au titre de la contribution solidarit\u00e9 pour l\u2019autonomie (CSA) seront redistribu\u00e9s de la fa\u00e7on suivante :<\/em><\/p>\n<ul style=\"text-align: justify;\">\n<li><em>1,45 milliard d\u2019euros au b\u00e9n\u00e9fice des personnes \u00e2g\u00e9es : <\/em><\/li>\n<li><em>483,9 millions d\u2019euros vers\u00e9s aux conseils d\u00e9partementaux pour le financement de l\u2019allocation personnalis\u00e9e d\u2019autonomie (APA) ;<\/em><\/li>\n<li><em>967,7 millions d\u2019euros allou\u00e9s aux \u00e9tablissements et services m\u00e9dico-sociaux accueillant ce public.<\/em><\/li>\n<li><em>967,7 millions d\u2019euros au b\u00e9n\u00e9fice des personnes handicap\u00e9es :\u00a0 <\/em><\/li>\n<li><em>629 millions d\u2019euros vers\u00e9s aux conseils d\u00e9partementaux pour le financement de la prestation de compensation du handicap (PCH) et le fonctionnement des maisons d\u00e9partementales des personnes handicap\u00e9es ;<\/em><\/li>\n<li><em>338,7 millions d\u2019euros allou\u00e9s aux \u00e9tablissements et services m\u00e9dico-sociaux accueillant des personnes en situation de handicap.<\/em><\/li>\n<\/ul>\n<p style=\"text-align: justify;\"><em>En 2018, l\u2019int\u00e9gralit\u00e9 des recettes de CASA sera vers\u00e9e \u00e0 la CNSA, soit 765,4 millions d\u2019euros. La CASA permettra de financer :<\/em><\/p>\n<ul style=\"text-align: justify;\">\n<li><em>453,7 millions d\u2019euros pour revaloriser l\u2019APA \u00e0 domicile, c\u2019est-\u00e0-dire augmenter le nombre d\u2019heures d\u2019aide \u00e0 domicile pour les personnes \u00e2g\u00e9es qui en ont le plus besoin et diminuer le niveau de participation financi\u00e8re des personnes (versement aux conseils d\u00e9partementaux) ;<\/em><\/li>\n<li><em>180 millions d\u2019euros pour des actions de pr\u00e9vention de la perte d\u2019autonomie &#8211; conf\u00e9rences des financeurs, forfait autonomie &#8211; (versement aux conseils d\u00e9partementaux) ;<\/em><\/li>\n<li><em>101 millions d\u2019euros pour financer les \u00e9tablissements et services m\u00e9dico-sociaux ;<\/em><\/li>\n<li><em>6 millions d\u2019euros pour renforcer l\u2019accompagnement des proches aidants de personnes \u00e2g\u00e9es en perte d\u2019autonomie et soutenir le d\u00e9veloppement de l\u2019accueil familial (versement aux conseils d\u00e9partementaux) ;<\/em><\/li>\n<li><em>5 millions d\u2019euros pour abonder les fonds d\u00e9partementaux de compensation du handicap ;<\/em><\/li>\n<\/ul>\n<p style=\"text-align: justify;\"><em>Lorsque la CASA n\u2019est pas totalement utilis\u00e9e, les recettes non-utilis\u00e9es restent pleinement affect\u00e9es \u00e0 la CNSA. Elles alimentent ses fonds propres qui contribuent au financement d\u2019autres actions au b\u00e9n\u00e9fice des personnes \u00e2g\u00e9es et des personnes handicap\u00e9es.\u00a0\u00bb<\/em><\/p>\n<p style=\"text-align: justify;\">Pour en savoir plus, cliquez <a href=\"https:\/\/www.cnsa.fr\/actualites-agenda\/actualites\/la-caisse-nationale-de-solidarite-pour-lautonomie-et-la-journee-nationale-de-solidarite\" target=\"_blank\" rel=\"noopener\">ici<\/a>.<\/p>\n","protected":false},"excerpt":{"rendered":"<p>Rappel\u00a0sur l\u2019instauration de la journ\u00e9e de solidarit\u00e9\u00a0en 2004 suite \u00e0 la canicule de 2003 : en contrepartie de cette journ\u00e9e travaill\u00e9e mais non pay\u00e9e, les employeurs &#8211; publics et priv\u00e9s &#8211; versent \u00e0 la Caisse nationale de solidarit\u00e9 pour l\u2019autonomie une contribution de 0,3% de la masse salariale (ce montant correspondant au surcro\u00eet de valeur [&hellip;]<\/p>\n","protected":false},"author":1,"featured_media":0,"comment_status":"closed","ping_status":"open","sticky":false,"template":"","format":"standard","meta":{"twitterCardType":"","cardImageID":0,"cardImage":"","cardTitle":"","cardDesc":"","cardImageAlt":"","cardPlayer":"","cardPlayerWidth":0,"cardPlayerHeight":0,"cardPlayerStream":"","cardPlayerCodec":"","footnotes":""},"categories":[62,11],"tags":[225,287,33,182],"class_list":["post-14284","post","type-post","status-publish","format-standard","hentry","category-le-rouge-le-vert-hebdo","category-politique-locale","tag-handicap","tag-personnes-agees","tag-social","tag-solidarite"],"_links":{"self":[{"href":"https:\/\/www.ades-grenoble.org\/wordpress\/wp-json\/wp\/v2\/posts\/14284","targetHints":{"allow":["GET"]}}],"collection":[{"href":"https:\/\/www.ades-grenoble.org\/wordpress\/wp-json\/wp\/v2\/posts"}],"about":[{"href":"https:\/\/www.ades-grenoble.org\/wordpress\/wp-json\/wp\/v2\/types\/post"}],"author":[{"embeddable":true,"href":"https:\/\/www.ades-grenoble.org\/wordpress\/wp-json\/wp\/v2\/users\/1"}],"replies":[{"embeddable":true,"href":"https:\/\/www.ades-grenoble.org\/wordpress\/wp-json\/wp\/v2\/comments?post=14284"}],"version-history":[{"count":1,"href":"https:\/\/www.ades-grenoble.org\/wordpress\/wp-json\/wp\/v2\/posts\/14284\/revisions"}],"predecessor-version":[{"id":14286,"href":"https:\/\/www.ades-grenoble.org\/wordpress\/wp-json\/wp\/v2\/posts\/14284\/revisions\/14286"}],"wp:attachment":[{"href":"https:\/\/www.ades-grenoble.org\/wordpress\/wp-json\/wp\/v2\/media?parent=14284"}],"wp:term":[{"taxonomy":"category","embeddable":true,"href":"https:\/\/www.ades-grenoble.org\/wordpress\/wp-json\/wp\/v2\/categories?post=14284"},{"taxonomy":"post_tag","embeddable":true,"href":"https:\/\/www.ades-grenoble.org\/wordpress\/wp-json\/wp\/v2\/tags?post=14284"}],"curies":[{"name":"wp","href":"https:\/\/api.w.org\/{rel}","templated":true}]}}