{"id":14295,"date":"2018-05-11T14:35:53","date_gmt":"2018-05-11T12:35:53","guid":{"rendered":"http:\/\/www.ades-grenoble.org\/wordpress\/?p=14295"},"modified":"2018-05-11T15:01:08","modified_gmt":"2018-05-11T13:01:08","slug":"avis-de-la-cncdh-sur-le-projet-de-loi-asile-immigration-dangereux-et-inadapte","status":"publish","type":"post","link":"https:\/\/www.ades-grenoble.org\/wordpress\/2018\/05\/11\/avis-de-la-cncdh-sur-le-projet-de-loi-asile-immigration-dangereux-et-inadapte\/","title":{"rendered":"Avis de la CNCDH sur le projet de loi \u00ab asile-immigration \u00bb : dangereux et inadapt\u00e9 !"},"content":{"rendered":"<p style=\"text-align: justify;\"><img loading=\"lazy\" decoding=\"async\" class=\"size-full wp-image-12769 alignleft\" src=\"http:\/\/www.ades-grenoble.org\/wordpress\/wp-content\/uploads\/2017\/03\/CNCDH.jpg\" alt=\"\" width=\"219\" height=\"126\" srcset=\"https:\/\/www.ades-grenoble.org\/wordpress\/wp-content\/uploads\/2017\/03\/CNCDH.jpg 219w, https:\/\/www.ades-grenoble.org\/wordpress\/wp-content\/uploads\/2017\/03\/CNCDH-150x86.jpg 150w\" sizes=\"auto, (max-width: 219px) 100vw, 219px\" \/>Dans un avis du 2 mai 2018, pris \u00e0 l\u2019unanimit\u00e9 en assembl\u00e9e pl\u00e9ni\u00e8re, La Commission nationale consultative des Droits de l\u2019homme (CNCDH) juge le projet de loi asile-immigration inadapt\u00e9 et dangereux au regard des objectifs poursuivis et du respect des droits et des libert\u00e9s fondamentales des personnes \u00e9trang\u00e8res pr\u00e9sentes sur le territoire.<\/p>\n<p style=\"text-align: justify;\">Au moment o\u00f9 le S\u00e9nat discute de ce projet de loi, l\u2019avis de la CNCDH doit \u00eatre entendu car elle est l\u2019institution nationale des Droits de l\u2019Homme fran\u00e7aise, cr\u00e9\u00e9e en 1947. Souhaitons que les parlementaires arr\u00eatent d\u2019amplifier les d\u00e9rives dangereuses pour notre d\u00e9mocratie et notre R\u00e9publique.<\/p>\n<p style=\"text-align: justify;\">Voici les titres du <a href=\"http:\/\/www.cncdh.fr\/sites\/default\/files\/180502_cp_pjl_asile_et_immigration_vdef.pdf\" target=\"_blank\" rel=\"noopener\">communiqu\u00e9 de presse pr\u00e9sentant l\u2019avis<\/a>\u00a0: \u00ab\u00a0<em>Les am\u00e9nagements pr\u00e9vus par le projet de loi sont contraires aux fondements de la proc\u00e9dure d\u2019asile. Le durcissement du r\u00e9gime d\u2019\u00e9loignement confine au bannissement des \u00e9trangers en situation irr\u00e9guli\u00e8re. Les mesures privatives de libert\u00e9 (r\u00e9tention administrative et assignation \u00e0 r\u00e9sidence) sont renforc\u00e9es. La vuln\u00e9rabilit\u00e9 sp\u00e9cifique des mineurs, accompagn\u00e9s ou non accompagn\u00e9s, et des jeunes majeurs isol\u00e9s est un des grands oublis du texte. Le d\u00e9lit de solidarit\u00e9 existe toujours. L\u2019\u00e9volution de la politique europ\u00e9enne d\u2019asile est tr\u00e8s inqui\u00e9tante.\u00a0<\/em>\u00bb<\/p>\n<p><!--more--><\/p>\n<p style=\"text-align: justify;\"><em>\u00ab\u00a0La Commission nationale consultative des droits de l\u2019homme est <\/em><em>une structure de l&rsquo;Etat qui assure en toute ind\u00e9pendance, aupr\u00e8s du gouvernement et du parlement un r\u00f4le de conseil et de proposition dans le domaine des droits de l\u2019homme, du droit et de l\u2019action humanitaire et du respect des garanties fondamentales accord\u00e9es aux citoyens pour l\u2019exercice des libert\u00e9s publiques. <\/em> <em>L\u2019ind\u00e9pendance de la CNCDH est inscrite dans la loi n\u00b02007-292 du 5 mars 2007. La CNCDH\u00a0est saisie ou se saisit de projets de loi ou de\u00a0propositions relatifs aux droits de l\u2019homme et au droit international humanitaire.<\/em><\/p>\n<p style=\"text-align: justify;\"><em>Elle est compos\u00e9e de 64 personnalit\u00e9s et repr\u00e9sentants d\u2019organisations issues de la soci\u00e9t\u00e9 civile. Elle est le reflet de la diversit\u00e9 des opinions s\u2019exprimant en France sur les questions li\u00e9es aux droits de l\u2019homme et du droit international humanitaire. Elle se consacre au respect et \u00e0 la mise en \u0153uvre des droits de l\u2019homme et du droit international humanitaire en France. Elle combat les atteintes aux libert\u00e9s publiques et aux droits fondamentaux. La CNCDH occupe ainsi une position unique dans le paysage institutionnel fran\u00e7ais\u2026<\/em><\/p>\n<p style=\"text-align: justify;\"><em><u>Politique migratoire et d&rsquo;asile : la France doit revoir sa copie.<\/u><\/em><\/p>\n<p style=\"text-align: justify;\"><em>A la veille de d\u00e9but de la discussion au S\u00e9nat sur le projet de loi \u00ab pour une immigration ma\u00eetris\u00e9e et un droit d\u2019asile effectif \u00bb, la <a href=\"http:\/\/www.cncdh.fr\/sites\/default\/files\/180502_avis_pjl_asile_et_immigration.pdf\" target=\"_blank\" rel=\"noopener\">Commission nationale consultative des droits de l\u2019homme d\u00e9nonce un texte<\/a> \u00e0 la fois inadapt\u00e9 au regard des objectifs poursuivis et dangereux au regard du respect des droits et des libert\u00e9s fondamentales des personnes \u00e9trang\u00e8res pr\u00e9sentes sur le territoire fran\u00e7ais.<\/em><\/p>\n<p style=\"text-align: justify;\"><em>\u00ab\u00a0La France ne fait pas face \u00e0 une crise de l\u2019asile ni de l\u2019immigration mais \u00e0 une crise de ses politiques d\u2019asile et d\u2019immigration qui n\u2019ont cess\u00e9 de se complexifier depuis le d\u00e9but de ann\u00e9es 80, au d\u00e9triment du respect des droits et des libert\u00e9s fondamentales de milliers de femmes, d\u2019enfants et d\u2019hommes, qui arrivent, le plus souvent d\u00e9munis, en France m\u00e9tropolitaine et dans les Outre-mer,\u00a0affirme Christine Lazerges, pr\u00e9sidente de la CNCDH.\u00a0Tout en voulant tranquilliser une partie de la population, le gouvernement a \u00e9labor\u00e9 un texte inutile qui, bien loin de contribuer \u00e0 une meilleure int\u00e9gration, fragilise la coh\u00e9sion nationale, et n\u2019exprime en rien les valeurs essentielles de notre R\u00e9publique.\u00a0\u00bb<\/em><\/p>\n<p style=\"text-align: justify;\"><em>Par le pr\u00e9sent avis sur le projet de loi \u00ab\u00a0pour une immigration ma\u00eetris\u00e9e et un droit d\u2019asile effectif\u00a0\u00bb, la CNCDH souhaite alerter le gouvernement sur un certain nombre de dispositions du projet de loi gravement attentatoires aux droits fondamentaux qu\u2019elle a pour mission de prot\u00e9ger et promouvoir. La CNCDH entend attirer l\u2019attention du gouvernement d\u2019une part sur la r\u00e9gression de l\u2019effectivit\u00e9 du droit d\u2019asile (I) et d\u2019autre part sur l\u2019alt\u00e9ration des droits des \u00e9trangers (II).<\/em><\/p>\n<p style=\"text-align: justify;\"><em>Elle formule 37 recommandations.\u00a0\u00bb<\/em><\/p>\n","protected":false},"excerpt":{"rendered":"<p>Dans un avis du 2 mai 2018, pris \u00e0 l\u2019unanimit\u00e9 en assembl\u00e9e pl\u00e9ni\u00e8re, La Commission nationale consultative des Droits de l\u2019homme (CNCDH) juge le projet de loi asile-immigration inadapt\u00e9 et dangereux au regard des objectifs poursuivis et du respect des droits et des libert\u00e9s fondamentales des personnes \u00e9trang\u00e8res pr\u00e9sentes sur le territoire. Au moment o\u00f9 [&hellip;]<\/p>\n","protected":false},"author":1,"featured_media":0,"comment_status":"closed","ping_status":"open","sticky":false,"template":"","format":"standard","meta":{"twitterCardType":"","cardImageID":0,"cardImage":"","cardTitle":"","cardDesc":"","cardImageAlt":"","cardPlayer":"","cardPlayerWidth":0,"cardPlayerHeight":0,"cardPlayerStream":"","cardPlayerCodec":"","footnotes":""},"categories":[62,11],"tags":[196,192,166],"class_list":["post-14295","post","type-post","status-publish","format-standard","hentry","category-le-rouge-le-vert-hebdo","category-politique-locale","tag-etat","tag-immigration","tag-loi"],"_links":{"self":[{"href":"https:\/\/www.ades-grenoble.org\/wordpress\/wp-json\/wp\/v2\/posts\/14295","targetHints":{"allow":["GET"]}}],"collection":[{"href":"https:\/\/www.ades-grenoble.org\/wordpress\/wp-json\/wp\/v2\/posts"}],"about":[{"href":"https:\/\/www.ades-grenoble.org\/wordpress\/wp-json\/wp\/v2\/types\/post"}],"author":[{"embeddable":true,"href":"https:\/\/www.ades-grenoble.org\/wordpress\/wp-json\/wp\/v2\/users\/1"}],"replies":[{"embeddable":true,"href":"https:\/\/www.ades-grenoble.org\/wordpress\/wp-json\/wp\/v2\/comments?post=14295"}],"version-history":[{"count":1,"href":"https:\/\/www.ades-grenoble.org\/wordpress\/wp-json\/wp\/v2\/posts\/14295\/revisions"}],"predecessor-version":[{"id":14296,"href":"https:\/\/www.ades-grenoble.org\/wordpress\/wp-json\/wp\/v2\/posts\/14295\/revisions\/14296"}],"wp:attachment":[{"href":"https:\/\/www.ades-grenoble.org\/wordpress\/wp-json\/wp\/v2\/media?parent=14295"}],"wp:term":[{"taxonomy":"category","embeddable":true,"href":"https:\/\/www.ades-grenoble.org\/wordpress\/wp-json\/wp\/v2\/categories?post=14295"},{"taxonomy":"post_tag","embeddable":true,"href":"https:\/\/www.ades-grenoble.org\/wordpress\/wp-json\/wp\/v2\/tags?post=14295"}],"curies":[{"name":"wp","href":"https:\/\/api.w.org\/{rel}","templated":true}]}}