{"id":14325,"date":"2018-05-18T16:39:50","date_gmt":"2018-05-18T14:39:50","guid":{"rendered":"http:\/\/www.ades-grenoble.org\/wordpress\/?p=14325"},"modified":"2018-05-18T17:16:30","modified_gmt":"2018-05-18T15:16:30","slug":"lavenir-dathanor-et-de-lincineration-des-dechets","status":"publish","type":"post","link":"https:\/\/www.ades-grenoble.org\/wordpress\/2018\/05\/18\/lavenir-dathanor-et-de-lincineration-des-dechets\/","title":{"rendered":"L\u2019avenir d\u2019Athanor et de l\u2019incin\u00e9ration des d\u00e9chets"},"content":{"rendered":"<p style=\"text-align: justify;\"><img loading=\"lazy\" decoding=\"async\" class=\"size-full wp-image-14326 alignleft\" src=\"http:\/\/www.ades-grenoble.org\/wordpress\/wp-content\/uploads\/2018\/05\/Athanor.jpg\" alt=\"\" width=\"289\" height=\"217\" srcset=\"https:\/\/www.ades-grenoble.org\/wordpress\/wp-content\/uploads\/2018\/05\/Athanor.jpg 289w, https:\/\/www.ades-grenoble.org\/wordpress\/wp-content\/uploads\/2018\/05\/Athanor-150x113.jpg 150w\" sizes=\"auto, (max-width: 289px) 100vw, 289px\" \/>Le 10 novembre 2017, le Conseil de m\u00e9tropole adopte la feuille de route de son sch\u00e9ma directeur d\u00e9chets 2020-2030. Une politique volontariste organisera une forte diminution du volume des d\u00e9chets non recyclables et donc le volume \u00e0 incin\u00e9rer provenant de l\u2019agglom\u00e9ration va diminuer ainsi que la chaleur produite utilis\u00e9e par le chauffage urbain. La M\u00e9tro envisageait de chercher des partenariats aupr\u00e8s d\u2019autres collectivit\u00e9s pour r\u00e9aliser une d\u00e9marche commune et une mutualisation des futurs outils industriels de tri et d\u2019incin\u00e9ration afin de partager les investissements et les co\u00fbts d\u2019exploitation. Il \u00e9tait pr\u00e9vu de constituer un groupement d\u2019autorit\u00e9s conc\u00e9dantes qui pourrait passer un contrat de concession pour exploiter et r\u00e9aliser les nouveaux outils.<\/p>\n<p><!--more--><\/p>\n<p style=\"text-align: justify;\">La M\u00e9tro annonce que cette coop\u00e9ration entre EPCI est en route\u00a0: <em>\u00ab\u00a0<\/em><em>Sept collectivit\u00e9s du Sud-Is\u00e8re, repr\u00e9sentant 60 % de la population du d\u00e9partement soit pr\u00e8s de 740 000 habitants, ont donc d\u00e9cid\u00e9 de faire face ensemble : Grenoble-Alpes M\u00e9tropole, Le Gr\u00e9sivaudan, le Pays Voironnais, Saint-Marcellin Vercors Is\u00e8re Communaut\u00e9, la Communaut\u00e9 de communes de l\u2019Oisans, la Communaut\u00e9 de communes du Tri\u00e8ves et la Communaut\u00e9 de communes de la Matheysine\u00a0\u00bb.<\/em> La coop\u00e9ration vise la reconstruction de l\u2019usine d\u2019incin\u00e9ration et la modernisation du centre de tri d\u2019Athanor. Les investissements dans les outils industriels devraient atteindre 170 M\u20ac et l\u2019investissement total presque 250 M\u20ac.<\/p>\n<p style=\"text-align: justify;\"><em>\u00ab\u00a0Parmi les premiers projets qui devraient voir le jour, l\u2019usine d\u2019incin\u00e9ration d\u2019Athanor, propri\u00e9t\u00e9 de la M\u00e9tropole, sera int\u00e9gralement reconstruite d\u2019ici 2024 et dimensionn\u00e9e pour traiter 146 000 tonnes de d\u00e9chets par an, contre 180 000 tonnes aujourd\u2019hui, selon les pr\u00e9visions de chaque collectivit\u00e9. Soit un investissement pr\u00e9visionnel d\u2019environ 138 M\u20ac (HT).<\/em><\/p>\n<p style=\"text-align: justify;\"><em>\u00c0 l\u2019inverse, le centre de tri qui arrive aujourd\u2019hui \u00e0 saturation, verra sa capacit\u00e9 de traitement passer de 40 000 tonnes de d\u00e9chets par an \u00e0 55 000 tonnes \u00e0 l\u2019horizon 2026 gr\u00e2ce \u00e0 un investissement de 22 M\u20ac (HT).<\/em><\/p>\n<p style=\"text-align: justify;\"><em>D\u2019autres r\u00e9flexions sont \u00e9galement men\u00e9es telles que la transformation de l\u2019usine de Murianette en installation de m\u00e9thanisation et compostage de d\u00e9chets alimentaires, la modernisation du site de compostage de la Buisse situ\u00e9e dans le Pays Voironnais ou la logistique du transport des d\u00e9chets.\u00a0\u00bb<\/em><\/p>\n<p style=\"text-align: justify;\">Les 3 lignes d\u2019incin\u00e9ration de 8 t\/h vont \u00eatre remplac\u00e9es par 2 lignes de 2 x 9 t\/h mises en service en 2025. La chaleur valoris\u00e9e par le chauffage urbain diminuera de 308 GWh\/an actuellement \u00e0 environ 260 Gwh\/an en 2030. Cot\u00e9 chauffage urbain, l\u2019arriv\u00e9e de la centrale Biomax permettra de compenser cette perte de production de chaleur et le classement du r\u00e9seau qui a \u00e9t\u00e9 d\u00e9cid\u00e9 compensera les \u00e9conomies d\u2019\u00e9nergie effectu\u00e9es sur le r\u00e9seau de chauffage actuel, ce qui devrait permettre au chauffage urbain d\u2019avoir un tarif qui devrait rester comp\u00e9titif \u00e0 l\u2019avenir.<\/p>\n","protected":false},"excerpt":{"rendered":"<p>Le 10 novembre 2017, le Conseil de m\u00e9tropole adopte la feuille de route de son sch\u00e9ma directeur d\u00e9chets 2020-2030. Une politique volontariste organisera une forte diminution du volume des d\u00e9chets non recyclables et donc le volume \u00e0 incin\u00e9rer provenant de l\u2019agglom\u00e9ration va diminuer ainsi que la chaleur produite utilis\u00e9e par le chauffage urbain. La M\u00e9tro [&hellip;]<\/p>\n","protected":false},"author":1,"featured_media":0,"comment_status":"closed","ping_status":"open","sticky":false,"template":"","format":"standard","meta":{"twitterCardType":"","cardImageID":0,"cardImage":"","cardTitle":"","cardDesc":"","cardImageAlt":"","cardPlayer":"","cardPlayerWidth":0,"cardPlayerHeight":0,"cardPlayerStream":"","cardPlayerCodec":"","footnotes":""},"categories":[62,11],"tags":[27,158,280],"class_list":["post-14325","post","type-post","status-publish","format-standard","hentry","category-le-rouge-le-vert-hebdo","category-politique-locale","tag-cie-de-chauffage","tag-dechets","tag-metropole"],"_links":{"self":[{"href":"https:\/\/www.ades-grenoble.org\/wordpress\/wp-json\/wp\/v2\/posts\/14325","targetHints":{"allow":["GET"]}}],"collection":[{"href":"https:\/\/www.ades-grenoble.org\/wordpress\/wp-json\/wp\/v2\/posts"}],"about":[{"href":"https:\/\/www.ades-grenoble.org\/wordpress\/wp-json\/wp\/v2\/types\/post"}],"author":[{"embeddable":true,"href":"https:\/\/www.ades-grenoble.org\/wordpress\/wp-json\/wp\/v2\/users\/1"}],"replies":[{"embeddable":true,"href":"https:\/\/www.ades-grenoble.org\/wordpress\/wp-json\/wp\/v2\/comments?post=14325"}],"version-history":[{"count":1,"href":"https:\/\/www.ades-grenoble.org\/wordpress\/wp-json\/wp\/v2\/posts\/14325\/revisions"}],"predecessor-version":[{"id":14327,"href":"https:\/\/www.ades-grenoble.org\/wordpress\/wp-json\/wp\/v2\/posts\/14325\/revisions\/14327"}],"wp:attachment":[{"href":"https:\/\/www.ades-grenoble.org\/wordpress\/wp-json\/wp\/v2\/media?parent=14325"}],"wp:term":[{"taxonomy":"category","embeddable":true,"href":"https:\/\/www.ades-grenoble.org\/wordpress\/wp-json\/wp\/v2\/categories?post=14325"},{"taxonomy":"post_tag","embeddable":true,"href":"https:\/\/www.ades-grenoble.org\/wordpress\/wp-json\/wp\/v2\/tags?post=14325"}],"curies":[{"name":"wp","href":"https:\/\/api.w.org\/{rel}","templated":true}]}}