{"id":14353,"date":"2018-05-25T14:04:52","date_gmt":"2018-05-25T12:04:52","guid":{"rendered":"http:\/\/www.ades-grenoble.org\/wordpress\/?p=14353"},"modified":"2018-05-25T17:37:11","modified_gmt":"2018-05-25T15:37:11","slug":"des-associations-de-personnes-handicapees-attaquent-letat-devant-le-conseil-de-leurope","status":"publish","type":"post","link":"https:\/\/www.ades-grenoble.org\/wordpress\/2018\/05\/25\/des-associations-de-personnes-handicapees-attaquent-letat-devant-le-conseil-de-leurope\/","title":{"rendered":"Des associations de personnes handicap\u00e9es attaquent l\u2019Etat devant le Conseil de l&rsquo;Europe"},"content":{"rendered":"<p style=\"text-align: justify;\"><img loading=\"lazy\" decoding=\"async\" class=\"size-full wp-image-14354 alignleft\" src=\"http:\/\/www.ades-grenoble.org\/wordpress\/wp-content\/uploads\/2018\/05\/forum-europeen-handicap.jpg\" alt=\"\" width=\"360\" height=\"170\" srcset=\"https:\/\/www.ades-grenoble.org\/wordpress\/wp-content\/uploads\/2018\/05\/forum-europeen-handicap.jpg 360w, https:\/\/www.ades-grenoble.org\/wordpress\/wp-content\/uploads\/2018\/05\/forum-europeen-handicap-150x71.jpg 150w, https:\/\/www.ades-grenoble.org\/wordpress\/wp-content\/uploads\/2018\/05\/forum-europeen-handicap-300x142.jpg 300w\" sizes=\"auto, (max-width: 360px) 100vw, 360px\" \/>Le Forum europ\u00e9en des personnes handicap\u00e9es et d&rsquo;inclusion Europe qui est soutenu par un collectif de cinq associations fran\u00e7aises &#8211; APF France Handicap, CLAPEAHA, FNATH, Unafam, Unapei &#8211; a d\u00e9pos\u00e9 une r\u00e9clamation devant le Conseil de l\u2019Europe pour faire condamner l\u2019Etat fran\u00e7ais pour violation des droits fondamentaux des personnes handicap\u00e9es. Cette d\u00e9marche est rendue possible par le protocole additionnel \u00e0 la Charte sociale europ\u00e9enne adopt\u00e9 en 1995.<\/p>\n<p style=\"text-align: justify;\"><em>\u00ab\u00a0L\u2019Etat fran\u00e7ais, signataire de textes internationaux qui l\u2019engagent, est responsable de l\u2019acc\u00e8s pour chaque citoyen handicap\u00e9 aux droits les plus fondamentaux. Or, un retard consid\u00e9rable a \u00e9t\u00e9 pris depuis des ann\u00e9es.<\/em><\/p>\n<p><!--more--><\/p>\n<p style=\"text-align: justify;\"><em>En 2018 en France, les personnes handicap\u00e9es voient leur situation sociale profond\u00e9ment impact\u00e9e et se d\u00e9grader.<\/em><\/p>\n<p style=\"text-align: justify;\"><em>Le d\u00e9faut de propositions de l\u2019Etat fran\u00e7ais les laisse\u00a0:<\/em><\/p>\n<ul style=\"text-align: justify;\">\n<li><em>priv\u00e9es de leurs droits d\u2019acc\u00e8s \u00e0 des services sp\u00e9cialis\u00e9s, \u00e0 des aides personnelles, mais \u00e9galement d\u2019acc\u00e8s au logement et d\u2019acc\u00e8s aux soins,<\/em><\/li>\n<li><em>expos\u00e9es \u00e0 la pauvret\u00e9,<\/em><\/li>\n<li><em>exclues de la soci\u00e9t\u00e9.<\/em><\/li>\n<\/ul>\n<p style=\"text-align: justify;\"><em>Les familles, qui doivent assumer l\u2019accompagnement de leur proche handicap\u00e9, sont quant \u00e0 elles fragilis\u00e9es socialement.<\/em><\/p>\n<p style=\"text-align: justify;\"><em>Leurs droits \u00e0 une protection sociale ne sont pas respect\u00e9s.<br \/>\nPour ce faire, une politique coordonn\u00e9e, transversale et d\u2019\u00e9valuation des besoins des personnes handicap\u00e9es est indispensable. Un plan d\u2019urgence doit \u00eatre d\u00e9velopp\u00e9 par l\u2019Etat fran\u00e7ais pour leur assurer un acc\u00e8s \u00e9gal et effectif aux services sociaux, aux soins, au logement, ainsi qu\u2019\u00e0 des aides \u00e0 l\u2019autonomie.<\/em><\/p>\n<p style=\"text-align: justify;\"><em>Le gouvernement actuel a promis de faire du handicap une priorit\u00e9. Les associations repr\u00e9sentant les personnes handicap\u00e9es et leurs familles attendent de lui un plan d\u2019action \u00e0 la mesure de la situation d\u2019isolement et de d\u00e9tresse des personnes handicap\u00e9es en France.\u00a0\u00bb<\/em><\/p>\n<p style=\"text-align: justify;\">Pour en savoir plus, cliquez <a href=\"http:\/\/www.unapei.org\/UrgenceHandicap-reclamation-collective-contre-l-Etat-francais-1782.html\" target=\"_blank\" rel=\"noopener\">ici<\/a>.<\/p>\n<p style=\"text-align: justify;\">\n","protected":false},"excerpt":{"rendered":"<p>Le Forum europ\u00e9en des personnes handicap\u00e9es et d&rsquo;inclusion Europe qui est soutenu par un collectif de cinq associations fran\u00e7aises &#8211; APF France Handicap, CLAPEAHA, FNATH, Unafam, Unapei &#8211; a d\u00e9pos\u00e9 une r\u00e9clamation devant le Conseil de l\u2019Europe pour faire condamner l\u2019Etat fran\u00e7ais pour violation des droits fondamentaux des personnes handicap\u00e9es. Cette d\u00e9marche est rendue possible [&hellip;]<\/p>\n","protected":false},"author":1,"featured_media":0,"comment_status":"closed","ping_status":"open","sticky":false,"template":"","format":"standard","meta":{"twitterCardType":"","cardImageID":0,"cardImage":"","cardTitle":"","cardDesc":"","cardImageAlt":"","cardPlayer":"","cardPlayerWidth":0,"cardPlayerHeight":0,"cardPlayerStream":"","cardPlayerCodec":"","footnotes":""},"categories":[62,11],"tags":[278,141,225],"class_list":["post-14353","post","type-post","status-publish","format-standard","hentry","category-le-rouge-le-vert-hebdo","category-politique-locale","tag-droits-humains","tag-europe","tag-handicap"],"_links":{"self":[{"href":"https:\/\/www.ades-grenoble.org\/wordpress\/wp-json\/wp\/v2\/posts\/14353","targetHints":{"allow":["GET"]}}],"collection":[{"href":"https:\/\/www.ades-grenoble.org\/wordpress\/wp-json\/wp\/v2\/posts"}],"about":[{"href":"https:\/\/www.ades-grenoble.org\/wordpress\/wp-json\/wp\/v2\/types\/post"}],"author":[{"embeddable":true,"href":"https:\/\/www.ades-grenoble.org\/wordpress\/wp-json\/wp\/v2\/users\/1"}],"replies":[{"embeddable":true,"href":"https:\/\/www.ades-grenoble.org\/wordpress\/wp-json\/wp\/v2\/comments?post=14353"}],"version-history":[{"count":1,"href":"https:\/\/www.ades-grenoble.org\/wordpress\/wp-json\/wp\/v2\/posts\/14353\/revisions"}],"predecessor-version":[{"id":14355,"href":"https:\/\/www.ades-grenoble.org\/wordpress\/wp-json\/wp\/v2\/posts\/14353\/revisions\/14355"}],"wp:attachment":[{"href":"https:\/\/www.ades-grenoble.org\/wordpress\/wp-json\/wp\/v2\/media?parent=14353"}],"wp:term":[{"taxonomy":"category","embeddable":true,"href":"https:\/\/www.ades-grenoble.org\/wordpress\/wp-json\/wp\/v2\/categories?post=14353"},{"taxonomy":"post_tag","embeddable":true,"href":"https:\/\/www.ades-grenoble.org\/wordpress\/wp-json\/wp\/v2\/tags?post=14353"}],"curies":[{"name":"wp","href":"https:\/\/api.w.org\/{rel}","templated":true}]}}