{"id":14413,"date":"2018-06-08T11:46:07","date_gmt":"2018-06-08T09:46:07","guid":{"rendered":"http:\/\/www.ades-grenoble.org\/wordpress\/?p=14413"},"modified":"2018-06-08T12:04:45","modified_gmt":"2018-06-08T10:04:45","slug":"politique-politicienne-126","status":"publish","type":"post","link":"https:\/\/www.ades-grenoble.org\/wordpress\/2018\/06\/08\/politique-politicienne-126\/","title":{"rendered":"Politique politicienne"},"content":{"rendered":"<p style=\"text-align: justify;\"><img loading=\"lazy\" decoding=\"async\" class=\"size-full wp-image-9634 alignleft\" src=\"http:\/\/www.ades-grenoble.org\/wordpress\/wp-content\/uploads\/2015\/01\/fou1.png\" alt=\"\" width=\"200\" height=\"234\" srcset=\"https:\/\/www.ades-grenoble.org\/wordpress\/wp-content\/uploads\/2015\/01\/fou1.png 200w, https:\/\/www.ades-grenoble.org\/wordpress\/wp-content\/uploads\/2015\/01\/fou1-128x150.png 128w\" sizes=\"auto, (max-width: 200px) 100vw, 200px\" \/>Les d\u00e9put\u00e9s macroniens sont tr\u00e8s perm\u00e9ables aux lobbies. Sur le glyphosate ils emp\u00eachent son interdiction sous 3 ans. Pourtant, Emmanuel Macron avait promis que la substance, principe actif du Roundup de Monsanto, serait interdite en France \u00ab\u00a0<em>d\u00e8s que des alternatives auront \u00e9t\u00e9 trouv\u00e9es, et au plus tard dans trois ans<\/em>\u00a0\u00bb, paroles, paroles\u2026<\/p>\n<p style=\"text-align: justify;\">Alors qu\u2019ils ont la majorit\u00e9 absolue, ils \u00e9taient 52 d\u00e9put\u00e9s sur 83 pr\u00e9sents pour voter sur l\u2019amendement qui pr\u00e9voyait l\u2019interdiction au 1<sup>er<\/sup> mai 2021\u00a0; les deux tiers du groupe \u00ab\u00a0en marche\u00a0\u00bb a vot\u00e9 contre l\u2019amendement propos\u00e9 par leur coll\u00e8gue \u00ab\u00a0en marche\u00a0\u00bb M. Orphelin qui expliquait\u00a0:<\/p>\n<p style=\"text-align: justify;\"><em>\u00ab\u00a0Cet amendement vise \u00e0 inscrire dans la loi les<\/em><em> engagements du Pr\u00e9sident de la R\u00e9publique concernant la sortie du glyphosate en trois ans lorsque des alternatives existent. En effet comme l\u2019a soulign\u00e9 Emmanuel Macron \u00ab je n\u2019imposerai jamais une sortie s\u2019il n\u2019y a pas d\u2019alternative cr\u00e9dible parce qu\u2019on ne peut pas laisser un agriculteur sans solution\u00a0\u00bb. Cet amendement inscrit donc aussi une p\u00e9riode de transition en permettant des d\u00e9rogations qui seront encadr\u00e9es par un travail conjoint entre les ministres charg\u00e9s de l\u2019agriculture, de l\u2019environnement et de la sant\u00e9.\u00a0\u00bb<\/em><\/p>\n<p><!--more--><\/p>\n<p style=\"text-align: justify;\">Il faut remarquer que les d\u00e9put\u00e9s dont les circonscriptions comprennent la m\u00e9tropole grenobloise \u00e9taient tous absents, ce qui leur \u00e9vitait de prendre position\u2026 Quel courage politique. En bon praticiens (MM. Veran et Colas-Roy) et praticienne (Mme E. Chalas) de la politique politicienne, ils ne se g\u00eanent pas pour donner des le\u00e7ons \u00e0 tout le monde.<\/p>\n<p style=\"text-align: justify;\">Laissons donc les g\u00e9ants de la chimie nous empoisonner \u00e0 petit feu\u2026Mais notons bien les noms des d\u00e9put\u00e9s qui ont laiss\u00e9 faire les lobbies contre l\u2019int\u00e9r\u00eat g\u00e9n\u00e9ral et la sant\u00e9 publique.<\/p>\n<p style=\"text-align: justify;\">Pour lire l\u2019amendement voir <a href=\"http:\/\/www.assemblee-nationale.fr\/15\/amendements\/0902\/AN\/1570.asp\" target=\"_blank\" rel=\"noopener\">ici<\/a>.<\/p>\n<p style=\"text-align: justify;\">et le r\u00e9sultat du scrutin <a href=\"http:\/\/www2.assemblee-nationale.fr\/scrutins\/detail\/(legislature)\/15\/(num)\/713\" target=\"_blank\" rel=\"noopener\">l\u00e0<\/a>.<\/p>\n","protected":false},"excerpt":{"rendered":"<p>Les d\u00e9put\u00e9s macroniens sont tr\u00e8s perm\u00e9ables aux lobbies. Sur le glyphosate ils emp\u00eachent son interdiction sous 3 ans. Pourtant, Emmanuel Macron avait promis que la substance, principe actif du Roundup de Monsanto, serait interdite en France \u00ab\u00a0d\u00e8s que des alternatives auront \u00e9t\u00e9 trouv\u00e9es, et au plus tard dans trois ans\u00a0\u00bb, paroles, paroles\u2026 Alors qu\u2019ils ont [&hellip;]<\/p>\n","protected":false},"author":1,"featured_media":0,"comment_status":"closed","ping_status":"open","sticky":false,"template":"","format":"standard","meta":{"twitterCardType":"","cardImageID":0,"cardImage":"","cardTitle":"","cardDesc":"","cardImageAlt":"","cardPlayer":"","cardPlayerWidth":0,"cardPlayerHeight":0,"cardPlayerStream":"","cardPlayerCodec":"","footnotes":""},"categories":[62,11],"tags":[247,54,182],"class_list":["post-14413","post","type-post","status-publish","format-standard","hentry","category-le-rouge-le-vert-hebdo","category-politique-locale","tag-parlement","tag-politique-droite-gauche","tag-solidarite"],"_links":{"self":[{"href":"https:\/\/www.ades-grenoble.org\/wordpress\/wp-json\/wp\/v2\/posts\/14413","targetHints":{"allow":["GET"]}}],"collection":[{"href":"https:\/\/www.ades-grenoble.org\/wordpress\/wp-json\/wp\/v2\/posts"}],"about":[{"href":"https:\/\/www.ades-grenoble.org\/wordpress\/wp-json\/wp\/v2\/types\/post"}],"author":[{"embeddable":true,"href":"https:\/\/www.ades-grenoble.org\/wordpress\/wp-json\/wp\/v2\/users\/1"}],"replies":[{"embeddable":true,"href":"https:\/\/www.ades-grenoble.org\/wordpress\/wp-json\/wp\/v2\/comments?post=14413"}],"version-history":[{"count":1,"href":"https:\/\/www.ades-grenoble.org\/wordpress\/wp-json\/wp\/v2\/posts\/14413\/revisions"}],"predecessor-version":[{"id":14414,"href":"https:\/\/www.ades-grenoble.org\/wordpress\/wp-json\/wp\/v2\/posts\/14413\/revisions\/14414"}],"wp:attachment":[{"href":"https:\/\/www.ades-grenoble.org\/wordpress\/wp-json\/wp\/v2\/media?parent=14413"}],"wp:term":[{"taxonomy":"category","embeddable":true,"href":"https:\/\/www.ades-grenoble.org\/wordpress\/wp-json\/wp\/v2\/categories?post=14413"},{"taxonomy":"post_tag","embeddable":true,"href":"https:\/\/www.ades-grenoble.org\/wordpress\/wp-json\/wp\/v2\/tags?post=14413"}],"curies":[{"name":"wp","href":"https:\/\/api.w.org\/{rel}","templated":true}]}}