{"id":14425,"date":"2018-06-08T12:03:43","date_gmt":"2018-06-08T10:03:43","guid":{"rendered":"http:\/\/www.ades-grenoble.org\/wordpress\/?p=14425"},"modified":"2018-06-08T12:06:04","modified_gmt":"2018-06-08T10:06:04","slug":"agenda-88","status":"publish","type":"post","link":"https:\/\/www.ades-grenoble.org\/wordpress\/2018\/06\/08\/agenda-88\/","title":{"rendered":"Agenda"},"content":{"rendered":"<p style=\"text-align: justify;\"><strong><img loading=\"lazy\" decoding=\"async\" class=\"size-full wp-image-14426 alignleft\" src=\"http:\/\/www.ades-grenoble.org\/wordpress\/wp-content\/uploads\/2018\/06\/Fete-des-Tuiles-2018.jpg\" alt=\"\" width=\"480\" height=\"252\" srcset=\"https:\/\/www.ades-grenoble.org\/wordpress\/wp-content\/uploads\/2018\/06\/Fete-des-Tuiles-2018.jpg 480w, https:\/\/www.ades-grenoble.org\/wordpress\/wp-content\/uploads\/2018\/06\/Fete-des-Tuiles-2018-150x79.jpg 150w, https:\/\/www.ades-grenoble.org\/wordpress\/wp-content\/uploads\/2018\/06\/Fete-des-Tuiles-2018-300x158.jpg 300w\" sizes=\"auto, (max-width: 480px) 100vw, 480px\" \/>F\u00eate des Tuiles samedi 9 juin : <\/strong><strong>Samedi 9 juin<\/strong>, les cours Jaur\u00e8s et Lib\u00e9ration s\u2019animent au rythme des associations et commer\u00e7ants grenoblois. Voir le programme <a href=\"http:\/\/www.grenoble.fr\/543-fete-des-tuiles.htm\" target=\"_blank\" rel=\"noopener\">ici<\/a>.<\/p>\n<hr \/>\n<p style=\"text-align: justify;\"><strong>Mercredi 13 juin, \u00e0 20h \u00e0 la Maison des habitants, salle\u00a0Ile-Verte, 37 bis rue Blanche-Monnier, \u00e0 l\u2019invitation de l\u2019association Anticor 38 et avec la participation de Raymond Avrillier. D\u00e9bat s<\/strong>ur la relation entre journalistes et lanceurs d\u2019alerte. Cette rencontre est ouverte \u00e0 tous et gratuite, sur inscription par courriel \u00e0 <a href=\"mailto:alerte@lelanceur.fr\">alerte@lelanceur.fr<\/a><\/p>\n<hr \/>\n<p style=\"text-align: justify;\"><strong>Mercredi 20 juin 2018 \u00e0 20h<\/strong> salle de conf\u00e9rence de la Maison des Associations, 6 rue Berthe de Boissieux 38000 Grenoble conf\u00e9rence sur le th\u00e8me \u00a0\u00bb <strong>Karl Marx penseur de l\u2019\u00e9cologie<\/strong> \u00a0\u00bb par Henri Pena-Ruiz, docteur en philosophie, ma\u00eetre de conf\u00e9rences \u00e0 l&rsquo;IEP de Paris. Soir\u00e9e organis\u00e9e par le Parti de Gauche de l\u2019Is\u00e8re<\/p>\n","protected":false},"excerpt":{"rendered":"<p>F\u00eate des Tuiles samedi 9 juin : Samedi 9 juin, les cours Jaur\u00e8s et Lib\u00e9ration s\u2019animent au rythme des associations et commer\u00e7ants grenoblois. Voir le programme ici. Mercredi 13 juin, \u00e0 20h \u00e0 la Maison des habitants, salle\u00a0Ile-Verte, 37 bis rue Blanche-Monnier, \u00e0 l\u2019invitation de l\u2019association Anticor 38 et avec la participation de Raymond Avrillier. [&hellip;]<\/p>\n","protected":false},"author":1,"featured_media":0,"comment_status":"closed","ping_status":"open","sticky":false,"template":"","format":"standard","meta":{"twitterCardType":"","cardImageID":0,"cardImage":"","cardTitle":"","cardDesc":"","cardImageAlt":"","cardPlayer":"","cardPlayerWidth":0,"cardPlayerHeight":0,"cardPlayerStream":"","cardPlayerCodec":"","footnotes":""},"categories":[62,11],"tags":[125],"class_list":["post-14425","post","type-post","status-publish","format-standard","hentry","category-le-rouge-le-vert-hebdo","category-politique-locale","tag-agenda"],"_links":{"self":[{"href":"https:\/\/www.ades-grenoble.org\/wordpress\/wp-json\/wp\/v2\/posts\/14425","targetHints":{"allow":["GET"]}}],"collection":[{"href":"https:\/\/www.ades-grenoble.org\/wordpress\/wp-json\/wp\/v2\/posts"}],"about":[{"href":"https:\/\/www.ades-grenoble.org\/wordpress\/wp-json\/wp\/v2\/types\/post"}],"author":[{"embeddable":true,"href":"https:\/\/www.ades-grenoble.org\/wordpress\/wp-json\/wp\/v2\/users\/1"}],"replies":[{"embeddable":true,"href":"https:\/\/www.ades-grenoble.org\/wordpress\/wp-json\/wp\/v2\/comments?post=14425"}],"version-history":[{"count":1,"href":"https:\/\/www.ades-grenoble.org\/wordpress\/wp-json\/wp\/v2\/posts\/14425\/revisions"}],"predecessor-version":[{"id":14427,"href":"https:\/\/www.ades-grenoble.org\/wordpress\/wp-json\/wp\/v2\/posts\/14425\/revisions\/14427"}],"wp:attachment":[{"href":"https:\/\/www.ades-grenoble.org\/wordpress\/wp-json\/wp\/v2\/media?parent=14425"}],"wp:term":[{"taxonomy":"category","embeddable":true,"href":"https:\/\/www.ades-grenoble.org\/wordpress\/wp-json\/wp\/v2\/categories?post=14425"},{"taxonomy":"post_tag","embeddable":true,"href":"https:\/\/www.ades-grenoble.org\/wordpress\/wp-json\/wp\/v2\/tags?post=14425"}],"curies":[{"name":"wp","href":"https:\/\/api.w.org\/{rel}","templated":true}]}}