{"id":14444,"date":"2018-06-15T14:46:44","date_gmt":"2018-06-15T12:46:44","guid":{"rendered":"http:\/\/www.ades-grenoble.org\/wordpress\/?p=14444"},"modified":"2018-06-15T15:14:05","modified_gmt":"2018-06-15T13:14:05","slug":"lautopartage-ca-marche-a-grenoble","status":"publish","type":"post","link":"https:\/\/www.ades-grenoble.org\/wordpress\/2018\/06\/15\/lautopartage-ca-marche-a-grenoble\/","title":{"rendered":"L\u2019autopartage, \u00e7a marche \u00e0 Grenoble"},"content":{"rendered":"<p style=\"text-align: justify;\"><img loading=\"lazy\" decoding=\"async\" class=\"size-full wp-image-14445 alignleft\" src=\"http:\/\/www.ades-grenoble.org\/wordpress\/wp-content\/uploads\/2018\/06\/citiz.jpg\" alt=\"\" width=\"380\" height=\"189\" srcset=\"https:\/\/www.ades-grenoble.org\/wordpress\/wp-content\/uploads\/2018\/06\/citiz.jpg 380w, https:\/\/www.ades-grenoble.org\/wordpress\/wp-content\/uploads\/2018\/06\/citiz-150x75.jpg 150w, https:\/\/www.ades-grenoble.org\/wordpress\/wp-content\/uploads\/2018\/06\/citiz-300x149.jpg 300w\" sizes=\"auto, (max-width: 380px) 100vw, 380px\" \/>Dans le panorama des transports et d\u00e9placements de la r\u00e9gion grenobloise, le point est fait sur le d\u00e9veloppement de l\u2019autopartage par la coop\u00e9rative Citiz Alpes Loire. Les voitures de Citiz ont parcouru en 2017, deux millions de kilom\u00e8tres et le nombre de trajets a augment\u00e9 de 16 % entre 2016 et 2017 atteignant plus de 25000 trajets.<\/p>\n<p style=\"text-align: justify;\"><em>\u00ab\u00a0L\u2019autopartage consiste \u00e0 partager l\u2019utilisation de v\u00e9hicules pour \u00e9viter la possession d\u2019une voiture qui serait peu utilis\u00e9e et ainsi inciter \u00e0 l\u2019utilisation d\u2019autres modes lorsque c\u2019est possible. Cela permet de r\u00e9duire les d\u00e9penses de d\u00e9placement pour l\u2019usager, de lib\u00e9rer de l\u2019espace public, de r\u00e9duire l\u2019usage de la voiture et de circuler avec des v\u00e9hicules moins polluants en ce qui concerne le service Citiz (v\u00e9hicules hybrides ou thermiques mais renouvel\u00e9s r\u00e9guli\u00e8rement).<\/em><\/p>\n<p style=\"text-align: justify;\"><em>Il se d\u00e9veloppe de deux mani\u00e8res : <\/em><\/p>\n<p style=\"text-align: justify;\"><em>Via le r\u00e9seau coop\u00e9ratif national Citiz qui f\u00e9d\u00e8re des soci\u00e9t\u00e9s proposant un service \u00e0 prix co\u00fbtant de partage de v\u00e9hicules tels qu\u2019\u00e0 Grenoble la SCIC (Soci\u00e9t\u00e9 Coop\u00e9rative d\u2019Int\u00e9r\u00eat Collectif) Citiz Alpes Loire. <\/em><\/p>\n<p style=\"text-align: justify;\"><em>Fin 2017, 100 v\u00e9hicules sont disponibles dans la m\u00e9tropole, 4 \u00e0 Voiron, 2 \u00e0 Crolles et 1 \u00e0 Pontcharra. <\/em><\/p>\n<p style=\"text-align: justify;\"><em>Via les sites de mise en relation de particulier \u00e0 particulier tels que OuiCar, Drivy, Koolicar, qui apportent un service plus \u00e9tendu mais d\u00e9pendant de la disponibilit\u00e9 des propri\u00e9taires de v\u00e9hicules. Le service g\u00e8re la r\u00e9servation, le contrat de location et l\u2019assurance. Les acteurs publics ne disposent pas de donn\u00e9es sur l\u2019usage de ces services priv\u00e9s. Par contre, Citiz Alpes Loire transmet des donn\u00e9es \u00e0 ses partenaires.<\/em><\/p>\n<p><!--more--><\/p>\n<p style=\"text-align: justify;\"><em>Le nombre de v\u00e9hicules en circulation est en progression dans la m\u00e9tropole grenobloise et \u00e0 Voiron, o\u00f9 la demande est assez importante (20 usages par voiture et par mois dans la M\u00e9tropole et 14 \u00e0 Voiron). Dans le Gr\u00e9sivaudan, le service a plus de mal \u00e0 d\u00e9coller avec 9 usages par voiture et par mois en moyenne. Les d\u00e9placements y sont plus longs en distance mais les r\u00e9servations plus courtes. Les usages y sont davantage professionnels. Sur l\u2019ensemble du p\u00e9rim\u00e8tre, le nombre de trajets a augment\u00e9 de 16 % et le nombre de kilom\u00e8tres parcourus de 21 % entre 2016 et 2017. La distance moyenne des trajets a augment\u00e9.<\/em><\/p>\n<p style=\"text-align: justify;\"><em>Le nombre de kilom\u00e8tres parcourus augmente progressivement, avec des variations saisonni\u00e8res relativement faibles. Une pointe de distance parcourue \u00e0 l\u2019\u00e9t\u00e9 2017, semble signifier que l\u2019autopartage a \u00e9t\u00e9 davantage utilis\u00e9 pour les loisirs qu\u2019en 2016, m\u00eame si en ao\u00fbt 2016, les trajets ont d\u00e9j\u00e0 \u00e9t\u00e9 plus longs que la normale.<\/em><\/p>\n<p style=\"text-align: justify;\"><em>Ma\u00a0ch\u00e8re\u00a0Auto est une solution propos\u00e9e par Citiz, de prise en autopartage de v\u00e9hicules appartenant \u00e0 des particuliers ou des entreprises \/ administrations, en les \u00e9quipant du syst\u00e8me embarqu\u00e9. Depuis son lancement : 27\u00a0v\u00e9hicules\u00a0particuliers\u00a0ont rejoint la flotte is\u00e9roise, ainsi que des v\u00e9hicules d\u2019entreprise<\/em><\/p>\n<p style=\"text-align: justify;\">Pour contacter Citiz, cliquez <a href=\"https:\/\/alpes-loire.citiz.coop\/\" target=\"_blank\" rel=\"noopener\">ici<\/a>.<\/p>\n","protected":false},"excerpt":{"rendered":"<p>Dans le panorama des transports et d\u00e9placements de la r\u00e9gion grenobloise, le point est fait sur le d\u00e9veloppement de l\u2019autopartage par la coop\u00e9rative Citiz Alpes Loire. Les voitures de Citiz ont parcouru en 2017, deux millions de kilom\u00e8tres et le nombre de trajets a augment\u00e9 de 16 % entre 2016 et 2017 atteignant plus de [&hellip;]<\/p>\n","protected":false},"author":1,"featured_media":0,"comment_status":"closed","ping_status":"open","sticky":false,"template":"","format":"standard","meta":{"twitterCardType":"","cardImageID":0,"cardImage":"","cardTitle":"","cardDesc":"","cardImageAlt":"","cardPlayer":"","cardPlayerWidth":0,"cardPlayerHeight":0,"cardPlayerStream":"","cardPlayerCodec":"","footnotes":""},"categories":[62,11],"tags":[5,242,122],"class_list":["post-14444","post","type-post","status-publish","format-standard","hentry","category-le-rouge-le-vert-hebdo","category-politique-locale","tag-deplacements","tag-developpement-durable","tag-pollution-atmospherique"],"_links":{"self":[{"href":"https:\/\/www.ades-grenoble.org\/wordpress\/wp-json\/wp\/v2\/posts\/14444","targetHints":{"allow":["GET"]}}],"collection":[{"href":"https:\/\/www.ades-grenoble.org\/wordpress\/wp-json\/wp\/v2\/posts"}],"about":[{"href":"https:\/\/www.ades-grenoble.org\/wordpress\/wp-json\/wp\/v2\/types\/post"}],"author":[{"embeddable":true,"href":"https:\/\/www.ades-grenoble.org\/wordpress\/wp-json\/wp\/v2\/users\/1"}],"replies":[{"embeddable":true,"href":"https:\/\/www.ades-grenoble.org\/wordpress\/wp-json\/wp\/v2\/comments?post=14444"}],"version-history":[{"count":1,"href":"https:\/\/www.ades-grenoble.org\/wordpress\/wp-json\/wp\/v2\/posts\/14444\/revisions"}],"predecessor-version":[{"id":14446,"href":"https:\/\/www.ades-grenoble.org\/wordpress\/wp-json\/wp\/v2\/posts\/14444\/revisions\/14446"}],"wp:attachment":[{"href":"https:\/\/www.ades-grenoble.org\/wordpress\/wp-json\/wp\/v2\/media?parent=14444"}],"wp:term":[{"taxonomy":"category","embeddable":true,"href":"https:\/\/www.ades-grenoble.org\/wordpress\/wp-json\/wp\/v2\/categories?post=14444"},{"taxonomy":"post_tag","embeddable":true,"href":"https:\/\/www.ades-grenoble.org\/wordpress\/wp-json\/wp\/v2\/tags?post=14444"}],"curies":[{"name":"wp","href":"https:\/\/api.w.org\/{rel}","templated":true}]}}