{"id":14479,"date":"2018-06-21T22:48:50","date_gmt":"2018-06-21T20:48:50","guid":{"rendered":"http:\/\/www.ades-grenoble.org\/wordpress\/?p=14479"},"modified":"2018-06-22T15:11:01","modified_gmt":"2018-06-22T13:11:01","slug":"lavenir-du-projet-neyrpic-a-saint-martin-dheres-en-question","status":"publish","type":"post","link":"https:\/\/www.ades-grenoble.org\/wordpress\/2018\/06\/21\/lavenir-du-projet-neyrpic-a-saint-martin-dheres-en-question\/","title":{"rendered":"L\u2019avenir du projet Neyrpic \u00e0 Saint Martin d\u2019H\u00e8res, en question !"},"content":{"rendered":"<p style=\"text-align: justify;\"><img loading=\"lazy\" decoding=\"async\" class=\"size-full wp-image-14480 alignleft\" src=\"http:\/\/www.ades-grenoble.org\/wordpress\/wp-content\/uploads\/2018\/06\/NonANeyrpic.jpg\" alt=\"\" width=\"350\" height=\"257\" srcset=\"https:\/\/www.ades-grenoble.org\/wordpress\/wp-content\/uploads\/2018\/06\/NonANeyrpic.jpg 350w, https:\/\/www.ades-grenoble.org\/wordpress\/wp-content\/uploads\/2018\/06\/NonANeyrpic-150x110.jpg 150w, https:\/\/www.ades-grenoble.org\/wordpress\/wp-content\/uploads\/2018\/06\/NonANeyrpic-300x220.jpg 300w\" sizes=\"auto, (max-width: 350px) 100vw, 350px\" \/>Le 20 juin a eu lieu sur le site Neyrpic une manifestation organis\u00e9e par Alternatiba, ANV COP21, le Collectif Neyrpic autrement et le R\u00e9seau Citoyen de Grenoble pour protester contre le projet de centre commercial et de loisir d\u2019un autre \u00e2ge et demander de reprendre le projet pour en faire un vrai centre-ville.<\/p>\n<p style=\"text-align: justify;\">Le permis de construire pour le centre commercial Neyrpic a \u00e9t\u00e9 sign\u00e9 par le maire de Saint Martin d\u2019H\u00e8res le 3 mai 2018. Des recours ont \u00e9t\u00e9 r\u00e9cemment d\u00e9pos\u00e9s au tribunal administratif de Grenoble contre des d\u00e9cisions pr\u00e9paratoires \u00e0 ce permis et si les recours aboutissent, le permis de construire se trouvera aussi atteint dans sa l\u00e9galit\u00e9.<\/p>\n<p style=\"text-align: justify;\">A notre connaissance, deux recours ont d\u00e9j\u00e0 \u00e9t\u00e9 d\u00e9pos\u00e9s. Un par des contribuables de l\u2019agglom\u00e9ration contre la d\u00e9lib\u00e9ration de la M\u00e9tro du 6 avril 2018 laquelle autorise le d\u00e9classement d\u2019un terrain (rue Galil\u00e9e) du domaine public de la M\u00e9tro et sa vente \u00e0 Territoires 38 qui le c\u00e8dera ensuite au promoteur APSYS. Le recours est fond\u00e9 sur le fait que la vente se fait \u00e0 un prix inf\u00e9rieur \u00e0 celui du march\u00e9.<\/p>\n<p style=\"text-align: justify;\"><!--more--><\/p>\n<p style=\"text-align: justify;\">Un autre recours port\u00e9 par une conseill\u00e8re municipale de Saint Martin d\u2019H\u00e8res et des \u00e9lus de la m\u00e9tropole qui avaient vot\u00e9 contre le protocole d\u2019accord entre la M\u00e9tro, la ville de Saint Martin d\u2019H\u00e8res, APSYS et sa filiale, les Halles Neyrpic. Ce recours se fonde sur la violation par ce protocole d\u2019accord de la libert\u00e9 du commerce et d\u2019entreprendre. En effet ce protocole veut r\u00e8glementer quelles enseignes auraient le droit de venir s\u2019implanter dans ce nouveau centre commercial et les enseignes de Grenoble \u00e9taient vis\u00e9es en premi\u00e8re ligne\u00a0: le promoteur s\u2019engageant \u00e0 ne pas les accepter dans son centre commercial.<\/p>\n<p style=\"text-align: justify;\">A noter que le d\u00e9classement et la vente du terrain de la M\u00e9tro (rue Galil\u00e9e) \u00e9taient autoris\u00e9s si et seulement si le protocole d\u2019accord \u00e9tait sign\u00e9 valablement. Si le protocole est d\u00e9clar\u00e9 ill\u00e9gal et il y a de fortes chances qu\u2019il le soit, le d\u00e9classement du domaine public sera annul\u00e9. Evidemment cette irr\u00e9gularit\u00e9 atteindrait alors le permis de construire qui ne peut pas exister sans que ce terrain m\u00e9tropolitain soit vendu au promoteur.<\/p>\n<p style=\"text-align: justify;\">Souhaitons que les services de la pr\u00e9fecture op\u00e8rent un contr\u00f4le de l\u00e9galit\u00e9 approfondi sur le d\u00e9classement et le protocole d\u2019accord.<\/p>\n<p style=\"text-align: justify;\">A suivre de tr\u00e8s pr\u00e8s\u2026<\/p>\n","protected":false},"excerpt":{"rendered":"<p>Le 20 juin a eu lieu sur le site Neyrpic une manifestation organis\u00e9e par Alternatiba, ANV COP21, le Collectif Neyrpic autrement et le R\u00e9seau Citoyen de Grenoble pour protester contre le projet de centre commercial et de loisir d\u2019un autre \u00e2ge et demander de reprendre le projet pour en faire un vrai centre-ville. Le permis [&hellip;]<\/p>\n","protected":false},"author":1,"featured_media":0,"comment_status":"closed","ping_status":"open","sticky":false,"template":"","format":"standard","meta":{"twitterCardType":"","cardImageID":0,"cardImage":"","cardTitle":"","cardDesc":"","cardImageAlt":"","cardPlayer":"","cardPlayerWidth":0,"cardPlayerHeight":0,"cardPlayerStream":"","cardPlayerCodec":"","footnotes":""},"categories":[62,11],"tags":[202,52,65],"class_list":["post-14479","post","type-post","status-publish","format-standard","hentry","category-le-rouge-le-vert-hebdo","category-politique-locale","tag-commerce","tag-justice-administrative","tag-urbanisme"],"_links":{"self":[{"href":"https:\/\/www.ades-grenoble.org\/wordpress\/wp-json\/wp\/v2\/posts\/14479","targetHints":{"allow":["GET"]}}],"collection":[{"href":"https:\/\/www.ades-grenoble.org\/wordpress\/wp-json\/wp\/v2\/posts"}],"about":[{"href":"https:\/\/www.ades-grenoble.org\/wordpress\/wp-json\/wp\/v2\/types\/post"}],"author":[{"embeddable":true,"href":"https:\/\/www.ades-grenoble.org\/wordpress\/wp-json\/wp\/v2\/users\/1"}],"replies":[{"embeddable":true,"href":"https:\/\/www.ades-grenoble.org\/wordpress\/wp-json\/wp\/v2\/comments?post=14479"}],"version-history":[{"count":1,"href":"https:\/\/www.ades-grenoble.org\/wordpress\/wp-json\/wp\/v2\/posts\/14479\/revisions"}],"predecessor-version":[{"id":14481,"href":"https:\/\/www.ades-grenoble.org\/wordpress\/wp-json\/wp\/v2\/posts\/14479\/revisions\/14481"}],"wp:attachment":[{"href":"https:\/\/www.ades-grenoble.org\/wordpress\/wp-json\/wp\/v2\/media?parent=14479"}],"wp:term":[{"taxonomy":"category","embeddable":true,"href":"https:\/\/www.ades-grenoble.org\/wordpress\/wp-json\/wp\/v2\/categories?post=14479"},{"taxonomy":"post_tag","embeddable":true,"href":"https:\/\/www.ades-grenoble.org\/wordpress\/wp-json\/wp\/v2\/tags?post=14479"}],"curies":[{"name":"wp","href":"https:\/\/api.w.org\/{rel}","templated":true}]}}