{"id":14525,"date":"2018-06-29T12:36:48","date_gmt":"2018-06-29T10:36:48","guid":{"rendered":"http:\/\/www.ades-grenoble.org\/wordpress\/?p=14525"},"modified":"2018-06-29T12:40:51","modified_gmt":"2018-06-29T10:40:51","slug":"un-pognon-de-dingue-efficace","status":"publish","type":"post","link":"https:\/\/www.ades-grenoble.org\/wordpress\/2018\/06\/29\/un-pognon-de-dingue-efficace\/","title":{"rendered":"Un \u00ab pognon de dingue \u00bb efficace !"},"content":{"rendered":"<p style=\"text-align: justify;\"><img loading=\"lazy\" decoding=\"async\" class=\"size-full wp-image-14453 alignleft\" src=\"http:\/\/www.ades-grenoble.org\/wordpress\/wp-content\/uploads\/2018\/06\/alternatives-economiques.jpg\" alt=\"\" width=\"286\" height=\"135\" srcset=\"https:\/\/www.ades-grenoble.org\/wordpress\/wp-content\/uploads\/2018\/06\/alternatives-economiques.jpg 286w, https:\/\/www.ades-grenoble.org\/wordpress\/wp-content\/uploads\/2018\/06\/alternatives-economiques-150x71.jpg 150w\" sizes=\"auto, (max-width: 286px) 100vw, 286px\" \/>Contrairement au <em>\u00ab\u00a0pognon de dingue<\/em>\u00bb d\u00e9pens\u00e9 dans le CICE (vers\u00e9 sans contrepartie aux entreprises) ou dans de nombreuses aides \u00e0 la \u00ab\u00a0machine \u00e9conomique\u00a0\u00bb et aux riches (imp\u00f4t sur la fortune disparu, diminution d\u2019imp\u00f4ts\u2026), les d\u00e9penses sociales critiqu\u00e9es par le gouvernement et attaqu\u00e9es par le Pr\u00e9sident de la R\u00e9publique pour pr\u00e9parer des \u00e9conomies, sont assez efficaces. Ceci est d\u00e9montr\u00e9 par de nombreuses \u00e9tudes prouvant que les in\u00e9galit\u00e9s de revenus sont nettement diminu\u00e9es par les aides sociales sous diverses formes. Si ces aides sociales \u00e9taient diminu\u00e9es, ce serait les plus fragiles \u00e0 \u00eatre atteint de plein fouet.<\/p>\n<p style=\"text-align: justify;\">Voir par exemple l\u2019article de trois \u00e9conomistes dans Alternatives Economiques du 13 juin\u00a0:<\/p>\n<p style=\"text-align: justify;\">\u00ab\u00a0<strong><em>Le mod\u00e8le social fran\u00e7ais n\u2019est sans doute pas parfait, mais il est assur\u00e9ment efficace<\/em>\u2026<\/strong><\/p>\n<p style=\"text-align: justify;\"><em>Les prestations sociales co\u00fbtent cher en effet, et sans doute le syst\u00e8me n\u2019est-il pas parfait. Mais il est loin d\u2019\u00eatre inefficace\u00a0! En 2014, les imp\u00f4ts et prestations sociales ont en effet fait baisser le taux de pauvret\u00e9 de 7,9\u00a0points. En clair, les aides sociales (et les imp\u00f4ts) ont permis \u00e0 4,9\u00a0millions de personnes de sortir de la pauvret\u00e9 cette ann\u00e9e-l\u00e0.<\/em><\/p>\n<p style=\"text-align: justify;\"><em>L\u2019efficacit\u00e9 du mod\u00e8le social fran\u00e7ais ressort encore mieux lorsqu\u2019on compare ses performances \u00e0 celle des autres pays europ\u00e9ens. Avec 13,6\u00a0% de pauvres dans la population, la France est bien en dessous de la moyenne europ\u00e9enne (17,3\u00a0%), de l\u2019Allemagne (16,5\u00a0%), du Royaume-Uni (15,9\u00a0%) ou encore de l\u2019Italie (20,6\u00a0%)\u2026<\/em><\/p>\n<p><!--more--><\/p>\n<p style=\"text-align: justify;\"><em>\u00a0Et qu\u2019on ne s\u2019y trompe pas\u00a0: c\u2019est bien le syst\u00e8me de redistribution fran\u00e7ais qui permet de limiter \u00e0 la fois la pauvret\u00e9 et les in\u00e9galit\u00e9s. Comme nous l\u2019avons d\u00e9taill\u00e9\u00a0<\/em><em><a href=\"https:\/\/www.alternatives-economiques.fr\/eloge-de-redistribution\/00081663\">dans un pr\u00e9c\u00e9dent article<\/a>, les 10\u00a0% de personnes les plus pauvres disposent d\u2019un niveau de vie moyen de 3\u00a0080\u00a0euros par an et par unit\u00e9 de consommation, contre 72\u00a0690\u00a0euros pour les 10\u00a0% les plus ais\u00e9es, soit 24 fois plus. Apr\u00e8s redistribution, ce rapport passe \u00e0 6\u00a0! Les 10\u00a0% les plus pauvres voient leur niveau de vie grimper \u00e0 9\u00a0860\u00a0euros tandis que celui du dixi\u00e8me le plus riche tombe \u00e0 55\u00a0800\u00a0euros. Et ce sont les prestations sociales qui sont le plus efficaces en la mati\u00e8re, comme le pr\u00e9cise l\u2019Insee.\u00bb<\/em><\/p>\n<p style=\"text-align: justify;\">Voir l&rsquo;article complet <a href=\"https:\/\/www.alternatives-economiques.fr\/modele-social-francais-bel-bien-efficace\/00085070#85070\" target=\"_blank\" rel=\"noopener\">ici<\/a>.<\/p>\n<h3 style=\"text-align: justify;\">Une autre intervention d\u00e9fendant une protection sociale solidaire<\/h3>\n<p style=\"text-align: justify;\">Les co-pr\u00e9sidents \u00ab\u00a0soci\u00e9t\u00e9 civile\u00a0\u00bb des groupes de travail cr\u00e9\u00e9s par le d\u00e9l\u00e9gu\u00e9 interminist\u00e9riel \u00e0 la pr\u00e9vention et \u00e0 la lutte contre la pauvret\u00e9 des enfants et des jeunes, O. Noblecourt, dans sa mission, (dont le Grenoblois M. Angotti) ont fait para\u00eetre <a href=\"http:\/\/www.protectionsocialesolidaire.org\/une-protection-sociale-solidaire-est-possible\" target=\"_blank\" rel=\"noopener\">une tribune sur le \u00ab\u00a0Mondes des Id\u00e9es\u00a0\u00bb et une p\u00e9tition associ\u00e9e<\/a>, en r\u00e9ponse \u00e0 la d\u00e9claration du Pr\u00e9sident de la R\u00e9publique sur le \u00ab\u00a0pognon de dingue\u00a0\u00bb<\/p>\n<p style=\"text-align: justify;\"><strong><em>\u00ab\u00a0Une protection sociale solidaire est possible<\/em><\/strong><\/p>\n<p style=\"text-align: justify;\"><em>Accus\u00e9e de tous les maux par certains, notre protection sociale serait d\u00e9pensi\u00e8re, inefficace et inadapt\u00e9e. Pourtant, elle sauve chaque jour des vies. En soixante-dix ans, la protection sociale a fait ses preuves pour effacer \u00ab\u00a0la peur du lendemain\u00a0\u00bb caus\u00e9e par la maladie, la vieillesse et parfois la pauvret\u00e9. Faut-il alors, pour mieux la d\u00e9fendre, jouer l&rsquo;immobilisme et fermer les yeux sur ses limites\u00a0?<\/em><\/p>\n<p style=\"text-align: justify;\"><em>Non. La protection sociale doit relever de nouveaux d\u00e9fis\u00a0: un ch\u00f4mage end\u00e9mique, un \u00e9tat de sant\u00e9 qui se d\u00e9grade pour une partie de la population, une h\u00e9morragie du syst\u00e8me hospitalier, une pauvret\u00e9 trop \u00e9lev\u00e9e, une concurrence accrue entre les pr\u00e9caires, des ph\u00e9nom\u00e8nes d&rsquo;enclavement et de s\u00e9gr\u00e9gation&#8230;<\/em><\/p>\n<p style=\"text-align: justify;\"><em>Cela doit changer\u00a0! Mais dans quel sens\u00a0? Le Pr\u00e9sident de la R\u00e9publique a prononc\u00e9 un discours \u00e0 la Mutualit\u00e9 le 13 juin qui pr\u00e9sente une \u00a0\u00bbtransformation\u00a0\u00bb en citant la pr\u00e9vention, la justice sociale, la dignit\u00e9, l&rsquo;universalit\u00e9, l&rsquo;\u00e9mancipation, l&rsquo;accompagnement, la responsabilisation&#8230;<\/em><\/p>\n<p style=\"text-align: justify;\"><em>Mais derri\u00e8re les mots impr\u00e9cis se cachent des interrogations majeures\u00a0: la pr\u00e9vention s&rsquo;additionne-t-elle ou remplace-t-elle le soin\u00a0? L&rsquo;universalit\u00e9 est-elle de haut niveau ou r\u00e9siduelle\u00a0? La responsabilisation des pauvres sugg\u00e8re-t-elle leur irresponsabilit\u00e9 actuelle, alors qu&rsquo;ils se battent et se d\u00e9battent contre un syst\u00e8me in\u00e9galitaire\u00a0? Quelle responsabilit\u00e9 des entreprises qui participent au syst\u00e8me \u00e0 travers la cotisation employeur\u00a0? Quelle responsabilit\u00e9 des plus riches d&rsquo;entre nous\u00a0?<\/em><\/p>\n<p style=\"text-align: justify;\"><em>Dans une soci\u00e9t\u00e9 o\u00f9 la justice sociale est li\u00e9e au travail r\u00e9mun\u00e9r\u00e9, quelle place fait-on \u00e0 ceux qui en sont marginalis\u00e9s ? En brandissant la menace insidieuse de la \u00a0\u00bbd\u00e9pense publique\u00a0\u00bb, s&rsquo;agit-il d&rsquo;abandonner le principe fondateur de la protection sociale \u00ab\u00a0de chacun selon ses moyens \u00e0 chacun selon ses besoins\u00a0\u00bb\u00a0?<\/em><\/p>\n<p style=\"text-align: justify;\"><em>Nous r\u00e9fl\u00e9chissons depuis plusieurs ann\u00e9es avec des personnes de toute condition \u2013 y compris des personnes subissant la pauvret\u00e9 &#8211; \u00e0 l&rsquo;avenir de notre syst\u00e8me de protection sociale. De ce travail, nous tirons une conviction\u00a0: il doit \u00eatre refond\u00e9 pour traduire notre interd\u00e9pendance et pr\u00e9server la paix. Celle-ci est mise en cause par la mont\u00e9e des in\u00e9galit\u00e9s, par ce sentiment diffus et venimeux que nous ne vivons plus dans un monde commun, que les r\u00e8gles du jeu sont pip\u00e9es entre ceux qui ont une place et ceux qui n&rsquo;en n&rsquo;ont pas. Pour cela, notre syst\u00e8me doit lutter contre la pauvret\u00e9, l\u2019exclusion et les in\u00e9galit\u00e9s qui minent notre coh\u00e9sion sociale.<\/em><\/p>\n<p style=\"text-align: justify;\"><em>Oui \u00e0 des droits concrets et accessibles attach\u00e9s \u00e0 chaque personne contribuant au bien commun\u00a0! Oui \u00e0 un accompagnement centr\u00e9 sur le d\u00e9veloppement du pouvoir d&rsquo;agir individuel et collectif des personnes concern\u00e9es ! Oui \u00e0 une universalit\u00e9 de haut niveau\u00a0! Oui \u00e0 une responsabilit\u00e9 collective et en premier lieu celle d&rsquo;un Etat qui renforce les solidarit\u00e9s\u00a0!<\/em><\/p>\n<p style=\"text-align: justify;\"><em>Mais oui aussi \u00e0 une d\u00e9mocratie sociale \u00e9largie \u00e0 tous les citoyens ! Oui \u00e0 une protection sociale qui prenne en compte les enjeux \u00e9cologiques pour \u00eatre r\u00e9ellement pr\u00e9ventive\u00a0! Oui enfin et surtout \u00e0 un partage des richesses qui est la condition sine qua non pour que ce ne soient pas les r\u00e8gles du march\u00e9 qui s&rsquo;imposent \u00e0 tous les \u00e2ges de notre vie, de la cr\u00e8che \u00e0 la maison de retraite\u00a0!<\/em><\/p>\n<p style=\"text-align: justify;\"><em>Un autre sc\u00e9nario est possible\u00a0: celui d&rsquo;une protection sociale solidaire qui se donne les moyens de prot\u00e9ger celles et ceux qui font face aux \u00ab\u00a0morsures de la vie\u00a0\u00bb, qui soutient leur pouvoir d&rsquo;agir dans chaque situation et qui r\u00e9affirme le caract\u00e8re inali\u00e9nable et sacr\u00e9 des droits fondamentaux. Nous sommes t\u00e9moins de l\u2019extraordinaire g\u00e9n\u00e9rosit\u00e9 des personnes en gal\u00e8re. Leur solidarit\u00e9 doit \u00eatre reconnue et valoris\u00e9e<\/em><\/p>\n<p style=\"text-align: justify;\"><em>Engag\u00e9s pour une protection sociale solidaire, nous proposons de nous assembler en signant cette tribune sur <u>www.protectionsocialesolidaire.org<\/u>, en mettant en commun nos propositions et en travaillant ensemble pour pr\u00e9server et r\u00e9inventer cet \u00e9l\u00e9ment fondateur de notre contrat social r\u00e9publicain.\u00a0<\/em><\/p>\n<p style=\"text-align: justify;\"><strong><em>Premiers signataires\u00a0:<\/em><\/strong><\/p>\n<p style=\"text-align: justify;\"><em>V\u00e9ronique Fayet, Pr\u00e9sidente Secours Catholique &#8211; Caritas France<\/em><\/p>\n<p style=\"text-align: justify;\"><em>Claudie Miller, Pr\u00e9sidente F\u00e9d\u00e9ration Nationale des Centres Sociaux <\/em><\/p>\n<p style=\"text-align: justify;\"><em>Pascale Caron, Pr\u00e9sidente R\u00e9seau des Accorderies de France <\/em><\/p>\n<p style=\"text-align: justify;\"><em>Emmanuel Bodinier, Coordinateur d&rsquo;AequitaZ <\/em><\/p>\n<p style=\"text-align: justify;\"><em>Matthieu Angotti, Co-Pr\u00e9sident Groupe de concertation Strat\u00e9gie Pauvret\u00e9<\/em><\/p>\n<p style=\"text-align: justify;\"><em>Christine Laconde, Co-Pr\u00e9sidente Groupe de concertation Strat\u00e9gie Pauvret\u00e9<\/em><\/p>\n<p style=\"text-align: justify;\"><em>Antoine Dulin, , Co-Pr\u00e9sident Groupe de concertation Strat\u00e9gie Pauvret\u00e9<\/em><\/p>\n<p style=\"text-align: justify;\"><em>Fran\u00e7ois Soulage, Pr\u00e9sident Alerte<\/em><\/p>\n<p style=\"text-align: justify;\"><em>Laurent Berger, Secr\u00e9taire g\u00e9n\u00e9ral CFDT<\/em><\/p>\n<p style=\"text-align: justify;\"><em>Louis Gallois, Pr\u00e9sident F\u00e9d\u00e9ration Acteurs Solidarit\u00e9<\/em><\/p>\n<p style=\"text-align: justify;\"><em>Laurent Desmard, Pr\u00e9sident Fondation Abb\u00e9 Pierre<\/em><\/p>\n<p style=\"text-align: justify;\"><em>Eric Pliez, Pr\u00e9sident Samu Social de Paris\u00a0\u00bb<\/em><\/p>\n<p style=\"text-align: justify;\"><strong>On peut noter aussi le rapport du <\/strong><strong><a href=\"http:\/\/www.hcfea.fr\/\" target=\"_blank\" rel=\"noopener\">Haut Conseil de la famille, de l&rsquo;enfance et de l&rsquo;\u00e2ge<\/a> (HCFEA)<\/strong>\u00a0: \u00ab\u00a0<em>LUTTER CONTRE LA PAUVRETE DES FAMILLES ET DES ENFANTS CONSTATS ET PROPOSITIONS DU HCFEA<\/em>\u00a0\u00bb du 5 juin 2018 qui ne propose pas de faire des \u00e9conomies sur les aides sociales\u00a0; au contraire il propose d\u2019am\u00e9liorer les aides financi\u00e8res aux familles pauvres. Pour le HCFEA il faudrait mobiliser 8,5 milliards d&rsquo;euros, si on veut que chaque famille vivant en-dessous du seuil de pauvret\u00e9 se voit attribuer un montant lui permettant juste d&rsquo;atteindre ce seuil\u00a0!<\/p>\n<p style=\"text-align: justify;\"><em>\u00ab\u00a0Notre syst\u00e8me de redistribution, notamment les prestations familiales et sociales, jouent pour leur part un r\u00f4le important en mati\u00e8re de lutte contre la pauvret\u00e9. Mais elles restent certainement \u00e0 am\u00e9liorer en ce qui concerne les familles monoparentales et les familles nombreuses, m\u00eame si le probl\u00e8me de fond reste celui de l\u2019insuffisance des revenus primaires, notamment ceux issus du travail.\u00a0\u00bb<\/em><\/p>\n","protected":false},"excerpt":{"rendered":"<p>Contrairement au \u00ab\u00a0pognon de dingue\u00bb d\u00e9pens\u00e9 dans le CICE (vers\u00e9 sans contrepartie aux entreprises) ou dans de nombreuses aides \u00e0 la \u00ab\u00a0machine \u00e9conomique\u00a0\u00bb et aux riches (imp\u00f4t sur la fortune disparu, diminution d\u2019imp\u00f4ts\u2026), les d\u00e9penses sociales critiqu\u00e9es par le gouvernement et attaqu\u00e9es par le Pr\u00e9sident de la R\u00e9publique pour pr\u00e9parer des \u00e9conomies, sont assez efficaces. [&hellip;]<\/p>\n","protected":false},"author":1,"featured_media":0,"comment_status":"closed","ping_status":"open","sticky":false,"template":"","format":"standard","meta":{"twitterCardType":"","cardImageID":0,"cardImage":"","cardTitle":"","cardDesc":"","cardImageAlt":"","cardPlayer":"","cardPlayerWidth":0,"cardPlayerHeight":0,"cardPlayerStream":"","cardPlayerCodec":"","footnotes":""},"categories":[62,11],"tags":[138,181,182],"class_list":["post-14525","post","type-post","status-publish","format-standard","hentry","category-le-rouge-le-vert-hebdo","category-politique-locale","tag-finances","tag-precarite","tag-solidarite"],"_links":{"self":[{"href":"https:\/\/www.ades-grenoble.org\/wordpress\/wp-json\/wp\/v2\/posts\/14525","targetHints":{"allow":["GET"]}}],"collection":[{"href":"https:\/\/www.ades-grenoble.org\/wordpress\/wp-json\/wp\/v2\/posts"}],"about":[{"href":"https:\/\/www.ades-grenoble.org\/wordpress\/wp-json\/wp\/v2\/types\/post"}],"author":[{"embeddable":true,"href":"https:\/\/www.ades-grenoble.org\/wordpress\/wp-json\/wp\/v2\/users\/1"}],"replies":[{"embeddable":true,"href":"https:\/\/www.ades-grenoble.org\/wordpress\/wp-json\/wp\/v2\/comments?post=14525"}],"version-history":[{"count":1,"href":"https:\/\/www.ades-grenoble.org\/wordpress\/wp-json\/wp\/v2\/posts\/14525\/revisions"}],"predecessor-version":[{"id":14526,"href":"https:\/\/www.ades-grenoble.org\/wordpress\/wp-json\/wp\/v2\/posts\/14525\/revisions\/14526"}],"wp:attachment":[{"href":"https:\/\/www.ades-grenoble.org\/wordpress\/wp-json\/wp\/v2\/media?parent=14525"}],"wp:term":[{"taxonomy":"category","embeddable":true,"href":"https:\/\/www.ades-grenoble.org\/wordpress\/wp-json\/wp\/v2\/categories?post=14525"},{"taxonomy":"post_tag","embeddable":true,"href":"https:\/\/www.ades-grenoble.org\/wordpress\/wp-json\/wp\/v2\/tags?post=14525"}],"curies":[{"name":"wp","href":"https:\/\/api.w.org\/{rel}","templated":true}]}}