{"id":14543,"date":"2018-07-06T14:59:04","date_gmt":"2018-07-06T12:59:04","guid":{"rendered":"http:\/\/www.ades-grenoble.org\/wordpress\/?p=14543"},"modified":"2018-07-06T15:04:36","modified_gmt":"2018-07-06T13:04:36","slug":"les-degats-profonds-de-la-corruption-a-grenoble-restent-encore-presents","status":"publish","type":"post","link":"https:\/\/www.ades-grenoble.org\/wordpress\/2018\/07\/06\/les-degats-profonds-de-la-corruption-a-grenoble-restent-encore-presents\/","title":{"rendered":"Les d\u00e9g\u00e2ts profonds de la corruption \u00e0 Grenoble restent encore pr\u00e9sents"},"content":{"rendered":"<p style=\"text-align: justify;\"><img loading=\"lazy\" decoding=\"async\" class=\"size-full wp-image-14492 alignleft\" src=\"http:\/\/www.ades-grenoble.org\/wordpress\/wp-content\/uploads\/2018\/06\/Carignon-cled12.jpg\" alt=\"\" width=\"450\" height=\"452\" srcset=\"https:\/\/www.ades-grenoble.org\/wordpress\/wp-content\/uploads\/2018\/06\/Carignon-cled12.jpg 450w, https:\/\/www.ades-grenoble.org\/wordpress\/wp-content\/uploads\/2018\/06\/Carignon-cled12-150x150.jpg 150w, https:\/\/www.ades-grenoble.org\/wordpress\/wp-content\/uploads\/2018\/06\/Carignon-cled12-300x300.jpg 300w, https:\/\/www.ades-grenoble.org\/wordpress\/wp-content\/uploads\/2018\/06\/Carignon-cled12-144x144.jpg 144w\" sizes=\"auto, (max-width: 450px) 100vw, 450px\" \/>Au moment o\u00f9 un papy corrompu r\u00eave de revenir aux \u00ab\u00a0affaires\u00a0\u00bb, nous estimons qu\u2019il est essentiel pour la m\u00e9moire collective de rappeler les faits qui se sont d\u00e9roul\u00e9s depuis les ann\u00e9es 1983-1995 et leurs cons\u00e9quences, dont certaines se poursuivent encore maintenant. De nombreux habitants, nouvellement arriv\u00e9s depuis 30 ans, ne sont pas au courant de ce qui s\u2019est pass\u00e9, et ne savent pas qui \u00e9taient ces corrompus qui ont r\u00e9gn\u00e9 sur la ville, l\u2019agglom\u00e9ration et le d\u00e9partement de l\u2019Is\u00e8re, qui sont aujourd\u2019hui les \u00ab\u00a0papys de la \u00ab\u00a0corruption-connection\u00a0\u00bb grenobloise\u00a0\u00bb.<\/p>\n<p style=\"text-align: justify;\"><strong>Nous sommes pour la r\u00e9insertion des d\u00e9linquants mais pas au milieu de leurs victimes<\/strong> qui sont ici les habitants, les contribuables et usagers des services publics qui vivent \u00e0 Grenoble et l\u2019agglom\u00e9ration, qui ont \u00e9t\u00e9 spoli\u00e9s durablement par les pratiques corruptives.<\/p>\n<p style=\"text-align: justify;\">N\u2019oublions pas que ces \u00ab\u00a0papys corrompus\u00a0\u00bb ont b\u00e9n\u00e9fici\u00e9 d\u2019importants enrichissements personnels qu\u2019ils n\u2019ont jamais rembours\u00e9s et ont permis d\u2019importants enrichissements des soci\u00e9t\u00e9s corruptrices qu\u2019elles n\u2019ont jamais rembours\u00e9s.<\/p>\n<p style=\"text-align: justify;\">Il est regrettable que la justice n\u2019ait pas exig\u00e9 les remboursements et pendant longtemps oubli\u00e9 de sanctionner les nombreux d\u00e9lits de prise ill\u00e9gale d\u2019int\u00e9r\u00eat, favoritisme, d\u00e9tournements de fonds publics, abus de confiance, qui atteignaient des sommes pharamineuses.<\/p>\n<p style=\"text-align: justify;\">Pour la m\u00e9moire collective rappelons quelques faits parmi des centaines d\u2019autres\u00a0: (<u>Annexes n\u00b0 1 et 2<\/u>)<\/p>\n<p><!--more--><\/p>\n<p style=\"text-align: justify;\">Il s\u2019agissait d\u2019un syst\u00e8me corruptif de grande ampleur, le maire en t\u00eate et 8 de ses adjoints ont \u00e9t\u00e9 mis en cause dans de multiples \u00ab\u00a0affaires\u00a0\u00bb. Ils ont tr\u00e8s mal g\u00e9r\u00e9 la ville et l\u2019ont lourdement endett\u00e9e.<\/p>\n<p style=\"text-align: justify;\"><strong> Carignon a voulu d\u00e9truire la piscine Jean Bron<\/strong>, nous l\u2019en avons emp\u00each\u00e9 avec l\u2019association SOS Piscine Jean Bron. Il a fait p\u00e9n\u00e9trer les grands groupes priv\u00e9s dans la gestion de nombreux services publics et il en reste des traces ind\u00e9l\u00e9biles\u00a0: par exemple les minorit\u00e9s de blocage dans les SEM de l\u2019\u00e9nergie pour les actionnaires priv\u00e9s, ce qui emp\u00eache la restructuration du capital de ces SEM, sans l\u2019accord des actionnaires priv\u00e9s.<\/p>\n<p style=\"text-align: justify;\"><strong>Une des cons\u00e9quences lourdes qui perdure depuis c\u2019est le poids de la dette de la ville<\/strong>. S\u2019il n\u2019y avait pas eu la corruption, la dette de notre ville serait environ moiti\u00e9 moindre. Ce qui veut dire que depuis 1995, la Ville de Grenoble paye deux fois trop d\u2019annuit\u00e9 de remboursement de sa dette\u00a0: actuellement c\u2019est 15 millions d\u2019euros qui sont perdus chaque ann\u00e9e par le budget de la ville \u00e0 cause du poids de la dette. Cette dette a \u00e9t\u00e9 stabilis\u00e9e depuis 1995 mais elle n\u2019a pas diminu\u00e9 car la ville n\u2019en avait plus les moyens financiers. (<u>Annexe n\u00b0 3<\/u>).<\/p>\n<p style=\"text-align: justify;\">Le prix de la corruption c\u2019est 12% des imp\u00f4ts des Grenoblois\u00b7es pay\u00e9s en plus depuis 1995\u00a0!<\/p>\n<p style=\"text-align: justify;\">Depuis les ann\u00e9es 1980, nos actions ont consist\u00e9 \u00e0 r\u00e9v\u00e9ler les malversations, \u00e0 les bloquer, y compris en faisant valoir nos droits en droit, \u00e0 en r\u00e9parer les d\u00e9g\u00e2ts, dans la mesure du possible, et \u00e0 reprendre le contr\u00f4le des services publics abandonn\u00e9s par corruption et ill\u00e9galit\u00e9s aux int\u00e9r\u00eats priv\u00e9s. <strong>Nous avons \u00e9t\u00e9 bien seuls \u00e0 mener ces actions tant la passivit\u00e9 avait gagn\u00e9 de nombreux \u00e9chelons de la soci\u00e9t\u00e9\u00a0: organismes de contr\u00f4le (dont le contr\u00f4le de l\u00e9galit\u00e9), assembl\u00e9es d\u00e9lib\u00e9rantes, justice, m\u00e9dias\u2026<\/strong><\/p>\n<p style=\"text-align: justify;\">Par exemple comme r\u00e9paration des d\u00e9g\u00e2ts r\u00e9ussie, la remunicipalisation de services de l\u2019eau et de l\u2019assainissement (suite \u00e0 notre mobilisation contre la corruption et les arrangements ill\u00e9gaux du PS en 1996) les usagers ont gagn\u00e9 des centaines de millions d\u2019euros dans leurs factures et retrouv\u00e9 des services r\u00e9ellement publics, contr\u00f4l\u00e9 par les \u00e9lus et les usagers.<\/p>\n<p style=\"text-align: justify;\"><strong>Aujourd\u2019hui, notre alerte consiste \u00e0 attirer l\u2019attention sur de nombreuses volont\u00e9s de retour aux responsabilit\u00e9s politiques dans la ville par des acteurs qui ont fait des d\u00e9g\u00e2ts consid\u00e9rables dans la gestion publique ou qui n\u2019ont pas voulu les r\u00e9parer. Les usager\u00b7es, contribuables et \u00e9lectrices \u00e9lecteurs doivent \u00eatre avertis de ce qu\u2019ont fait ces corrompus (aujourd\u2019hui \u00ab\u00a0conseils en affaires\u00a0\u00bb) et de leurs responsabilit\u00e9s qui les disqualifient pour revenir aux affaires publiques.<\/strong><\/p>\n<hr \/>\n<p style=\"text-align: justify;\"><strong><u>ANNEXE n\u00b0 1<\/u><\/strong><\/p>\n<p style=\"text-align: justify;\"><img loading=\"lazy\" decoding=\"async\" class=\"size-full wp-image-14548 aligncenter\" src=\"http:\/\/www.ades-grenoble.org\/wordpress\/wp-content\/uploads\/2018\/07\/systeme-corruptif.jpg\" alt=\"\" width=\"1110\" height=\"832\" srcset=\"https:\/\/www.ades-grenoble.org\/wordpress\/wp-content\/uploads\/2018\/07\/systeme-corruptif.jpg 1110w, https:\/\/www.ades-grenoble.org\/wordpress\/wp-content\/uploads\/2018\/07\/systeme-corruptif-150x112.jpg 150w, https:\/\/www.ades-grenoble.org\/wordpress\/wp-content\/uploads\/2018\/07\/systeme-corruptif-300x225.jpg 300w, https:\/\/www.ades-grenoble.org\/wordpress\/wp-content\/uploads\/2018\/07\/systeme-corruptif-768x576.jpg 768w, https:\/\/www.ades-grenoble.org\/wordpress\/wp-content\/uploads\/2018\/07\/systeme-corruptif-1024x768.jpg 1024w, https:\/\/www.ades-grenoble.org\/wordpress\/wp-content\/uploads\/2018\/07\/systeme-corruptif-600x450.jpg 600w\" sizes=\"auto, (max-width: 1110px) 100vw, 1110px\" \/><\/p>\n<hr \/>\n<p style=\"text-align: justify;\"><strong><u>ANNEXE n\u00b0 2\u00a0:<\/u><\/strong><\/p>\n<p style=\"text-align: justify;\"><strong>Les ill\u00e9galit\u00e9s de la droite Carignon maire (1983-1995) \u2013 pr\u00e9sident du SIEPARG (1983-1985) pr\u00e9sident de conseil g\u00e9n\u00e9ral (1985-1995) \u2013 d\u00e9put\u00e9 &#8211; ministre<\/strong><\/p>\n<ol style=\"text-align: justify;\">\n<li>1983-1995 Contrat CCIAG G\u00e9n\u00e9rale de chauffe 2012 T38 17 juillet 2012 RA 0501155<\/li>\n<li>1983-1995 Tarifs du chauffage urbain 2012 T38 17 juillet 2012 RA 0501155 T38 17 juillet 2012 ADES 0601971\u00a0; 1983-1995 Tarifs du chauffage urbain 2013 T38 16 janvier 2013 ADES 0803639 1103563<\/li>\n<li>1985-1995 Panneaux Decaux<\/li>\n<li>1985-1995 Sanisettes Decaux<\/li>\n<li>1986-1995 Privatisation de la r\u00e9gie municipale au profit de GEG Lyonnaise\u00a0: TA Grenoble, 27 octobre 1999, Avrillier, n\u00b0\u00a09901340\u00a0; TA Grenoble, 27 octobre 1999, Avrillier, n\u00b0\u00a09901415\u00a0; CAA Lyon, 11 juillet 2006, Avrillier, n\u00b0\u00a000LY00040, 00LY00041, 00LY00042, 00LY00045\u00a0; CE, 31 juillet 2009, ville de Grenoble et GEG c\/ Avrillier, n\u00b0296964\u00a0; 3 avenants (1987, 1991, 1994)<\/li>\n<li>1986-1991 Association Animation Sociale Grenoble et Grenobloise, gestion de fait CRC<\/li>\n<li>1988-1995 Concession c\u00e2ble \u00e0 Grenoble TV C\u00e2ble de la G\u00e9n\u00e9rale<\/li>\n<li>1988-1995 Gestion de la SEM PFI 2015 CRC 2015<\/li>\n<li>1989-1991 Embauches ill\u00e9gales charg\u00e9s de mission ville<\/li>\n<li>1989-1995 Privatisation de l\u2019eau \u00e0 la Lyonnaise<\/li>\n<li>1989 Tunnel Bouygues Carignon 1996 CE 30 septembre 1996 RA 115564 120350<\/li>\n<li>1990 Budget primitif 1990<\/li>\n<li>1990-1991 March\u00e9s extension UIOM \u00e0 la G\u00e9n\u00e9rale 1999 CE 11 octobre 1999 RA <strong>165510<\/strong><\/li>\n<li>1992 arr\u00eat\u00e9 de d\u00e9l\u00e9gation du maire<\/li>\n<li>1992 Concession parkings \u00e0 la G\u00e9n\u00e9rale Vinci dont parking de Verdun<\/li>\n<li>1992 Concession du stationnement sur voirie \u00e0 la G\u00e9n\u00e9rale<\/li>\n<li>1992 Compte administratif 1992<\/li>\n<li>1993 Budget primitif 1993<\/li>\n<li>1994 Reprise par la commune d\u2019emprunts de la Chambre de commerce<\/li>\n<li>1994 Acquisitions d\u2019\u0153uvres d\u2019art par le Mus\u00e9e<\/li>\n<\/ol>\n<p style=\"text-align: justify;\"><strong>Les ill\u00e9galit\u00e9s Carignon dans autres organismes<\/strong><\/p>\n<ol style=\"text-align: justify;\" start=\"21\">\n<li>March\u00e9 du Parc du Vercors<\/li>\n<li>1985-1995 Embauches ill\u00e9gales cabinet en surnombre d\u00e9partement cabinet<\/li>\n<\/ol>\n<p style=\"text-align: justify;\"><strong>Les ill\u00e9galit\u00e9s Carignon suites judiciaires<\/strong><\/p>\n<ol style=\"text-align: justify;\" start=\"23\">\n<li>D\u00e9tournements \u00e0 la SEM CCIAG et sa filiale Sinergie<\/li>\n<li>1985-1992 D\u00e9tournements \u00e0 GEG et ses filiales<\/li>\n<li>March\u00e9s du CHU et du parking du CHU<\/li>\n<li>D\u00e9tournements au CHU<\/li>\n<li>March\u00e9s de publicit\u00e9s SEMITAG<\/li>\n<li>March\u00e9s CHU dont parking<\/li>\n<li>1992 march\u00e9 chaleur CCIAG au CHU<\/li>\n<li>March\u00e9s routiers du d\u00e9partement<\/li>\n<li>Echangeur autoroutier Alpexpo 1999 TGI 13 juillet 1999 CC 30 avril 2009 emprunts et interm\u00e9diaire Pacary<\/li>\n<li>Embauches GID<\/li>\n<li>D\u00e9tournements GID<\/li>\n<li>March\u00e9 circuit automobile GID<\/li>\n<li>D\u00e9tournements VFD<\/li>\n<li>Adjoint et conseiller g\u00e9n\u00e9ral in\u00e9ligible mais \u00e9lu CE<\/li>\n<li>D\u00e9tournements au CODASE<\/li>\n<li>D\u00e9tournements SEM Parking Hoche<\/li>\n<\/ol>\n<p style=\"text-align: justify;\"><strong>Dossiers hors gestion publique Carignon<\/strong><\/p>\n<ol style=\"text-align: justify;\" start=\"39\">\n<li>Financements campagnes \u00e9lectorales<\/li>\n<li>Gestion comptes comit\u00e9 de soutien<\/li>\n<\/ol>\n<p style=\"text-align: justify;\"><strong>Les ill\u00e9galit\u00e9s Carignon suite, sans suites<\/strong><\/p>\n<ol style=\"text-align: justify;\">\n<li>1983-1990 Association Alpes Congr\u00e8s 1992 CRC 1992<\/li>\n<li>1985-1995 \u00ab\u00a0Concession\u00a0\u00bb Aquapole \u00e0 la Lyonnaise et la G\u00e9n\u00e9rale RA 1996 CRC<\/li>\n<li>1988 Privatisation des PFI 2015 CRC<\/li>\n<li>1983-1990 March\u00e9s OPALE 1990 rapport IGF 1987 et 1990 sur 1984-1990\u00a0; GFC Dumez GLITEC SERU 1987-1989 Camping de Sassenage<\/li>\n<li>1984-1990 Rivier<\/li>\n<li>1989 Camping OPALE de Sassenage 1990 IGF 1990<\/li>\n<li>1990 March\u00e9 exploitation UIOM et march\u00e9 chaleur<\/li>\n<li>1992 march\u00e9 Parking de Verdun G\u00e9n\u00e9rale Vinci<\/li>\n<li>March\u00e9 Parking du Mus\u00e9e<\/li>\n<li>1992 Parking Schuman Europole SEM 2000 cr\u00e9dit bail et march\u00e9 CRC 2005<\/li>\n<li>1989-1995 Association Grenoble Communication<\/li>\n<li>March\u00e9s du golf de Bresson CRC<\/li>\n<li>Faillite du FCGI RMO<\/li>\n<li>Vente de Grand\u2019Place RFIVG<\/li>\n<li>1990-2001 March\u00e9s extension Alpexpo 2005 CRC 2005<\/li>\n<li>D\u00e9l\u00e9gation compostage \u00e0 la G\u00e9n\u00e9rale<\/li>\n<li>D\u00e9l\u00e9gation tri \u00e0 la G\u00e9n\u00e9rale<\/li>\n<li>March\u00e9 restauration Sodexo<\/li>\n<li>1988-1995 Concession de la 2<sup>\u00e8me<\/sup> ligne de tramway \u00e0 SATURG et SATURG 2000<\/li>\n<li>1987-1991 Gestion de la SEM Grenoble 2000 et march\u00e9s de publicit\u00e9s CRC 1998<\/li>\n<li>Abattage des arbres de Bachelard<\/li>\n<li>Projet b\u00e2timent dans le parc Bachelard par GID<\/li>\n<li>1991 Projet destruction piscine municipale Jean Bron<\/li>\n<li>1983-1995 Gestion d\u2019Alpexpo et du Palais des Sports<\/li>\n<li>1983-1995 Gestion de l\u2019association Alpes Congr\u00e8s<\/li>\n<li>Associations Grenoble Culture<\/li>\n<li>Projet d\u2019acquisitions de rebus de Mc Donald Douglas via banque BII<\/li>\n<li>1992 Projet Pellerin SARI SEERI Lustucru<\/li>\n<li>Pr\u00eats sp\u00e9culateur immobilier station de ski Saint-Honor\u00e9 (Is\u00e8re)<\/li>\n<li>Filiales de GEG hors objet social<\/li>\n<li>Voyages \u00e0 l\u2019\u00e9tranger de familles d\u2019adjoints<\/li>\n<\/ol>\n<p style=\"text-align: justify;\"><strong>Atteintes \u00e0 l\u2019administration publique et aux biens communs<\/strong><\/p>\n<p style=\"text-align: justify;\">Attraits en justice : 8 adjoints, 7 maires, 7 conseillers g\u00e9n\u00e9raux, 5 directeurs g\u00e9n\u00e9raux et cabinets, 7 dirigeants d\u2019organismes parapublics, &gt;10 interm\u00e9diaires, &gt;20 patrons, 3 avocats, 2 notaires,<\/p>\n<p style=\"text-align: justify;\"><strong>La passivit\u00e9 du contr\u00f4le de l\u00e9galit\u00e9 dans la R\u00e9publique<\/strong><\/p>\n<ol style=\"text-align: justify;\">\n<li>Pr\u00e9fecture de l\u2019Is\u00e8re<\/li>\n<li>Chambre r\u00e9gionale des comptes, juge des comptes publics<\/li>\n<li>Tribunal administratif de Grenoble, juge de la l\u00e9galit\u00e9 des actes<\/li>\n<li>Procureur de la R\u00e9publique de Grenoble<\/li>\n<li>Tribunal de commerce de Grenoble<\/li>\n<li>Commissaires aux comptes, auxiliaire de justice<\/li>\n<\/ol>\n<p style=\"text-align: justify;\"><strong>La passivit\u00e9 des acteurs de la d\u00e9mocratie<\/strong><\/p>\n<ol style=\"text-align: justify;\">\n<li>Membres des assembl\u00e9es d\u00e9lib\u00e9rantes<\/li>\n<li>Membres des instances consultatives<\/li>\n<li>Directions publiques et directions des organismes para-publics<\/li>\n<li>Repr\u00e9sentants du personnel et syndicats<\/li>\n<li>Associations repr\u00e9sentatives<\/li>\n<li>Contribuables<\/li>\n<li>Usagers<\/li>\n<li>Journalistes et m\u00e9dias<\/li>\n<\/ol>\n<hr \/>\n<p style=\"text-align: justify;\"><strong><u>ANNEXE n\u00b0 3\u00a0: <\/u><\/strong><strong>Evolution de la dette de la ville entre 1982 et 2017<\/strong><\/p>\n<p style=\"text-align: justify;\"><strong>Entre 1995 et maintenant la dette n\u2019a augment\u00e9 (en moyenne) que de 0,5% par an.<\/strong><\/p>\n<p style=\"text-align: justify;\"><strong>Si la dette n\u2019avait augment\u00e9 que de 1,1% par an entre 1983 et 2017 elle ne serait que de 130 M\u20ac donc la moiti\u00e9 de celle actuelle.<\/strong><\/p>\n<p style=\"text-align: justify;\"><img loading=\"lazy\" decoding=\"async\" class=\"size-full wp-image-14545 aligncenter\" src=\"http:\/\/www.ades-grenoble.org\/wordpress\/wp-content\/uploads\/2018\/07\/dette-grenoble.jpg\" alt=\"\" width=\"925\" height=\"580\" srcset=\"https:\/\/www.ades-grenoble.org\/wordpress\/wp-content\/uploads\/2018\/07\/dette-grenoble.jpg 925w, https:\/\/www.ades-grenoble.org\/wordpress\/wp-content\/uploads\/2018\/07\/dette-grenoble-150x94.jpg 150w, https:\/\/www.ades-grenoble.org\/wordpress\/wp-content\/uploads\/2018\/07\/dette-grenoble-300x188.jpg 300w, https:\/\/www.ades-grenoble.org\/wordpress\/wp-content\/uploads\/2018\/07\/dette-grenoble-768x482.jpg 768w, https:\/\/www.ades-grenoble.org\/wordpress\/wp-content\/uploads\/2018\/07\/dette-grenoble-600x376.jpg 600w\" sizes=\"auto, (max-width: 925px) 100vw, 925px\" \/><\/p>\n<p style=\"text-align: justify;\">Le discours fallacieux tenu par le corrompu pour expliquer l\u2019endettement consiste \u00e0 faire croire que la ville a investi massivement durant cette p\u00e9riode et donc qu\u2019i fallait s\u2019endetter. La r\u00e9alit\u00e9 est tout autre\u00a0:<\/p>\n<p style=\"text-align: justify;\">Les d\u00e9penses d\u2019\u00e9quipement ont \u00e9t\u00e9 en moyenne de 35 M\u20ac par an ce qui n\u2019a rien d\u2019excessif.<\/p>\n<p style=\"text-align: justify;\"><img loading=\"lazy\" decoding=\"async\" class=\"size-full wp-image-14546 aligncenter\" src=\"http:\/\/www.ades-grenoble.org\/wordpress\/wp-content\/uploads\/2018\/07\/depenses-equipement-grenoble.jpg\" alt=\"\" width=\"1034\" height=\"601\" srcset=\"https:\/\/www.ades-grenoble.org\/wordpress\/wp-content\/uploads\/2018\/07\/depenses-equipement-grenoble.jpg 1034w, https:\/\/www.ades-grenoble.org\/wordpress\/wp-content\/uploads\/2018\/07\/depenses-equipement-grenoble-150x87.jpg 150w, https:\/\/www.ades-grenoble.org\/wordpress\/wp-content\/uploads\/2018\/07\/depenses-equipement-grenoble-300x174.jpg 300w, https:\/\/www.ades-grenoble.org\/wordpress\/wp-content\/uploads\/2018\/07\/depenses-equipement-grenoble-768x446.jpg 768w, https:\/\/www.ades-grenoble.org\/wordpress\/wp-content\/uploads\/2018\/07\/depenses-equipement-grenoble-1024x595.jpg 1024w, https:\/\/www.ades-grenoble.org\/wordpress\/wp-content\/uploads\/2018\/07\/depenses-equipement-grenoble-600x349.jpg 600w\" sizes=\"auto, (max-width: 1034px) 100vw, 1034px\" \/><\/p>\n<p style=\"text-align: justify;\">Une bonne gestion aurait limit\u00e9 le recours aux emprunts au strict n\u00e9cessaire en cherchant \u00e0 augmenter l\u2019\u00e9pargne afin de pouvoir rembourser les annuit\u00e9s et ne pas trop augmenter le stock de la dette. L\u2019augmentation des imp\u00f4ts qui a accabl\u00e9 alors les contribuables grenoblois (suite \u00e0 la fiscalisation du SIEPARG) auraient d\u00fb permettre de disposer d\u2019une \u00e9pargne nette positive mais les d\u00e9penses de fonctionnement, tr\u00e8s mal maitris\u00e9es par l\u2019ex\u00e9cutif, ont poursuivi leur augmentation continue, nettement plus rapidement que l\u2019inflation et plus rapidement que les recettes d\u2019o\u00f9 la diminution constat\u00e9e de l\u2019\u00e9pargne brute.<\/p>\n<p style=\"text-align: justify;\"><img loading=\"lazy\" decoding=\"async\" class=\"size-full wp-image-14547 aligncenter\" src=\"http:\/\/www.ades-grenoble.org\/wordpress\/wp-content\/uploads\/2018\/07\/epargnes-grenoble.jpg\" alt=\"\" width=\"1011\" height=\"612\" srcset=\"https:\/\/www.ades-grenoble.org\/wordpress\/wp-content\/uploads\/2018\/07\/epargnes-grenoble.jpg 1011w, https:\/\/www.ades-grenoble.org\/wordpress\/wp-content\/uploads\/2018\/07\/epargnes-grenoble-150x91.jpg 150w, https:\/\/www.ades-grenoble.org\/wordpress\/wp-content\/uploads\/2018\/07\/epargnes-grenoble-300x182.jpg 300w, https:\/\/www.ades-grenoble.org\/wordpress\/wp-content\/uploads\/2018\/07\/epargnes-grenoble-768x465.jpg 768w, https:\/\/www.ades-grenoble.org\/wordpress\/wp-content\/uploads\/2018\/07\/epargnes-grenoble-600x363.jpg 600w\" sizes=\"auto, (max-width: 1011px) 100vw, 1011px\" \/><\/p>\n<p style=\"text-align: justify;\">A noter qu\u2019en 1989 et 1990, l\u2019\u00e9pargne brute de la commune de Grenoble est devenue n\u00e9gative ce qui est ill\u00e9gal. La commune est alors en quasi faillite financi\u00e8re d\u2019o\u00f9 l\u2019invention du concept de ville maigre pour justifier le freinage des d\u00e9penses et les fortes augmentations des imp\u00f4ts directs et cach\u00e9s notamment dans les factures d\u2019eau. L\u2019\u00e9pargne va se redresser (merci les habitants !), mais le mal est fait ! La dette est l\u00e0, une des plus \u00e9lev\u00e9e des grandes villes de France et elle ne diminuera plus car la commune ne disposera plus des ressources pour le faire.<\/p>\n","protected":false},"excerpt":{"rendered":"<p>Au moment o\u00f9 un papy corrompu r\u00eave de revenir aux \u00ab\u00a0affaires\u00a0\u00bb, nous estimons qu\u2019il est essentiel pour la m\u00e9moire collective de rappeler les faits qui se sont d\u00e9roul\u00e9s depuis les ann\u00e9es 1983-1995 et leurs cons\u00e9quences, dont certaines se poursuivent encore maintenant. De nombreux habitants, nouvellement arriv\u00e9s depuis 30 ans, ne sont pas au courant de [&hellip;]<\/p>\n","protected":false},"author":1,"featured_media":0,"comment_status":"closed","ping_status":"open","sticky":false,"template":"","format":"standard","meta":{"twitterCardType":"","cardImageID":0,"cardImage":"","cardTitle":"","cardDesc":"","cardImageAlt":"","cardPlayer":"","cardPlayerWidth":0,"cardPlayerHeight":0,"cardPlayerStream":"","cardPlayerCodec":"","footnotes":""},"categories":[62,11],"tags":[30,215],"class_list":["post-14543","post","type-post","status-publish","format-standard","hentry","category-le-rouge-le-vert-hebdo","category-politique-locale","tag-corrompu","tag-grenoble"],"_links":{"self":[{"href":"https:\/\/www.ades-grenoble.org\/wordpress\/wp-json\/wp\/v2\/posts\/14543","targetHints":{"allow":["GET"]}}],"collection":[{"href":"https:\/\/www.ades-grenoble.org\/wordpress\/wp-json\/wp\/v2\/posts"}],"about":[{"href":"https:\/\/www.ades-grenoble.org\/wordpress\/wp-json\/wp\/v2\/types\/post"}],"author":[{"embeddable":true,"href":"https:\/\/www.ades-grenoble.org\/wordpress\/wp-json\/wp\/v2\/users\/1"}],"replies":[{"embeddable":true,"href":"https:\/\/www.ades-grenoble.org\/wordpress\/wp-json\/wp\/v2\/comments?post=14543"}],"version-history":[{"count":2,"href":"https:\/\/www.ades-grenoble.org\/wordpress\/wp-json\/wp\/v2\/posts\/14543\/revisions"}],"predecessor-version":[{"id":14550,"href":"https:\/\/www.ades-grenoble.org\/wordpress\/wp-json\/wp\/v2\/posts\/14543\/revisions\/14550"}],"wp:attachment":[{"href":"https:\/\/www.ades-grenoble.org\/wordpress\/wp-json\/wp\/v2\/media?parent=14543"}],"wp:term":[{"taxonomy":"category","embeddable":true,"href":"https:\/\/www.ades-grenoble.org\/wordpress\/wp-json\/wp\/v2\/categories?post=14543"},{"taxonomy":"post_tag","embeddable":true,"href":"https:\/\/www.ades-grenoble.org\/wordpress\/wp-json\/wp\/v2\/tags?post=14543"}],"curies":[{"name":"wp","href":"https:\/\/api.w.org\/{rel}","templated":true}]}}