{"id":14551,"date":"2018-07-06T15:01:41","date_gmt":"2018-07-06T13:01:41","guid":{"rendered":"http:\/\/www.ades-grenoble.org\/wordpress\/?p=14551"},"modified":"2018-07-06T15:04:42","modified_gmt":"2018-07-06T13:04:42","slug":"le-delit-de-solidarite-disparait-la-fraternite-est-de-valeur-constitutionnelle","status":"publish","type":"post","link":"https:\/\/www.ades-grenoble.org\/wordpress\/2018\/07\/06\/le-delit-de-solidarite-disparait-la-fraternite-est-de-valeur-constitutionnelle\/","title":{"rendered":"Le d\u00e9lit de solidarit\u00e9 disparait, la fraternit\u00e9 est de valeur constitutionnelle !"},"content":{"rendered":"<p style=\"text-align: justify;\"><img loading=\"lazy\" decoding=\"async\" class=\"size-full wp-image-9661 alignleft\" src=\"http:\/\/www.ades-grenoble.org\/wordpress\/wp-content\/uploads\/2015\/01\/conseilconstitutionnel.jpg\" alt=\"\" width=\"250\" height=\"136\" srcset=\"https:\/\/www.ades-grenoble.org\/wordpress\/wp-content\/uploads\/2015\/01\/conseilconstitutionnel.jpg 250w, https:\/\/www.ades-grenoble.org\/wordpress\/wp-content\/uploads\/2015\/01\/conseilconstitutionnel-150x82.jpg 150w\" sizes=\"auto, (max-width: 250px) 100vw, 250px\" \/>Le 6 juillet le Conseil Constitutionnel a pris une d\u00e9cision historique, il consacre le principe de fraternit\u00e9 comme principe de valeur constitutionnelle, comme l\u2019\u00e9taient les principes de libert\u00e9 et d\u2019\u00e9galit\u00e9. L\u2019administration et la justice doivent arr\u00eater les poursuites contre les habitants et les institutions qui aident les migrants pour des motifs purement humanitaire,<\/p>\n<p style=\"text-align: justify;\">Voici des extraits du communiqu\u00e9 du Conseil Constitutionnel \u00e0 ce propos\u00a0:<\/p>\n<p><strong><em>\u00ab\u00a0D\u00e9cision n\u00b0 2018-717\/718 QPC du 06 juillet 2018 &#8211; M. C\u00e9dric H. et autre [D\u00e9lit d&rsquo;aide \u00e0 l&rsquo;entr\u00e9e, \u00e0 la circulation ou au s\u00e9jour irr\u00e9guliers d&rsquo;un \u00e9tranger]<\/em><\/strong><\/p>\n<p style=\"text-align: justify;\"><em>Le Conseil constitutionnel consacre la valeur constitutionnelle du principe de fraternit\u00e9\u2026<\/em><\/p>\n<p style=\"text-align: justify;\"><em>Pour la premi\u00e8re fois, le Conseil constitutionnel a jug\u00e9 que la fraternit\u00e9 est un principe \u00e0 valeur constitutionnelle. Pour ce faire, il a rappel\u00e9 qu&rsquo;aux termes de son article 2 : \u00ab La devise de la R\u00e9publique est \u00ab\u00a0Libert\u00e9, \u00c9galit\u00e9, Fraternit\u00e9\u00a0\u00bb. La Constitution se r\u00e9f\u00e8re \u00e9galement, dans son pr\u00e9ambule et dans son article 72-3, \u00e0 l&rsquo;\u00ab id\u00e9al commun de libert\u00e9, d&rsquo;\u00e9galit\u00e9 et de fraternit\u00e9 \u00bb. Il d\u00e9coule de ce principe la libert\u00e9 d&rsquo;aider autrui, dans un but humanitaire, sans consid\u00e9ration de la r\u00e9gularit\u00e9 de son s\u00e9jour sur le territoire national.\u00a0<\/em><!--more--><\/p>\n<p style=\"text-align: justify;\"><em>Rappelant toutefois, selon sa jurisprudence constante, qu&rsquo;aucun principe non plus qu&rsquo;aucune r\u00e8gle de valeur constitutionnelle n&rsquo;assure aux \u00e9trangers des droits de caract\u00e8re g\u00e9n\u00e9ral et absolu d&rsquo;acc\u00e8s et de s\u00e9jour sur le territoire national et qu&rsquo;en outre, l&rsquo;objectif de lutte contre l&rsquo;immigration irr\u00e9guli\u00e8re participe de la sauvegarde de l&rsquo;ordre public, qui constitue un objectif de valeur constitutionnelle, le Conseil constitutionnel juge qu&rsquo;il appartient au l\u00e9gislateur d&rsquo;assurer la conciliation entre le principe de fraternit\u00e9 et la sauvegarde de l&rsquo;ordre public.<\/p>\n<p>Au regard du cadre jurisprudentiel ainsi d\u00e9fini, le Conseil constitutionnel prononce, d&rsquo;une part, la censure des mots \u00ab au s\u00e9jour irr\u00e9gulier \u00bb figurant au premier alin\u00e9a de l&rsquo;article L. 622-4 du CESEDA, en jugeant que, en r\u00e9primant toute aide apport\u00e9e \u00e0 la circulation de l&rsquo;\u00e9tranger en situation irr\u00e9guli\u00e8re, y compris si elle constitue l&rsquo;accessoire de l&rsquo;aide au s\u00e9jour de l&rsquo;\u00e9tranger et si elle est motiv\u00e9e par un but humanitaire, le l\u00e9gislateur n&rsquo;a pas assur\u00e9 une conciliation \u00e9quilibr\u00e9e entre le principe de fraternit\u00e9 et l&rsquo;objectif de valeur constitutionnelle de sauvegarde de l&rsquo;ordre public. Le Conseil constate, en revanche, qu&rsquo;une telle exemption ne doit pas n\u00e9cessairement \u00eatre \u00e9tendue \u00e0 l&rsquo;aide \u00e0 l&rsquo;entr\u00e9e irr\u00e9guli\u00e8re, qui, \u00e0 la diff\u00e9rence de l&rsquo;aide au s\u00e9jour ou \u00e0 la circulation, fait na\u00eetre par principe une situation illicite.<\/p>\n<p>D&rsquo;autre part, formulant une r\u00e9serve d&rsquo;interpr\u00e9tation, il juge que les dispositions pr\u00e9c\u00e9demment cit\u00e9es du 3\u00b0 de l&rsquo;article L. 622-4 du CESEDA, qui instaurent une immunit\u00e9 p\u00e9nale en cas d&rsquo;aide au s\u00e9jour irr\u00e9gulier, ne sauraient, sans m\u00e9conna\u00eetre le principe de fraternit\u00e9, \u00eatre interpr\u00e9t\u00e9es autrement que comme s&rsquo;appliquant \u00e9galement \u00e0 tout autre acte d&rsquo;aide apport\u00e9e dans un but humanitaire que ceux d\u00e9j\u00e0 \u00e9num\u00e9r\u00e9s par ces dispositions.<\/p>\n<p>Rappelant qu&rsquo;il ne dispose pas d&rsquo;un pouvoir g\u00e9n\u00e9ral d&rsquo;appr\u00e9ciation de m\u00eame nature que celui du Parlement et qu&rsquo;il ne lui appartient pas d&rsquo;indiquer les modifications qui doivent \u00eatre retenues pour qu&rsquo;il soit rem\u00e9di\u00e9 \u00e0 l&rsquo;inconstitutionnalit\u00e9 constat\u00e9e, le Conseil constitutionnel juge que l&rsquo;abrogation imm\u00e9diate des mots \u00ab au s\u00e9jour irr\u00e9gulier \u00bb figurant au premier alin\u00e9a de l&rsquo;article L. 622-4 du CESEDA aurait pour effet d&rsquo;\u00e9tendre les exemptions p\u00e9nales pr\u00e9vues par l&rsquo;article L. 622-4 aux actes tendant \u00e0 faciliter ou \u00e0 tenter de faciliter l&rsquo;entr\u00e9e irr\u00e9guli\u00e8re sur le territoire fran\u00e7ais. Elle entra\u00eenerait des cons\u00e9quences manifestement excessives. Par suite, sa d\u00e9cision de ce jour reporte au 1er d\u00e9cembre 2018 la date de cette abrogation.\u00a0\u00bb<\/em><\/p>\n","protected":false},"excerpt":{"rendered":"<p>Le 6 juillet le Conseil Constitutionnel a pris une d\u00e9cision historique, il consacre le principe de fraternit\u00e9 comme principe de valeur constitutionnelle, comme l\u2019\u00e9taient les principes de libert\u00e9 et d\u2019\u00e9galit\u00e9. L\u2019administration et la justice doivent arr\u00eater les poursuites contre les habitants et les institutions qui aident les migrants pour des motifs purement humanitaire, Voici des [&hellip;]<\/p>\n","protected":false},"author":1,"featured_media":0,"comment_status":"closed","ping_status":"open","sticky":false,"template":"","format":"standard","meta":{"twitterCardType":"","cardImageID":0,"cardImage":"","cardTitle":"","cardDesc":"","cardImageAlt":"","cardPlayer":"","cardPlayerWidth":0,"cardPlayerHeight":0,"cardPlayerStream":"","cardPlayerCodec":"","footnotes":""},"categories":[62,11],"tags":[259,206,182],"class_list":["post-14551","post","type-post","status-publish","format-standard","hentry","category-le-rouge-le-vert-hebdo","category-politique-locale","tag-constitution","tag-droit","tag-solidarite"],"_links":{"self":[{"href":"https:\/\/www.ades-grenoble.org\/wordpress\/wp-json\/wp\/v2\/posts\/14551","targetHints":{"allow":["GET"]}}],"collection":[{"href":"https:\/\/www.ades-grenoble.org\/wordpress\/wp-json\/wp\/v2\/posts"}],"about":[{"href":"https:\/\/www.ades-grenoble.org\/wordpress\/wp-json\/wp\/v2\/types\/post"}],"author":[{"embeddable":true,"href":"https:\/\/www.ades-grenoble.org\/wordpress\/wp-json\/wp\/v2\/users\/1"}],"replies":[{"embeddable":true,"href":"https:\/\/www.ades-grenoble.org\/wordpress\/wp-json\/wp\/v2\/comments?post=14551"}],"version-history":[{"count":1,"href":"https:\/\/www.ades-grenoble.org\/wordpress\/wp-json\/wp\/v2\/posts\/14551\/revisions"}],"predecessor-version":[{"id":14552,"href":"https:\/\/www.ades-grenoble.org\/wordpress\/wp-json\/wp\/v2\/posts\/14551\/revisions\/14552"}],"wp:attachment":[{"href":"https:\/\/www.ades-grenoble.org\/wordpress\/wp-json\/wp\/v2\/media?parent=14551"}],"wp:term":[{"taxonomy":"category","embeddable":true,"href":"https:\/\/www.ades-grenoble.org\/wordpress\/wp-json\/wp\/v2\/categories?post=14551"},{"taxonomy":"post_tag","embeddable":true,"href":"https:\/\/www.ades-grenoble.org\/wordpress\/wp-json\/wp\/v2\/tags?post=14551"}],"curies":[{"name":"wp","href":"https:\/\/api.w.org\/{rel}","templated":true}]}}