{"id":14564,"date":"2018-07-13T17:41:38","date_gmt":"2018-07-13T15:41:38","guid":{"rendered":"http:\/\/www.ades-grenoble.org\/wordpress\/?p=14564"},"modified":"2018-07-13T19:10:06","modified_gmt":"2018-07-13T17:10:06","slug":"letat-de-sante-se-degrade-dans-la-fonction-publique-territoriale","status":"publish","type":"post","link":"https:\/\/www.ades-grenoble.org\/wordpress\/2018\/07\/13\/letat-de-sante-se-degrade-dans-la-fonction-publique-territoriale\/","title":{"rendered":"L\u2019\u00e9tat de sant\u00e9 se d\u00e9grade dans la fonction publique territoriale"},"content":{"rendered":"<p style=\"text-align: justify;\"><img loading=\"lazy\" decoding=\"async\" class=\"size-full wp-image-12737 alignleft\" src=\"http:\/\/www.ades-grenoble.org\/wordpress\/wp-content\/uploads\/2017\/03\/dgcl.jpg\" alt=\"\" width=\"131\" height=\"175\" srcset=\"https:\/\/www.ades-grenoble.org\/wordpress\/wp-content\/uploads\/2017\/03\/dgcl.jpg 131w, https:\/\/www.ades-grenoble.org\/wordpress\/wp-content\/uploads\/2017\/03\/dgcl-112x150.jpg 112w\" sizes=\"auto, (max-width: 131px) 100vw, 131px\" \/>La Direction g\u00e9n\u00e9rale des collectivit\u00e9s territoriales (DGCL) a publi\u00e9 dans son bulletin d\u2019informations statistiques de juin 2018, les r\u00e9sultats de l\u2019enqu\u00eate biannuelle sur la sant\u00e9 et la s\u00e9curit\u00e9 au travail dans la fonction publique territoriale. Ce travail est bas\u00e9 sur les bilans sociaux de l\u2019ann\u00e9e 2015, les collectivit\u00e9s \u00e9tant dans l\u2019obligation de pr\u00e9senter ce bilan au moins tous les deux ans au comit\u00e9 technique, ce bilan contient des informations concernant les caract\u00e9ristiques des emplois et les conditions de travail des agents. A noter par exemple que les absences pour raisons de sant\u00e9 repr\u00e9sentent en moyenne 24,2 jours par agent, soit une hausse de\u00a0pr\u00e8s de cinq jours\u00a0entre 2005 et 2015\u00a0!<\/p>\n<p style=\"text-align: justify;\"><strong><em>\u00ab\u00a0<\/em><\/strong><em>Dans la fonction publique territoriale, les absences pour raisons de sant\u00e9 augmentent entre 2005 et 2015. Elles sont plus nombreuses dans les grandes collectivit\u00e9s que dans les petites. Elles sont \u00e9galement plus nombreuses chez les fonctionnaires que chez les contractuels. Si les hommes sont plus souvent absents \u00e0 cause d\u2019accidents du travail, les femmes ont plus d\u2019absences pour maladie ordinaire et longue maladie. De fait, les accidents du travail concernent surtout les agents des fili\u00e8res incendie-secours et police, qui sont tr\u00e8s masculines. En parall\u00e8le de l\u2019augmentation des absences pour raison de sant\u00e9, les inaptitudes sont en hausse. Les collectivit\u00e9s locales \u0153uvrent pour la s\u00e9curit\u00e9 et la sant\u00e9 au travail en d\u00e9diant du personnel \u00e0 la pr\u00e9vention et en mettant progressivement en place les outils pr\u00e9vus \u00e0 cet effet.\u00a0\u00bb <\/em><\/p>\n<p style=\"text-align: justify;\">Pour t\u00e9l\u00e9charger les r\u00e9sultats de l&rsquo;enqu\u00eate, cliquez <a href=\"http:\/\/104.199.35.159\/phocadownload\/bis_123_FPT.pdf\" target=\"_blank\" rel=\"noopener\">ici<\/a>.<\/p>\n<p style=\"text-align: justify;\"><!--more--><\/p>\n<p style=\"text-align: justify;\">La soci\u00e9t\u00e9 Sofaxis, sp\u00e9cialis\u00e9e dans l&rsquo;assurance et la pr\u00e9vention des risques aupr\u00e8s des employeurs territoriaux et hospitaliers, \u00e9tudie r\u00e9guli\u00e8rement l\u2019\u00e9volution de l\u2019absent\u00e9isme dans les collectivit\u00e9s publiques. Dans <a href=\"https:\/\/www.sofaxis.com\/sites\/default\/files\/publications\/pdfs\/regard_sur_tend2018_territorial_r2673_1.pdf\" target=\"_blank\" rel=\"noopener\">une note du 28 juin<\/a>, Sofaxis indique qu\u2019en 2017, le taux d&rsquo;absent\u00e9isme pour raison de sant\u00e9 dans les collectivit\u00e9s territoriales s&rsquo;est \u00e9tabli \u00e0 9,8% (9,2% en ne tenant pas compte du cong\u00e9 maternit\u00e9).<\/p>\n<p style=\"text-align: justify;\">Elle s\u2019appuie sur un \u00e9chantillon de 426.000 agents employ\u00e9s dans 16.300 collectivit\u00e9s et montre que ce taux a augment\u00e9 d\u2019environ 3%. La maladie, quelle que soit sa dur\u00e9e, a \u00e9t\u00e9 \u00e0 l&rsquo;origine de 80% de l&rsquo;absent\u00e9isme, devant les accidents du travail (14%). A elle seule, la maladie ordinaire a \u00e9t\u00e9 la cause de 49% de l&rsquo;absent\u00e9isme. Les arr\u00eats de travail li\u00e9s \u00e0 ce motif ont \u00e9t\u00e9 en moyenne de 22 jours.<br \/>\nEn 2017, 45% des agents ont pr\u00e9sent\u00e9 une absence, ce qui signifie, que pr\u00e8s d\u2019un agent sur deux s\u2019est arr\u00eat\u00e9 au moins une fois dans l\u2019ann\u00e9e. Parmi ces agents absents, plus des trois quarts l\u2019ont \u00e9t\u00e9 pour cause de cong\u00e9 maladie ordinaire (76%).<br \/>\nLa dur\u00e9e moyenne d\u2019arr\u00eat a atteint 38 jours en 2017 (contre 37 en 2016). La dur\u00e9e moyenne d\u2019arr\u00eat a progress\u00e9 r\u00e9guli\u00e8rement depuis 10 ans.<\/p>\n<p style=\"text-align: justify;\">Pour Sofaxis, l&rsquo;explosion de l&rsquo;absent\u00e9isme s&rsquo;explique notamment par le vieillissement des agents territoriaux (leur \u00e2ge moyen a augment\u00e9 de 2,5 ans en 10 ans).<\/p>\n","protected":false},"excerpt":{"rendered":"<p>La Direction g\u00e9n\u00e9rale des collectivit\u00e9s territoriales (DGCL) a publi\u00e9 dans son bulletin d\u2019informations statistiques de juin 2018, les r\u00e9sultats de l\u2019enqu\u00eate biannuelle sur la sant\u00e9 et la s\u00e9curit\u00e9 au travail dans la fonction publique territoriale. Ce travail est bas\u00e9 sur les bilans sociaux de l\u2019ann\u00e9e 2015, les collectivit\u00e9s \u00e9tant dans l\u2019obligation de pr\u00e9senter ce bilan [&hellip;]<\/p>\n","protected":false},"author":1,"featured_media":0,"comment_status":"closed","ping_status":"open","sticky":false,"template":"","format":"standard","meta":{"twitterCardType":"","cardImageID":0,"cardImage":"","cardTitle":"","cardDesc":"","cardImageAlt":"","cardPlayer":"","cardPlayerWidth":0,"cardPlayerHeight":0,"cardPlayerStream":"","cardPlayerCodec":"","footnotes":""},"categories":[62,11],"tags":[226,220,99],"class_list":["post-14564","post","type-post","status-publish","format-standard","hentry","category-le-rouge-le-vert-hebdo","category-politique-locale","tag-collectivites","tag-personnel","tag-sante"],"_links":{"self":[{"href":"https:\/\/www.ades-grenoble.org\/wordpress\/wp-json\/wp\/v2\/posts\/14564","targetHints":{"allow":["GET"]}}],"collection":[{"href":"https:\/\/www.ades-grenoble.org\/wordpress\/wp-json\/wp\/v2\/posts"}],"about":[{"href":"https:\/\/www.ades-grenoble.org\/wordpress\/wp-json\/wp\/v2\/types\/post"}],"author":[{"embeddable":true,"href":"https:\/\/www.ades-grenoble.org\/wordpress\/wp-json\/wp\/v2\/users\/1"}],"replies":[{"embeddable":true,"href":"https:\/\/www.ades-grenoble.org\/wordpress\/wp-json\/wp\/v2\/comments?post=14564"}],"version-history":[{"count":1,"href":"https:\/\/www.ades-grenoble.org\/wordpress\/wp-json\/wp\/v2\/posts\/14564\/revisions"}],"predecessor-version":[{"id":14565,"href":"https:\/\/www.ades-grenoble.org\/wordpress\/wp-json\/wp\/v2\/posts\/14564\/revisions\/14565"}],"wp:attachment":[{"href":"https:\/\/www.ades-grenoble.org\/wordpress\/wp-json\/wp\/v2\/media?parent=14564"}],"wp:term":[{"taxonomy":"category","embeddable":true,"href":"https:\/\/www.ades-grenoble.org\/wordpress\/wp-json\/wp\/v2\/categories?post=14564"},{"taxonomy":"post_tag","embeddable":true,"href":"https:\/\/www.ades-grenoble.org\/wordpress\/wp-json\/wp\/v2\/tags?post=14564"}],"curies":[{"name":"wp","href":"https:\/\/api.w.org\/{rel}","templated":true}]}}