{"id":14591,"date":"2018-07-13T18:40:52","date_gmt":"2018-07-13T16:40:52","guid":{"rendered":"http:\/\/www.ades-grenoble.org\/wordpress\/?p=14591"},"modified":"2018-07-15T10:10:36","modified_gmt":"2018-07-15T08:10:36","slug":"a-la-metro-lactivite-efficace-des-elu-e-s-rcse-en-3-ans-et-demi-de-mandat","status":"publish","type":"post","link":"https:\/\/www.ades-grenoble.org\/wordpress\/2018\/07\/13\/a-la-metro-lactivite-efficace-des-elu-e-s-rcse-en-3-ans-et-demi-de-mandat\/","title":{"rendered":"A la M\u00e9tro, l\u2019activit\u00e9 efficace des \u00e9lu-e-s RCSE en 3 ans et demi de mandat"},"content":{"rendered":"<p style=\"text-align: justify;\"><img loading=\"lazy\" decoding=\"async\" class=\"size-full wp-image-11147 alignleft\" src=\"http:\/\/www.ades-grenoble.org\/wordpress\/wp-content\/uploads\/2016\/01\/RCSE.jpg\" alt=\"\" width=\"465\" height=\"223\" srcset=\"https:\/\/www.ades-grenoble.org\/wordpress\/wp-content\/uploads\/2016\/01\/RCSE.jpg 465w, https:\/\/www.ades-grenoble.org\/wordpress\/wp-content\/uploads\/2016\/01\/RCSE-150x72.jpg 150w, https:\/\/www.ades-grenoble.org\/wordpress\/wp-content\/uploads\/2016\/01\/RCSE-300x144.jpg 300w\" sizes=\"auto, (max-width: 465px) 100vw, 465px\" \/>Le groupe des 28 \u00e9lu-e-s du Rassemblement Citoyen Solidaire \u00c9cologiste (RCSE) comporte 8 membres de l\u2019ex\u00e9cutif \u00e0 la m\u00e9tropole, qui ont d\u2019importantes responsabilit\u00e9s\u00a0: J\u00e9r\u00f4me Dutroncy, Vice-Pr\u00e9sident d\u00e9l\u00e9gu\u00e9 \u00e0 l&rsquo;Environnement, Air, Climat et Biodiversit\u00e9\u00a0; Claire Kirkyacharian, Vice-Pr\u00e9sidente d\u00e9l\u00e9gu\u00e9e aux Personnels, \u00e0 la Gestion de la Relation aux citoyens \u00e0 l\u2019Administration G\u00e9n\u00e9rale\u00a0; Yann Mongaburu, Vice-Pr\u00e9sident d\u00e9l\u00e9gu\u00e9 aux d\u00e9placements, Pr\u00e9sident du Syndicat Mixte des Transports en Communs de l\u2019agglom\u00e9ration grenobloise (SMTC)\u00a0; Christine Garnier, Vice-Pr\u00e9sidente d\u00e9l\u00e9gu\u00e9e \u00e0 l&rsquo;Habitat, au Logement et \u00e0 la Politique fonci\u00e8re\u00a0; Georges Oudjaoudi, Vice-Pr\u00e9sident d\u00e9l\u00e9gu\u00e9 \u00e0 la Pr\u00e9vention, la Collecte et la Valorisation des d\u00e9chets\u00a0; Suzanne Dathe Conseill\u00e8re D\u00e9l\u00e9gu\u00e9e \u00e0 la Pr\u00e9vention de la D\u00e9linquance\u00a0; Claus Habfast, Vice-Pr\u00e9sident d\u00e9l\u00e9gu\u00e9 \u00e0 l\u2019Enseignement sup\u00e9rieur, la Recherche, l\u2019Innovation et l\u2019International\u00a0; Francie M\u00e9gevand, Vice-Pr\u00e9sidente d\u00e9l\u00e9gu\u00e9e \u00e0 la Culture et l&rsquo;Education.<\/p>\n<p style=\"text-align: justify;\">Ces 8 \u00e9lu-e-s font le point sur les avanc\u00e9es et les chantiers engag\u00e9s et ceux \u00e0 venir dans le territoire m\u00e9tropolitain \u00e0 travers 8 interviews\u00a0introduits par les deux co-pr\u00e9sidents du groupe RCSE, Francie M\u00e9gevand et Eric Piolle\u00a0:<\/p>\n<p><!--more--><\/p>\n<p style=\"text-align: justify;\">\u00ab<em>3 ans et 1\/2 de maison commune : notre M\u00e9tropole construit l\u2019avenir.<\/em><em>\u00a0La vie \u00e0 l\u2019heure m\u00e9tropolitaine est une r\u00e9alit\u00e9 : se d\u00e9placer, travailler, \u00e9tudier, se divertir, habiter, consommer, (se) cultiver, toutes ces activit\u00e9s quotidiennes concernent naturellement l\u2019\u00e9chelle intercommunale. Depuis 2014, la structuration institutionnelle de notre maison commune m\u00e9tropolitaine se poursuit\u00a0: un cap d\u00e9termin\u00e9 vers les transitions \u00e9nerg\u00e9tiques, sociales, d\u00e9mocratiques et environnementales en faveur de la qualit\u00e9 de vie dans la M\u00e9tropole grenobloise. La COP21 a confi\u00e9 aux territoires la mission d\u2019engager la transition en proximit\u00e9. Le service public est une puissance d\u2019avenir pour la pr\u00e9servation et la bonne gestion de nos ressources, nos biens communs.\u00a0\u00bb<\/em><\/p>\n<p style=\"text-align: justify;\">Pour lire les interviews, suivre <a href=\"http:\/\/rcse.fr\/3-ans-et-1-2-de-maison-commune-notre-metropole-construit-lavenir\/\" target=\"_blank\" rel=\"noopener\">ce lien<\/a>.<\/p>\n<p style=\"text-align: justify;\">\n","protected":false},"excerpt":{"rendered":"<p>Le groupe des 28 \u00e9lu-e-s du Rassemblement Citoyen Solidaire \u00c9cologiste (RCSE) comporte 8 membres de l\u2019ex\u00e9cutif \u00e0 la m\u00e9tropole, qui ont d\u2019importantes responsabilit\u00e9s\u00a0: J\u00e9r\u00f4me Dutroncy, Vice-Pr\u00e9sident d\u00e9l\u00e9gu\u00e9 \u00e0 l&rsquo;Environnement, Air, Climat et Biodiversit\u00e9\u00a0; Claire Kirkyacharian, Vice-Pr\u00e9sidente d\u00e9l\u00e9gu\u00e9e aux Personnels, \u00e0 la Gestion de la Relation aux citoyens \u00e0 l\u2019Administration G\u00e9n\u00e9rale\u00a0; Yann Mongaburu, Vice-Pr\u00e9sident d\u00e9l\u00e9gu\u00e9 aux [&hellip;]<\/p>\n","protected":false},"author":1,"featured_media":0,"comment_status":"closed","ping_status":"open","sticky":false,"template":"","format":"standard","meta":{"twitterCardType":"","cardImageID":0,"cardImage":"","cardTitle":"","cardDesc":"","cardImageAlt":"","cardPlayer":"","cardPlayerWidth":0,"cardPlayerHeight":0,"cardPlayerStream":"","cardPlayerCodec":"","footnotes":""},"categories":[62,11],"tags":[60,280,254],"class_list":["post-14591","post","type-post","status-publish","format-standard","hentry","category-le-rouge-le-vert-hebdo","category-politique-locale","tag-bilan-de-mandat","tag-metropole","tag-rassemblement"],"_links":{"self":[{"href":"https:\/\/www.ades-grenoble.org\/wordpress\/wp-json\/wp\/v2\/posts\/14591","targetHints":{"allow":["GET"]}}],"collection":[{"href":"https:\/\/www.ades-grenoble.org\/wordpress\/wp-json\/wp\/v2\/posts"}],"about":[{"href":"https:\/\/www.ades-grenoble.org\/wordpress\/wp-json\/wp\/v2\/types\/post"}],"author":[{"embeddable":true,"href":"https:\/\/www.ades-grenoble.org\/wordpress\/wp-json\/wp\/v2\/users\/1"}],"replies":[{"embeddable":true,"href":"https:\/\/www.ades-grenoble.org\/wordpress\/wp-json\/wp\/v2\/comments?post=14591"}],"version-history":[{"count":2,"href":"https:\/\/www.ades-grenoble.org\/wordpress\/wp-json\/wp\/v2\/posts\/14591\/revisions"}],"predecessor-version":[{"id":14612,"href":"https:\/\/www.ades-grenoble.org\/wordpress\/wp-json\/wp\/v2\/posts\/14591\/revisions\/14612"}],"wp:attachment":[{"href":"https:\/\/www.ades-grenoble.org\/wordpress\/wp-json\/wp\/v2\/media?parent=14591"}],"wp:term":[{"taxonomy":"category","embeddable":true,"href":"https:\/\/www.ades-grenoble.org\/wordpress\/wp-json\/wp\/v2\/categories?post=14591"},{"taxonomy":"post_tag","embeddable":true,"href":"https:\/\/www.ades-grenoble.org\/wordpress\/wp-json\/wp\/v2\/tags?post=14591"}],"curies":[{"name":"wp","href":"https:\/\/api.w.org\/{rel}","templated":true}]}}