{"id":14610,"date":"2018-07-13T19:07:06","date_gmt":"2018-07-13T17:07:06","guid":{"rendered":"http:\/\/www.ades-grenoble.org\/wordpress\/?p=14610"},"modified":"2018-07-13T19:30:42","modified_gmt":"2018-07-13T17:30:42","slug":"le-rouge-et-le-vert-en-vacances","status":"publish","type":"post","link":"https:\/\/www.ades-grenoble.org\/wordpress\/2018\/07\/13\/le-rouge-et-le-vert-en-vacances\/","title":{"rendered":"Le ROUGE et le VERT en vacances\u2026"},"content":{"rendered":"<p style=\"text-align: justify;\"><img loading=\"lazy\" decoding=\"async\" class=\"size-full wp-image-12873 alignleft\" src=\"http:\/\/www.ades-grenoble.org\/wordpress\/wp-content\/uploads\/2017\/04\/Logo-Ades-web.jpg\" alt=\"\" width=\"293\" height=\"258\" srcset=\"https:\/\/www.ades-grenoble.org\/wordpress\/wp-content\/uploads\/2017\/04\/Logo-Ades-web.jpg 293w, https:\/\/www.ades-grenoble.org\/wordpress\/wp-content\/uploads\/2017\/04\/Logo-Ades-web-150x132.jpg 150w\" sizes=\"auto, (max-width: 293px) 100vw, 293px\" \/>Le Rouge et le Vert suspend sa parution hebdomadaire pendant la p\u00e9riode de vacances pour environ un mois. C\u2019est pourquoi ce num\u00e9ro est un peu plus copieux que d\u2019habitude. Si des \u00e9v\u00e8nements locaux importants se d\u00e9roulaient, une information sera faite. Bonnes vacances et rendez-vous \u00e0 la rentr\u00e9e qui sera studieuse et importante, notamment avec la pr\u00e9paration du budget 2019, avec des r\u00e9unions d\u2019information et de formation citoyennes comme les ann\u00e9es pr\u00e9c\u00e9dentes depuis 2014.<\/p>\n","protected":false},"excerpt":{"rendered":"<p>Le Rouge et le Vert suspend sa parution hebdomadaire pendant la p\u00e9riode de vacances pour environ un mois. C\u2019est pourquoi ce num\u00e9ro est un peu plus copieux que d\u2019habitude. Si des \u00e9v\u00e8nements locaux importants se d\u00e9roulaient, une information sera faite. Bonnes vacances et rendez-vous \u00e0 la rentr\u00e9e qui sera studieuse et importante, notamment avec la [&hellip;]<\/p>\n","protected":false},"author":1,"featured_media":0,"comment_status":"closed","ping_status":"open","sticky":false,"template":"","format":"standard","meta":{"twitterCardType":"","cardImageID":0,"cardImage":"","cardTitle":"","cardDesc":"","cardImageAlt":"","cardPlayer":"","cardPlayerWidth":0,"cardPlayerHeight":0,"cardPlayerStream":"","cardPlayerCodec":"","footnotes":""},"categories":[62,11],"tags":[143],"class_list":["post-14610","post","type-post","status-publish","format-standard","hentry","category-le-rouge-le-vert-hebdo","category-politique-locale","tag-ades"],"_links":{"self":[{"href":"https:\/\/www.ades-grenoble.org\/wordpress\/wp-json\/wp\/v2\/posts\/14610","targetHints":{"allow":["GET"]}}],"collection":[{"href":"https:\/\/www.ades-grenoble.org\/wordpress\/wp-json\/wp\/v2\/posts"}],"about":[{"href":"https:\/\/www.ades-grenoble.org\/wordpress\/wp-json\/wp\/v2\/types\/post"}],"author":[{"embeddable":true,"href":"https:\/\/www.ades-grenoble.org\/wordpress\/wp-json\/wp\/v2\/users\/1"}],"replies":[{"embeddable":true,"href":"https:\/\/www.ades-grenoble.org\/wordpress\/wp-json\/wp\/v2\/comments?post=14610"}],"version-history":[{"count":1,"href":"https:\/\/www.ades-grenoble.org\/wordpress\/wp-json\/wp\/v2\/posts\/14610\/revisions"}],"predecessor-version":[{"id":14611,"href":"https:\/\/www.ades-grenoble.org\/wordpress\/wp-json\/wp\/v2\/posts\/14610\/revisions\/14611"}],"wp:attachment":[{"href":"https:\/\/www.ades-grenoble.org\/wordpress\/wp-json\/wp\/v2\/media?parent=14610"}],"wp:term":[{"taxonomy":"category","embeddable":true,"href":"https:\/\/www.ades-grenoble.org\/wordpress\/wp-json\/wp\/v2\/categories?post=14610"},{"taxonomy":"post_tag","embeddable":true,"href":"https:\/\/www.ades-grenoble.org\/wordpress\/wp-json\/wp\/v2\/tags?post=14610"}],"curies":[{"name":"wp","href":"https:\/\/api.w.org\/{rel}","templated":true}]}}