{"id":14618,"date":"2018-08-17T14:49:25","date_gmt":"2018-08-17T12:49:25","guid":{"rendered":"http:\/\/www.ades-grenoble.org\/wordpress\/?p=14618"},"modified":"2018-08-17T14:59:50","modified_gmt":"2018-08-17T12:59:50","slug":"la-concertation-sur-le-projet-grand-place-se-termine-le-4-septembre","status":"publish","type":"post","link":"https:\/\/www.ades-grenoble.org\/wordpress\/2018\/08\/17\/la-concertation-sur-le-projet-grand-place-se-termine-le-4-septembre\/","title":{"rendered":"La concertation sur le projet Grand Place se termine le 4 septembre"},"content":{"rendered":"<p style=\"text-align: justify;\"><img loading=\"lazy\" decoding=\"async\" class=\"size-full wp-image-14619 alignleft\" src=\"http:\/\/www.ades-grenoble.org\/wordpress\/wp-content\/uploads\/2018\/08\/projetGrandPlace.jpg\" alt=\"\" width=\"350\" height=\"292\" srcset=\"https:\/\/www.ades-grenoble.org\/wordpress\/wp-content\/uploads\/2018\/08\/projetGrandPlace.jpg 350w, https:\/\/www.ades-grenoble.org\/wordpress\/wp-content\/uploads\/2018\/08\/projetGrandPlace-150x125.jpg 150w, https:\/\/www.ades-grenoble.org\/wordpress\/wp-content\/uploads\/2018\/08\/projetGrandPlace-300x250.jpg 300w\" sizes=\"auto, (max-width: 350px) 100vw, 350px\" \/>Un vaste projet de restructuration de Grand Place sur les communes d\u2019\u00c9chirolles et de Grenoble, comprend une restructuration des espaces publics et un agrandissement du centre commercial de 4000 m2. La m\u00e9tropole organise depuis le 10 juillet <strong>jusqu\u2019au 4 septembre<\/strong>, une concertation des habitants sur cet important projet qui va lui aussi poser des probl\u00e8mes concernant l\u2019\u00e9quilibre de l\u2019offre commerciale dans l\u2019agglom\u00e9ration. La M\u00e9tro aurait pu \u00e9largir la p\u00e9riode de concertation pour \u00e9viter quelle ne se d\u00e9roule principalement durant les vacances. La derni\u00e8re r\u00e9union publique aura lieu le 30 ao\u00fbt \u00e0 19h \u00e0 l\u2019\u00e9cole d\u2019architecture avenue de Constantine. Elle sera pr\u00e9c\u00e9d\u00e9e d\u2019une visite du site \u00e0 17h30 comme indiqu\u00e9 ci-apr\u00e8s\u00a0:<\/p>\n<p><!--more--><\/p>\n<p style=\"text-align: justify;\">\u00ab\u00a0<em>Le 6 juillet, les \u00e9lus m\u00e9tropolitains ont adopt\u00e9 une d\u00e9lib\u00e9ration arr\u00eatant les modalit\u00e9s de la concertation sur ce projet.<\/em><\/p>\n<p style=\"text-align: justify;\"><em>Si vous souhaitez donner votre avis sur ce projet, vous pouvez\u2026<\/em><\/p>\n<ul style=\"text-align: justify;\">\n<li><em>Visiter le site et participer \u00e0 la r\u00e9union publique le jeudi 30 ao\u00fbt\u00a0(rendez-vous \u00e0 17 h 30 escalier sud du centre commercial Grand\u2019 Place \u2013c\u00f4t\u00e9 patinoire p\u00f4le sud)<\/em><\/li>\n<li><em>Ecrire vos propositions sur les cahiers d\u2019expression disponibles en mairies de Grenoble, d&rsquo;Echirolles, \u00e0 l\u2019accueil de la M\u00e9tropole et du centre commercial\u00a0Grand\u2019 Place<\/em><\/li>\n<li><em>Contribuer en ligne sur ce site en cliquant <a href=\"https:\/\/participation.lametro.fr\/project\/grand-place-se-transforme-les-espaces-publics-aussi\/presentation\/presentation-11\" target=\"_blank\" rel=\"noopener\">ici<\/a>.<\/em><\/li>\n<\/ul>\n<p style=\"text-align: justify;\"><em>A l&rsquo;issue de cette concertation, le bilan sera pr\u00e9sent\u00e9 en conseil m\u00e9tropolitain le 28 septembre 2018 et mis en ligne.<\/em><\/p>\n<p style=\"text-align: justify;\"><em>L&rsquo;ensemble des \u00e9l\u00e9ments du projet sont pr\u00e9sent\u00e9s dans le cahier de la concertation que vous pouvez t\u00e9l\u00e9charger en cliquant <a href=\"https:\/\/participation.lametro.fr\/project\/grand-place-se-transforme-les-espaces-publics-aussi\/presentation\/presentation-11\" target=\"_blank\" rel=\"noopener\">ici.<\/a><\/em><\/p>\n<p style=\"text-align: justify;\">\n<p style=\"text-align: justify;\">\n","protected":false},"excerpt":{"rendered":"<p>Un vaste projet de restructuration de Grand Place sur les communes d\u2019\u00c9chirolles et de Grenoble, comprend une restructuration des espaces publics et un agrandissement du centre commercial de 4000 m2. La m\u00e9tropole organise depuis le 10 juillet jusqu\u2019au 4 septembre, une concertation des habitants sur cet important projet qui va lui aussi poser des probl\u00e8mes [&hellip;]<\/p>\n","protected":false},"author":1,"featured_media":0,"comment_status":"closed","ping_status":"open","sticky":false,"template":"","format":"standard","meta":{"twitterCardType":"","cardImageID":0,"cardImage":"","cardTitle":"","cardDesc":"","cardImageAlt":"","cardPlayer":"","cardPlayerWidth":0,"cardPlayerHeight":0,"cardPlayerStream":"","cardPlayerCodec":"","footnotes":""},"categories":[62,11],"tags":[202,32,65],"class_list":["post-14618","post","type-post","status-publish","format-standard","hentry","category-le-rouge-le-vert-hebdo","category-politique-locale","tag-commerce","tag-metro","tag-urbanisme"],"_links":{"self":[{"href":"https:\/\/www.ades-grenoble.org\/wordpress\/wp-json\/wp\/v2\/posts\/14618","targetHints":{"allow":["GET"]}}],"collection":[{"href":"https:\/\/www.ades-grenoble.org\/wordpress\/wp-json\/wp\/v2\/posts"}],"about":[{"href":"https:\/\/www.ades-grenoble.org\/wordpress\/wp-json\/wp\/v2\/types\/post"}],"author":[{"embeddable":true,"href":"https:\/\/www.ades-grenoble.org\/wordpress\/wp-json\/wp\/v2\/users\/1"}],"replies":[{"embeddable":true,"href":"https:\/\/www.ades-grenoble.org\/wordpress\/wp-json\/wp\/v2\/comments?post=14618"}],"version-history":[{"count":1,"href":"https:\/\/www.ades-grenoble.org\/wordpress\/wp-json\/wp\/v2\/posts\/14618\/revisions"}],"predecessor-version":[{"id":14620,"href":"https:\/\/www.ades-grenoble.org\/wordpress\/wp-json\/wp\/v2\/posts\/14618\/revisions\/14620"}],"wp:attachment":[{"href":"https:\/\/www.ades-grenoble.org\/wordpress\/wp-json\/wp\/v2\/media?parent=14618"}],"wp:term":[{"taxonomy":"category","embeddable":true,"href":"https:\/\/www.ades-grenoble.org\/wordpress\/wp-json\/wp\/v2\/categories?post=14618"},{"taxonomy":"post_tag","embeddable":true,"href":"https:\/\/www.ades-grenoble.org\/wordpress\/wp-json\/wp\/v2\/tags?post=14618"}],"curies":[{"name":"wp","href":"https:\/\/api.w.org\/{rel}","templated":true}]}}