{"id":14623,"date":"2018-08-17T14:54:47","date_gmt":"2018-08-17T12:54:47","guid":{"rendered":"http:\/\/www.ades-grenoble.org\/wordpress\/?p=14623"},"modified":"2018-08-17T15:00:19","modified_gmt":"2018-08-17T13:00:19","slug":"la-declaration-dutilite-publique-pour-lelargissement-de-la480-a-ete-delivree-le-23-juillet-2018","status":"publish","type":"post","link":"https:\/\/www.ades-grenoble.org\/wordpress\/2018\/08\/17\/la-declaration-dutilite-publique-pour-lelargissement-de-la480-a-ete-delivree-le-23-juillet-2018\/","title":{"rendered":"La d\u00e9claration d\u2019utilit\u00e9 publique pour l\u2019\u00e9largissement de l\u2019A480 a \u00e9t\u00e9 d\u00e9livr\u00e9e le 23 juillet 2018"},"content":{"rendered":"<p style=\"text-align: justify;\"><img loading=\"lazy\" decoding=\"async\" class=\"size-full wp-image-6692 alignleft\" src=\"http:\/\/www.ades-grenoble.org\/wordpress\/wp-content\/uploads\/2013\/02\/A480-2x3voies.jpg\" alt=\"\" width=\"437\" height=\"291\" srcset=\"https:\/\/www.ades-grenoble.org\/wordpress\/wp-content\/uploads\/2013\/02\/A480-2x3voies.jpg 437w, https:\/\/www.ades-grenoble.org\/wordpress\/wp-content\/uploads\/2013\/02\/A480-2x3voies-150x99.jpg 150w, https:\/\/www.ades-grenoble.org\/wordpress\/wp-content\/uploads\/2013\/02\/A480-2x3voies-300x199.jpg 300w\" sizes=\"auto, (max-width: 437px) 100vw, 437px\" \/>Suite \u00e0 l\u2019enqu\u00eate publique sur la d\u00e9claration d\u2019utilit\u00e9 publique pour l\u2019\u00e9largissement de l\u2019A480, le pr\u00e9fet de l\u2019Is\u00e8re a pris un arr\u00eat\u00e9 le 23 juillet 2018 arr\u00eatant la DUP\u00a0: <em>\u00ab\u00a0<\/em><em>Est d\u00e9clar\u00e9 d\u2019utilit\u00e9 publique le projet d\u2019am\u00e9nagement de l\u2019A480 et de l\u2019\u00e9changeur du Rondeau dans la travers\u00e9e de Grenoble sur le territoire des communes de Echirolles, Grenoble, Saint-Egr\u00e8ve et Saint-Martin-le-Vinoux\u2026\u00a0\u00bb.<\/em> A noter que l\u2019arr\u00eat\u00e9 ne fixe pas la limitation de la vitesse \u00e0 70 km\/h, dans la partie centrale de l\u2019A480, contrairement au protocole d\u2019intention liant l\u2019Etat, l\u2019AREA, le Conseil d\u00e9partemental et la M\u00e9tropole.<\/p>\n<p style=\"text-align: justify;\">Pour commencer les travaux il faudra encore obtenir l\u2019autorisation environnementale qui traite notamment des inondations et de la r\u00e9sistance de la digue le long du Drac sur laquelle est construire l\u2019A480 et \u00e9videmment que la DUP ne soit ni suspendue, ni annul\u00e9e. Les recours \u00e9ventuels contre la DUP devront \u00eatre d\u00e9pos\u00e9s avant le 23 septembre 2018.<\/p>\n<p style=\"text-align: justify;\">Pour lire l\u2019arr\u00eat\u00e9 de DUP voir <a href=\"http:\/\/www.isere.gouv.fr\/content\/download\/37810\/272471\/file\/recueil-38-2018-084-recueil-des-actes-administratifs.pdf\" target=\"_blank\" rel=\"noopener\">ici<\/a> \u00e0 partir de la page 175.<\/p>\n","protected":false},"excerpt":{"rendered":"<p>Suite \u00e0 l\u2019enqu\u00eate publique sur la d\u00e9claration d\u2019utilit\u00e9 publique pour l\u2019\u00e9largissement de l\u2019A480, le pr\u00e9fet de l\u2019Is\u00e8re a pris un arr\u00eat\u00e9 le 23 juillet 2018 arr\u00eatant la DUP\u00a0: \u00ab\u00a0Est d\u00e9clar\u00e9 d\u2019utilit\u00e9 publique le projet d\u2019am\u00e9nagement de l\u2019A480 et de l\u2019\u00e9changeur du Rondeau dans la travers\u00e9e de Grenoble sur le territoire des communes de Echirolles, Grenoble, [&hellip;]<\/p>\n","protected":false},"author":1,"featured_media":0,"comment_status":"closed","ping_status":"open","sticky":false,"template":"","format":"standard","meta":{"twitterCardType":"","cardImageID":0,"cardImage":"","cardTitle":"","cardDesc":"","cardImageAlt":"","cardPlayer":"","cardPlayerWidth":0,"cardPlayerHeight":0,"cardPlayerStream":"","cardPlayerCodec":"","footnotes":""},"categories":[62,11],"tags":[103,5,39],"class_list":["post-14623","post","type-post","status-publish","format-standard","hentry","category-le-rouge-le-vert-hebdo","category-politique-locale","tag-a480","tag-deplacements","tag-enquetes-publiques"],"_links":{"self":[{"href":"https:\/\/www.ades-grenoble.org\/wordpress\/wp-json\/wp\/v2\/posts\/14623","targetHints":{"allow":["GET"]}}],"collection":[{"href":"https:\/\/www.ades-grenoble.org\/wordpress\/wp-json\/wp\/v2\/posts"}],"about":[{"href":"https:\/\/www.ades-grenoble.org\/wordpress\/wp-json\/wp\/v2\/types\/post"}],"author":[{"embeddable":true,"href":"https:\/\/www.ades-grenoble.org\/wordpress\/wp-json\/wp\/v2\/users\/1"}],"replies":[{"embeddable":true,"href":"https:\/\/www.ades-grenoble.org\/wordpress\/wp-json\/wp\/v2\/comments?post=14623"}],"version-history":[{"count":1,"href":"https:\/\/www.ades-grenoble.org\/wordpress\/wp-json\/wp\/v2\/posts\/14623\/revisions"}],"predecessor-version":[{"id":14624,"href":"https:\/\/www.ades-grenoble.org\/wordpress\/wp-json\/wp\/v2\/posts\/14623\/revisions\/14624"}],"wp:attachment":[{"href":"https:\/\/www.ades-grenoble.org\/wordpress\/wp-json\/wp\/v2\/media?parent=14623"}],"wp:term":[{"taxonomy":"category","embeddable":true,"href":"https:\/\/www.ades-grenoble.org\/wordpress\/wp-json\/wp\/v2\/categories?post=14623"},{"taxonomy":"post_tag","embeddable":true,"href":"https:\/\/www.ades-grenoble.org\/wordpress\/wp-json\/wp\/v2\/tags?post=14623"}],"curies":[{"name":"wp","href":"https:\/\/api.w.org\/{rel}","templated":true}]}}