{"id":14637,"date":"2018-08-24T15:05:39","date_gmt":"2018-08-24T13:05:39","guid":{"rendered":"http:\/\/www.ades-grenoble.org\/wordpress\/?p=14637"},"modified":"2018-08-24T16:05:14","modified_gmt":"2018-08-24T14:05:14","slug":"evitement-de-la-carte-scolaire-des-colleges-dans-lagglomeration","status":"publish","type":"post","link":"https:\/\/www.ades-grenoble.org\/wordpress\/2018\/08\/24\/evitement-de-la-carte-scolaire-des-colleges-dans-lagglomeration\/","title":{"rendered":"\u00c9vitement de la carte scolaire des coll\u00e8ges dans l\u2019agglom\u00e9ration"},"content":{"rendered":"<p style=\"text-align: justify;\"><img loading=\"lazy\" decoding=\"async\" class=\"size-full wp-image-11275 alignleft\" src=\"http:\/\/www.ades-grenoble.org\/wordpress\/wp-content\/uploads\/2016\/02\/AURG.jpg\" alt=\"\" width=\"250\" height=\"250\" srcset=\"https:\/\/www.ades-grenoble.org\/wordpress\/wp-content\/uploads\/2016\/02\/AURG.jpg 250w, https:\/\/www.ades-grenoble.org\/wordpress\/wp-content\/uploads\/2016\/02\/AURG-150x150.jpg 150w, https:\/\/www.ades-grenoble.org\/wordpress\/wp-content\/uploads\/2016\/02\/AURG-144x144.jpg 144w\" sizes=\"auto, (max-width: 250px) 100vw, 250px\" \/>Le 10 juillet, l\u2019AURG a rendu une \u00e9tude sur les \u00e9vitements de la carte scolaire des coll\u00e8ges dans l\u2019agglom\u00e9ration grenobloise. Sans surprise, il ressort que ce sont dans les quartiers prioritaires de la politique de la ville que le taux d\u2019inscription dans le coll\u00e8ge de secteur est le plus faible. Tant que la r\u00e9putation des \u00e9coles et coll\u00e8ges ne sera pas meilleure dans ces quartiers, la fuite se poursuivra.<\/p>\n<p style=\"text-align: justify;\"><em>\u00ab\u00a0Dans le cadre du suivi-observation du Contrat de Ville, l\u2019Agence a exploit\u00e9 des donn\u00e9es sp\u00e9cialement fournies par le Rectorat de l\u2019Acad\u00e9mie de Grenoble. Il s\u2019agissait de mesurer les flux entre les lieux de r\u00e9sidence et les lieux d\u2019inscription des coll\u00e9giens, ainsi que d\u2019\u00e9ventuelles relations entre les mouvements, le genre, l\u2019origine sociale et la r\u00e9ussite scolaire.<\/em><\/p>\n<p style=\"text-align: justify;\"><em>Les r\u00e9sultats ont \u00e9t\u00e9 valid\u00e9s par la Direction de la coh\u00e9sion sociale et de la Politique de la ville, le Service d\u2019\u00e9tudes statistiques, de la performance et de l\u2019analyse de gestion (Sespag) et l\u2019Inspection Acad\u00e9mique.<\/em><\/p>\n<p style=\"text-align: justify;\"><em>En synth\u00e8se, quelques faits saillants\u00a0:<\/em><\/p>\n<p><!--more--><\/p>\n<ul>\n<li style=\"text-align: justify;\"><strong><em>les coll\u00e8ges dont les secteurs de recrutement englobent les quartiers prioritaires figurent parmi ceux o\u00f9 le taux d\u2019inscription dans le coll\u00e8ge de secteur est le plus faible.<\/em><\/strong><em> Il appara\u00eet que c\u2019est avant tout \u00e0 proximit\u00e9 des quartiers prioritaires qu\u2019un \u00e9vitement est d\u00e9celable (cf. carte ci-jointe et t\u00e9l\u00e9chargeable, les lieux \u00e0 fort indice d\u2019\u00e9vitement sont ceux o\u00f9 apparaissent des t\u00e2ches rouges). Mais d\u2019autres zones t\u00e9moignent cependant d\u2019un m\u00eame ph\u00e9nom\u00e8ne.<\/em><\/li>\n<li style=\"text-align: justify;\"><strong><em>il est confirm\u00e9 que les coll\u00e9giens r\u00e9ussissent d\u2019autant mieux les \u00e9preuves \u00e9crites du Dipl\u00f4me National du Brevet que leurs parents appartiennent \u00e0 une cat\u00e9gorie sociale \u00e9lev\u00e9e et inversement (que le lieu de r\u00e9sidence soit un quartier prioritaire ou non).<\/em><\/strong><em> La forte pr\u00e9sence de cat\u00e9gories sociales \u00ab\u00a0d\u00e9favoris\u00e9es\u00a0\u00bb dans les quartiers prioritaires (45 % des \u00e9l\u00e8ves en moyenne contre 22 % sur l\u2019ensemble de la m\u00e9tropole) induit donc de faibles r\u00e9ussites dans ces quartiers. Les \u00e9l\u00e9ments trait\u00e9s ne permettent cependant pas de savoir si la non-inscription dans le coll\u00e8ge de secteur de ces coll\u00e9giens (et le choix d\u2019un autre coll\u00e8ge) s\u2019accompagne d\u2019une r\u00e9ussite accrue.<\/em><\/li>\n<li style=\"text-align: justify;\"><strong><em>les coll\u00e9giennes des quartiers prioritaires sont globalement plus fid\u00e8les au coll\u00e8ge de secteur que les coll\u00e9giens.<\/em><\/strong><em> Pourtant elles r\u00e9ussissent mieux leur parcours scolaire que leurs pairs masculins, et cet \u00e9cart en faveur des coll\u00e9giennes est plus fort qu\u2019ailleurs dans la m\u00e9tropole.\u00a0\u00bb<\/em><\/li>\n<\/ul>\n","protected":false},"excerpt":{"rendered":"<p>Le 10 juillet, l\u2019AURG a rendu une \u00e9tude sur les \u00e9vitements de la carte scolaire des coll\u00e8ges dans l\u2019agglom\u00e9ration grenobloise. Sans surprise, il ressort que ce sont dans les quartiers prioritaires de la politique de la ville que le taux d\u2019inscription dans le coll\u00e8ge de secteur est le plus faible. Tant que la r\u00e9putation des [&hellip;]<\/p>\n","protected":false},"author":1,"featured_media":0,"comment_status":"closed","ping_status":"open","sticky":false,"template":"","format":"standard","meta":{"twitterCardType":"","cardImageID":0,"cardImage":"","cardTitle":"","cardDesc":"","cardImageAlt":"","cardPlayer":"","cardPlayerWidth":0,"cardPlayerHeight":0,"cardPlayerStream":"","cardPlayerCodec":"","footnotes":""},"categories":[62,11],"tags":[163,215,280],"class_list":["post-14637","post","type-post","status-publish","format-standard","hentry","category-le-rouge-le-vert-hebdo","category-politique-locale","tag-ecoles","tag-grenoble","tag-metropole"],"_links":{"self":[{"href":"https:\/\/www.ades-grenoble.org\/wordpress\/wp-json\/wp\/v2\/posts\/14637","targetHints":{"allow":["GET"]}}],"collection":[{"href":"https:\/\/www.ades-grenoble.org\/wordpress\/wp-json\/wp\/v2\/posts"}],"about":[{"href":"https:\/\/www.ades-grenoble.org\/wordpress\/wp-json\/wp\/v2\/types\/post"}],"author":[{"embeddable":true,"href":"https:\/\/www.ades-grenoble.org\/wordpress\/wp-json\/wp\/v2\/users\/1"}],"replies":[{"embeddable":true,"href":"https:\/\/www.ades-grenoble.org\/wordpress\/wp-json\/wp\/v2\/comments?post=14637"}],"version-history":[{"count":1,"href":"https:\/\/www.ades-grenoble.org\/wordpress\/wp-json\/wp\/v2\/posts\/14637\/revisions"}],"predecessor-version":[{"id":14638,"href":"https:\/\/www.ades-grenoble.org\/wordpress\/wp-json\/wp\/v2\/posts\/14637\/revisions\/14638"}],"wp:attachment":[{"href":"https:\/\/www.ades-grenoble.org\/wordpress\/wp-json\/wp\/v2\/media?parent=14637"}],"wp:term":[{"taxonomy":"category","embeddable":true,"href":"https:\/\/www.ades-grenoble.org\/wordpress\/wp-json\/wp\/v2\/categories?post=14637"},{"taxonomy":"post_tag","embeddable":true,"href":"https:\/\/www.ades-grenoble.org\/wordpress\/wp-json\/wp\/v2\/tags?post=14637"}],"curies":[{"name":"wp","href":"https:\/\/api.w.org\/{rel}","templated":true}]}}