{"id":14639,"date":"2018-08-24T15:15:44","date_gmt":"2018-08-24T13:15:44","guid":{"rendered":"http:\/\/www.ades-grenoble.org\/wordpress\/?p=14639"},"modified":"2018-08-24T16:05:27","modified_gmt":"2018-08-24T14:05:27","slug":"lanceurs-dalerte-dans-la-fonction-publique-des-precisions","status":"publish","type":"post","link":"https:\/\/www.ades-grenoble.org\/wordpress\/2018\/08\/24\/lanceurs-dalerte-dans-la-fonction-publique-des-precisions\/","title":{"rendered":"Lanceurs d\u2019alerte dans la fonction publique, des pr\u00e9cisions"},"content":{"rendered":"<p style=\"text-align: justify;\"><img loading=\"lazy\" decoding=\"async\" class=\"size-full wp-image-14640 alignleft\" src=\"http:\/\/www.ades-grenoble.org\/wordpress\/wp-content\/uploads\/2018\/08\/etat.jpg\" alt=\"\" width=\"250\" height=\"160\" srcset=\"https:\/\/www.ades-grenoble.org\/wordpress\/wp-content\/uploads\/2018\/08\/etat.jpg 250w, https:\/\/www.ades-grenoble.org\/wordpress\/wp-content\/uploads\/2018\/08\/etat-150x96.jpg 150w\" sizes=\"auto, (max-width: 250px) 100vw, 250px\" \/>La loi du 9 d\u00e9cembre 2016 relative \u00e0 la transparence, \u00e0 la lutte contre la corruption et \u00e0 la modernisation de la vie \u00e9conomique, impose aux communes de plus de 10 000 habitants, \u00e0 leurs groupements aux d\u00e9partements, aux r\u00e9gions et aux administrations de l\u2019\u00c9tat,\u00a0d\u2019\u00e9tablir une proc\u00e9dure de recueil de signalements. Les modalit\u00e9s du signalement sont d\u00e9finies par l\u2019article 5 du d\u00e9cret du 19 avril 2017.<\/p>\n<p style=\"text-align: justify;\">Une circulaire du 19 juillet 2018 du ministre de l\u2019Action et des Comptes publics, pr\u00e9cise le cadre juridique applicable aux <em>\u00ab\u00a0lanceurs d\u2019alerte\u00a0\u00bb<\/em> dans la fonction publique, les modalit\u00e9s de recueil<span style=\"text-decoration: line-through;\">s<\/span> des signalements et leur traitement ainsi que les garanties et protections dont b\u00e9n\u00e9ficient les agents.<\/p>\n<p style=\"text-align: justify;\">La loi du 9 d\u00e9cembre 2016 d\u00e9finit le lanceur d\u2019alerte\u00a0: \u00ab\u00a0<em>une personne physique qui r\u00e9v\u00e8le ou signale, de mani\u00e8re d\u00e9sint\u00e9ress\u00e9e et de bonne foi, un crime ou un d\u00e9lit, une violation grave et manifeste d&rsquo;un engagement international r\u00e9guli\u00e8rement ratifi\u00e9 ou approuv\u00e9 par la France, d&rsquo;un acte unilat\u00e9ral d&rsquo;une organisation internationale pris sur le fondement d&rsquo;un tel engagement, de la loi ou du r\u00e8glement, ou une menace ou un pr\u00e9judice graves pour l&rsquo;int\u00e9r\u00eat g\u00e9n\u00e9ral, dont elle a eu personnellement connaissance.<\/em>\u00a0\u00bb<\/p>\n<p style=\"text-align: justify;\"><!--more--><\/p>\n<p style=\"text-align: justify;\">Les signalements pour lesquels une proc\u00e9dure est impos\u00e9e sont ceux \u00e9mis par \u00ab<em> les membres [du] personnel ou par des collaborateurs ext\u00e9rieurs et occasionnels <\/em>\u00bb des administrations, organismes ou collectivit\u00e9s concern\u00e9s. Le signalement, effectu\u00e9 dans la plupart des cas aupr\u00e8s du sup\u00e9rieur hi\u00e9rarchique, direct ou indirect, l\u2019employeur, un r\u00e9f\u00e9rent d\u00e9sign\u00e9 par celui-ci ou l\u2019autorit\u00e9 territoriale dans la fonction publique territoriale, peut s\u2019\u00e9tendre \u00e0 l\u2019ensemble des services de l\u2019organisme qui emploie le lanceur d\u2019alerte.<\/p>\n<p style=\"text-align: justify;\">Quels sont les faits qui peuvent \u00eatre signal\u00e9s\u00a0: \u00ab<em> Les faits, actes, menaces ou pr\u00e9judices, susceptibles de faire l\u2019objet d\u2019un signalement doivent \u00eatre d\u2019une particuli\u00e8re intensit\u00e9 : la violation doit \u00eatre grave et manifeste, de m\u00eame que la menace ou le pr\u00e9judice doit \u00eatre grave pour l\u2019int\u00e9r\u00eat g\u00e9n\u00e9ral<\/em>\u00a0\u00bb.<\/p>\n<p style=\"text-align: justify;\">La proc\u00e9dure de signalement est gradu\u00e9e en trois niveaux : le signalement interne (l\u2019essentiel des signalements devrait pouvoir \u00eatre trait\u00e9 \u00e0 ce stade) ; le signalement externe (autorit\u00e9s judiciaires, autorit\u00e9s administratives ou les ordres professionnels) ; et la divulgation publique en dernier ressort. En cas de \u00ab\u00a0<em>danger grave et imminent<\/em><em>\u00a0<\/em>\u00bb ou en \u00ab\u00a0<em>pr\u00e9sence d\u2019un risque de dommages irr\u00e9versibles<\/em>\u00a0\u00bb, cette proc\u00e9dure en trois \u00e9tapes n\u2019est pas obligatoire.<\/p>\n<p style=\"text-align: justify;\">La loi apporte un certain nombre de garanties et protections aux lanceurs d\u2019alertes, qui \u00ab<em> doivent leur \u00e9viter de subir des mesures de r\u00e9torsions fond\u00e9es sur une alerte d\u00e8s lors que celle-ci a \u00e9t\u00e9 faite de bonne foi et dans le respect des proc\u00e9dures.<\/em>\u00a0\u00bb Ainsi, \u00ab\u00a0<em>la stricte confidentialit\u00e9 de l\u2019identit\u00e9 de l\u2019auteur du signalement, des personnes vis\u00e9es par le signalement et des informations recueillies par l\u2019ensemble des destinataires du signalement doit \u00eatre garantie<\/em>\u00a0\u00bb.<\/p>\n<p style=\"text-align: justify;\">Pour lire la ciculaire compl\u00e8te, cliquez <a href=\"http:\/\/circulaires.legifrance.gouv.fr\/index.php?action=afficherCirculaire&amp;hit=1&amp;retourAccueil=1&amp;r=43813\" target=\"_blank\" rel=\"noopener\">ici<\/a>.<\/p>\n<p style=\"text-align: justify;\">\n","protected":false},"excerpt":{"rendered":"<p>La loi du 9 d\u00e9cembre 2016 relative \u00e0 la transparence, \u00e0 la lutte contre la corruption et \u00e0 la modernisation de la vie \u00e9conomique, impose aux communes de plus de 10 000 habitants, \u00e0 leurs groupements aux d\u00e9partements, aux r\u00e9gions et aux administrations de l\u2019\u00c9tat,\u00a0d\u2019\u00e9tablir une proc\u00e9dure de recueil de signalements. Les modalit\u00e9s du signalement [&hellip;]<\/p>\n","protected":false},"author":1,"featured_media":0,"comment_status":"closed","ping_status":"open","sticky":false,"template":"","format":"standard","meta":{"twitterCardType":"","cardImageID":0,"cardImage":"","cardTitle":"","cardDesc":"","cardImageAlt":"","cardPlayer":"","cardPlayerWidth":0,"cardPlayerHeight":0,"cardPlayerStream":"","cardPlayerCodec":"","footnotes":""},"categories":[62,11],"tags":[226,196,166,220,191],"class_list":["post-14639","post","type-post","status-publish","format-standard","hentry","category-le-rouge-le-vert-hebdo","category-politique-locale","tag-collectivites","tag-etat","tag-loi","tag-personnel","tag-transparence"],"_links":{"self":[{"href":"https:\/\/www.ades-grenoble.org\/wordpress\/wp-json\/wp\/v2\/posts\/14639","targetHints":{"allow":["GET"]}}],"collection":[{"href":"https:\/\/www.ades-grenoble.org\/wordpress\/wp-json\/wp\/v2\/posts"}],"about":[{"href":"https:\/\/www.ades-grenoble.org\/wordpress\/wp-json\/wp\/v2\/types\/post"}],"author":[{"embeddable":true,"href":"https:\/\/www.ades-grenoble.org\/wordpress\/wp-json\/wp\/v2\/users\/1"}],"replies":[{"embeddable":true,"href":"https:\/\/www.ades-grenoble.org\/wordpress\/wp-json\/wp\/v2\/comments?post=14639"}],"version-history":[{"count":2,"href":"https:\/\/www.ades-grenoble.org\/wordpress\/wp-json\/wp\/v2\/posts\/14639\/revisions"}],"predecessor-version":[{"id":14642,"href":"https:\/\/www.ades-grenoble.org\/wordpress\/wp-json\/wp\/v2\/posts\/14639\/revisions\/14642"}],"wp:attachment":[{"href":"https:\/\/www.ades-grenoble.org\/wordpress\/wp-json\/wp\/v2\/media?parent=14639"}],"wp:term":[{"taxonomy":"category","embeddable":true,"href":"https:\/\/www.ades-grenoble.org\/wordpress\/wp-json\/wp\/v2\/categories?post=14639"},{"taxonomy":"post_tag","embeddable":true,"href":"https:\/\/www.ades-grenoble.org\/wordpress\/wp-json\/wp\/v2\/tags?post=14639"}],"curies":[{"name":"wp","href":"https:\/\/api.w.org\/{rel}","templated":true}]}}