{"id":14667,"date":"2018-08-31T12:42:13","date_gmt":"2018-08-31T10:42:13","guid":{"rendered":"http:\/\/www.ades-grenoble.org\/wordpress\/?p=14667"},"modified":"2018-08-31T14:17:57","modified_gmt":"2018-08-31T12:17:57","slug":"le-rapport-cache-cap-22-enfin-rendu-publicet-cest-pas-triste","status":"publish","type":"post","link":"https:\/\/www.ades-grenoble.org\/wordpress\/2018\/08\/31\/le-rapport-cache-cap-22-enfin-rendu-publicet-cest-pas-triste\/","title":{"rendered":"Le rapport cach\u00e9, \u00ab Cap 22 \u00bb enfin rendu public\u2026et c\u2019est pas triste !"},"content":{"rendered":"<p style=\"text-align: justify;\"><img loading=\"lazy\" decoding=\"async\" class=\"size-full wp-image-14668 alignleft\" src=\"http:\/\/www.ades-grenoble.org\/wordpress\/wp-content\/uploads\/2018\/08\/Solidaires-FP.jpg\" alt=\"\" width=\"400\" height=\"268\" srcset=\"https:\/\/www.ades-grenoble.org\/wordpress\/wp-content\/uploads\/2018\/08\/Solidaires-FP.jpg 400w, https:\/\/www.ades-grenoble.org\/wordpress\/wp-content\/uploads\/2018\/08\/Solidaires-FP-150x101.jpg 150w, https:\/\/www.ades-grenoble.org\/wordpress\/wp-content\/uploads\/2018\/08\/Solidaires-FP-300x201.jpg 300w\" sizes=\"auto, (max-width: 400px) 100vw, 400px\" \/>Si vous voulez d\u00e9primer en cette fin de p\u00e9riode estivale, il n\u2019y a qu\u2019\u00e0 lire le rapport du \u00ab\u00a0<em>comit\u00e9 d\u2019action publique 2022<\/em>\u00a0\u00bb, command\u00e9 par le gouvernement et soigneusement gard\u00e9 secret car trop explosif. Heureusement <a href=\"https:\/\/solidairesfinancespubliques.org\/le-syndicat\/nos-engagements\/solidaires-fonction-publique\/1626-le-voila-le-rapport-cap-22.html\" target=\"_blank\" rel=\"noopener\">le <em>\u00ab\u00a0syndicat solidaire des finances publiques<\/em>\u00a0\u00bb l\u2019a rendu public<\/a> le 20 juillet.<\/p>\n<p style=\"text-align: justify;\">Voici des extraits de la lettre de mission du 1<sup>er<\/sup> ministre aux pr\u00e9sidents de ce comit\u00e9 pour bien comprendre le but de ce travail\u00a0: Il y a 3 objectifs prioritaires, les deux premiers sont tr\u00e8s sympathiques\u00a0: \u00ab\u00a0<em>1) am\u00e9liorer la qualit\u00e9 des services publics, en d\u00e9veloppant la relation de confiance entre les usagers et les administrations et en travaillant prioritairement sur la transformation num\u00e9rique. 2) Offrir aux agents publics un environnement de travail modernis\u00e9 en les impliquant pleinement dans la d\u00e9finition et le suivi des transformations\u00a0\u00bb<\/em><\/p>\n<p style=\"text-align: justify;\">Par contre le coup de bambou arrive avec le troisi\u00e8me\u00a0objectif prioritaire :\u00a0<em>\u00ab\u00a0accompagner rapidement la baisse des d\u00e9penses publiques avec un engagement ferme\u00a0: r\u00e9duire de trois points la part de la d\u00e9pense publique dans le PIB d\u2019ici 2022.\u00a0\u00bb<\/em><\/p>\n<p style=\"text-align: justify;\"><!--more--><\/p>\n<p style=\"text-align: justify;\">Le PIB est d\u2019environ 2300 milliards d\u2019euros, trois points repr\u00e9sentent 70 milliards d\u2019euros \u00e0 \u00e9conomiser (si on ne tient pas compte de l\u2019inflation d\u2019ici 2022)\u00a0!!!<\/p>\n<p style=\"text-align: justify;\">Le rapport qui s\u2019intitule\u00a0: <em>\u00ab\u00a0Action publique 2022 SERVICE PUBLIC se r\u00e9inventer pour mieux servir Nos 22 propositions pour changer de mod\u00e8le.\u00a0<\/em>\u00bb propose une s\u00e9rie d\u2019\u00e9conomies (qui sont loin d\u2019atteindre les 70 milliards) en d\u00e9glinguant hardiment les services publics, en changeant les statuts, externalisant au priv\u00e9 \u00e0 tour de bras\u2026<\/p>\n<p style=\"text-align: justify;\">On v\u00e9rifie clairement qu\u2019elle va \u00eatre la poursuite de la politique marconienne et il faudrait que l\u2019ensemble des personnes attach\u00e9es \u00e0 notre mod\u00e8le social r\u00e9agissent fortement pour enrayer cette destruction syst\u00e9matique des services publics. Il faut \u00eatre pr\u00eat \u00e0 am\u00e9liorer beaucoup de choses dans les services publics mais \u00e0 condition de conserver les valeurs de solidarit\u00e9, d\u2019\u00e9quit\u00e9 et de respect des droits de toutes et tous et ne pas tout mettre en concurrence.<\/p>\n<p style=\"text-align: justify;\">L\u2019application de la purge propos\u00e9e par \u00ab\u00a0\u00ab\u00a0Cap 22 est sugg\u00e9r\u00e9e aux pr\u00e9fets dans une circulaire du 24 juillet 2018 du premier ministre sur l\u2019organisation territoriale des services publics : pour encourager les pr\u00e9fets a bien \u00e9conomiser en r\u00e9duisant ou supprimant les services publics, il pourront recevoir des primes d&rsquo;int\u00e9ressement\u00a0!!!<\/p>\n<p style=\"text-align: justify;\">Le Premier Ministre leur donne jusqu&rsquo;\u00e0 la mi-octobre pour proposer une r\u00e9organisation des services publics, sans perdre de vue l&rsquo;objectif fix\u00e9 par Emmanuel Macron : la suppression de 50 000 postes de fonctionnaires (d\u2019Etat) pendant son mandat auquel il faudra ajouter la suppression de 70\u00a0000 postes dans les collectivit\u00e9s locales.<\/p>\n<p style=\"text-align: justify;\">Il y a fort \u00e0 parier que les pr\u00e9fets proposeront des r\u00e9organisations qui p\u00e8seront lourdement sur les collectivit\u00e9s.<\/p>\n","protected":false},"excerpt":{"rendered":"<p>Si vous voulez d\u00e9primer en cette fin de p\u00e9riode estivale, il n\u2019y a qu\u2019\u00e0 lire le rapport du \u00ab\u00a0comit\u00e9 d\u2019action publique 2022\u00a0\u00bb, command\u00e9 par le gouvernement et soigneusement gard\u00e9 secret car trop explosif. Heureusement le \u00ab\u00a0syndicat solidaire des finances publiques\u00a0\u00bb l\u2019a rendu public le 20 juillet. Voici des extraits de la lettre de mission du [&hellip;]<\/p>\n","protected":false},"author":1,"featured_media":0,"comment_status":"closed","ping_status":"open","sticky":false,"template":"","format":"standard","meta":{"twitterCardType":"","cardImageID":0,"cardImage":"","cardTitle":"","cardDesc":"","cardImageAlt":"","cardPlayer":"","cardPlayerWidth":0,"cardPlayerHeight":0,"cardPlayerStream":"","cardPlayerCodec":"","footnotes":""},"categories":[62,11],"tags":[194,270,196,138],"class_list":["post-14667","post","type-post","status-publish","format-standard","hentry","category-le-rouge-le-vert-hebdo","category-politique-locale","tag-austerite","tag-budget","tag-etat","tag-finances"],"_links":{"self":[{"href":"https:\/\/www.ades-grenoble.org\/wordpress\/wp-json\/wp\/v2\/posts\/14667","targetHints":{"allow":["GET"]}}],"collection":[{"href":"https:\/\/www.ades-grenoble.org\/wordpress\/wp-json\/wp\/v2\/posts"}],"about":[{"href":"https:\/\/www.ades-grenoble.org\/wordpress\/wp-json\/wp\/v2\/types\/post"}],"author":[{"embeddable":true,"href":"https:\/\/www.ades-grenoble.org\/wordpress\/wp-json\/wp\/v2\/users\/1"}],"replies":[{"embeddable":true,"href":"https:\/\/www.ades-grenoble.org\/wordpress\/wp-json\/wp\/v2\/comments?post=14667"}],"version-history":[{"count":1,"href":"https:\/\/www.ades-grenoble.org\/wordpress\/wp-json\/wp\/v2\/posts\/14667\/revisions"}],"predecessor-version":[{"id":14669,"href":"https:\/\/www.ades-grenoble.org\/wordpress\/wp-json\/wp\/v2\/posts\/14667\/revisions\/14669"}],"wp:attachment":[{"href":"https:\/\/www.ades-grenoble.org\/wordpress\/wp-json\/wp\/v2\/media?parent=14667"}],"wp:term":[{"taxonomy":"category","embeddable":true,"href":"https:\/\/www.ades-grenoble.org\/wordpress\/wp-json\/wp\/v2\/categories?post=14667"},{"taxonomy":"post_tag","embeddable":true,"href":"https:\/\/www.ades-grenoble.org\/wordpress\/wp-json\/wp\/v2\/tags?post=14667"}],"curies":[{"name":"wp","href":"https:\/\/api.w.org\/{rel}","templated":true}]}}