{"id":14674,"date":"2018-08-31T12:49:33","date_gmt":"2018-08-31T10:49:33","guid":{"rendered":"http:\/\/www.ades-grenoble.org\/wordpress\/?p=14674"},"modified":"2018-08-31T14:18:15","modified_gmt":"2018-08-31T12:18:15","slug":"plan-de-deplacement-urbain-bientot-lenquete-publique","status":"publish","type":"post","link":"https:\/\/www.ades-grenoble.org\/wordpress\/2018\/08\/31\/plan-de-deplacement-urbain-bientot-lenquete-publique\/","title":{"rendered":"Plan de d\u00e9placement urbain, bient\u00f4t l\u2019enqu\u00eate publique"},"content":{"rendered":"<p style=\"text-align: justify;\"><img loading=\"lazy\" decoding=\"async\" class=\"size-full wp-image-14163 alignleft\" src=\"http:\/\/www.ades-grenoble.org\/wordpress\/wp-content\/uploads\/2018\/04\/PDU2030.jpg\" alt=\"\" width=\"350\" height=\"164\" srcset=\"https:\/\/www.ades-grenoble.org\/wordpress\/wp-content\/uploads\/2018\/04\/PDU2030.jpg 350w, https:\/\/www.ades-grenoble.org\/wordpress\/wp-content\/uploads\/2018\/04\/PDU2030-150x70.jpg 150w, https:\/\/www.ades-grenoble.org\/wordpress\/wp-content\/uploads\/2018\/04\/PDU2030-300x141.jpg 300w\" sizes=\"auto, (max-width: 350px) 100vw, 350px\" \/>Enfin l\u2019agglom\u00e9ration va bient\u00f4t pouvoir disposer d\u2019un Plan de D\u00e9placement Urbain \u00e0 l\u2019issue d\u2019une\u00a0enqu\u00eate publique qui se d\u00e9roulera du\u00a017 septembre au 19 octobre 2018. Le pilote de l\u2019\u00e9laboration de ce nouveau PDU-2030 est le SMTC qui est l\u2019autorit\u00e9 organisatrice de la mobilit\u00e9. Il est dommage qu\u2019il ait fallu attendre tant d\u2019ann\u00e9es pour que les institutions se mettent en accord avec la loi qui oblige les agglom\u00e9rations importantes \u00e0 avoir un PDU. Les pr\u00e9c\u00e9dents PDU ont \u00e9t\u00e9 annul\u00e9s suite \u00e0 nos recours, car ils comportaient le projet de Rocade Nord, ce qui aurait renforc\u00e9 l\u2019appel \u00e0 la voiture comme mode de transport et facilit\u00e9 la p\u00e9riurbanisation.<\/p>\n<p style=\"text-align: justify;\">Il aurait \u00e9t\u00e9 plus confortable pour le d\u00e9bat public que le PDU ait exist\u00e9 avant la d\u00e9cision d\u2019\u00e9largissement de l\u2019A480.<\/p>\n<p style=\"text-align: justify;\">En attendant l\u2019ouverture de l\u2019enqu\u00eate publique, le projet de PDU est accessible en ligne sur <a href=\"http:\/\/www.smtc-grenoble.org\/le-pdu-horizon-2030\" target=\"_blank\" rel=\"noopener\">le site du SMTC<\/a>.<\/p>\n<p><!--more--><\/p>\n<p style=\"text-align: justify;\"><strong>Deux r\u00e9unions publiques sont organis\u00e9es avant l\u2019enqu\u00eate publique \u00e0 l\u2019auditorium du Mus\u00e9e de Grenoble \u00e0 19 h 30<\/strong>\u00a0:<\/p>\n<p style=\"text-align: justify;\"><u>Mardi 4 septembre\u00a0<\/u>:\u00a0<em>Nouvelles liaisons, nouvelles combinaisons, nouvelles mobilit\u00e9s<\/em>,\u00a0une conf\u00e9rence-d\u00e9bat anim\u00e9e par\u00a0Thibaud LEDUC, journaliste \u00e0 T\u00e9l\u00e9 Grenoble, en pr\u00e9sence notamment de\u00a0Vincent KAUFMANN\u00a0(sociologue des mobilit\u00e9s) et de\u00a0Marie-Christine FOURNY\u00a0(g\u00e9ographe, professeure \u00e0 l\u2019universit\u00e9 Grenoble Alpes)<\/p>\n<p style=\"text-align: justify;\"><u>Jeudi 13 septembre\u00a0<\/u>:\u00a0<em>Nouveaux services, nouvelles \u00e9nergies, nouveaux usages<\/em>,\u00a0une conf\u00e9rence-d\u00e9bat anim\u00e9e par\u00a0Olivier RAZEMON, journaliste sp\u00e9cialiste des mobilit\u00e9s, en pr\u00e9sence notamment\u00a0d\u2019Audrey PULVAR\u00a0(Fondation pour la Nature et l\u2019Homme) et de\u00a0David CAUBEL\u00a0(Minist\u00e8re de la transition \u00e9cologique et solidaire)<\/p>\n","protected":false},"excerpt":{"rendered":"<p>Enfin l\u2019agglom\u00e9ration va bient\u00f4t pouvoir disposer d\u2019un Plan de D\u00e9placement Urbain \u00e0 l\u2019issue d\u2019une\u00a0enqu\u00eate publique qui se d\u00e9roulera du\u00a017 septembre au 19 octobre 2018. Le pilote de l\u2019\u00e9laboration de ce nouveau PDU-2030 est le SMTC qui est l\u2019autorit\u00e9 organisatrice de la mobilit\u00e9. Il est dommage qu\u2019il ait fallu attendre tant d\u2019ann\u00e9es pour que les institutions [&hellip;]<\/p>\n","protected":false},"author":1,"featured_media":0,"comment_status":"closed","ping_status":"open","sticky":false,"template":"","format":"standard","meta":{"twitterCardType":"","cardImageID":0,"cardImage":"","cardTitle":"","cardDesc":"","cardImageAlt":"","cardPlayer":"","cardPlayerWidth":0,"cardPlayerHeight":0,"cardPlayerStream":"","cardPlayerCodec":"","footnotes":""},"categories":[62,11],"tags":[5,280,49,77],"class_list":["post-14674","post","type-post","status-publish","format-standard","hentry","category-le-rouge-le-vert-hebdo","category-politique-locale","tag-deplacements","tag-metropole","tag-pdu","tag-smtc"],"_links":{"self":[{"href":"https:\/\/www.ades-grenoble.org\/wordpress\/wp-json\/wp\/v2\/posts\/14674","targetHints":{"allow":["GET"]}}],"collection":[{"href":"https:\/\/www.ades-grenoble.org\/wordpress\/wp-json\/wp\/v2\/posts"}],"about":[{"href":"https:\/\/www.ades-grenoble.org\/wordpress\/wp-json\/wp\/v2\/types\/post"}],"author":[{"embeddable":true,"href":"https:\/\/www.ades-grenoble.org\/wordpress\/wp-json\/wp\/v2\/users\/1"}],"replies":[{"embeddable":true,"href":"https:\/\/www.ades-grenoble.org\/wordpress\/wp-json\/wp\/v2\/comments?post=14674"}],"version-history":[{"count":1,"href":"https:\/\/www.ades-grenoble.org\/wordpress\/wp-json\/wp\/v2\/posts\/14674\/revisions"}],"predecessor-version":[{"id":14675,"href":"https:\/\/www.ades-grenoble.org\/wordpress\/wp-json\/wp\/v2\/posts\/14674\/revisions\/14675"}],"wp:attachment":[{"href":"https:\/\/www.ades-grenoble.org\/wordpress\/wp-json\/wp\/v2\/media?parent=14674"}],"wp:term":[{"taxonomy":"category","embeddable":true,"href":"https:\/\/www.ades-grenoble.org\/wordpress\/wp-json\/wp\/v2\/categories?post=14674"},{"taxonomy":"post_tag","embeddable":true,"href":"https:\/\/www.ades-grenoble.org\/wordpress\/wp-json\/wp\/v2\/tags?post=14674"}],"curies":[{"name":"wp","href":"https:\/\/api.w.org\/{rel}","templated":true}]}}