{"id":14695,"date":"2018-09-07T10:25:30","date_gmt":"2018-09-07T08:25:30","guid":{"rendered":"http:\/\/www.ades-grenoble.org\/wordpress\/?p=14695"},"modified":"2018-09-07T14:44:32","modified_gmt":"2018-09-07T12:44:32","slug":"les-missions-locales-refusent-la-perspective-detre-dissoutes-dans-pole-emploi","status":"publish","type":"post","link":"https:\/\/www.ades-grenoble.org\/wordpress\/2018\/09\/07\/les-missions-locales-refusent-la-perspective-detre-dissoutes-dans-pole-emploi\/","title":{"rendered":"Les missions locales refusent la perspective d\u2019\u00eatre dissoutes dans P\u00f4le emploi"},"content":{"rendered":"<p style=\"text-align: justify;\"><img loading=\"lazy\" decoding=\"async\" class=\"size-full wp-image-11166 alignleft\" src=\"http:\/\/www.ades-grenoble.org\/wordpress\/wp-content\/uploads\/2016\/01\/MissionLocaleGrenoble.jpg\" alt=\"\" width=\"199\" height=\"128\" srcset=\"https:\/\/www.ades-grenoble.org\/wordpress\/wp-content\/uploads\/2016\/01\/MissionLocaleGrenoble.jpg 199w, https:\/\/www.ades-grenoble.org\/wordpress\/wp-content\/uploads\/2016\/01\/MissionLocaleGrenoble-150x96.jpg 150w\" sizes=\"auto, (max-width: 199px) 100vw, 199px\" \/>Attention, une nouvelle tentative de recentralisation de l\u2019action publique se profile autour de l\u2019avenir des Missions locales. L\u2019Union nationale des missions locales (UNML) a transmis le 3 septembre, un courrier au Premier ministre pour lui demander une audience, car les missions n\u2019ont toujours pas re\u00e7u d\u2019explication \u00e0 l\u2019id\u00e9e \u00e9mise par le Premier ministre, cet \u00e9t\u00e9, de \u00ab\u00a0<em>fusionner les structures de la mission locale au sein de P\u00f4le emploi avec une gouvernance adapt\u00e9e<\/em>\u00a0\u00bb. Une formulation elliptique qui a provoqu\u00e9 une grande surprise \u00e0 l\u2019UNML, alors qu\u2019il n\u2019y a pas eu la moindre concertation sur ce sujet.<\/p>\n<p style=\"text-align: justify;\">Le courrier rappelle que cette id\u00e9e a \u00e9t\u00e9 exprim\u00e9e dans un communiqu\u00e9 de presse de Matignon faisant suite \u00e0 un \u00ab\u00a0<em>atelier Action publique 2022<\/em>\u00a0\u00bb, proposant \u00e0 des collectivit\u00e9s volontaires d\u2019exp\u00e9rimenter cette fusion. Le communiqu\u00e9 disait que \u00ab<em> l\u2019action des diff\u00e9rents acteurs du service public de l\u2019emploi est aujourd\u2019hui excessivement \u00e9clat\u00e9e<\/em>\u00a0\u00bb. Le Premier ministre concluait qu\u2019il faudrait \u00ab\u00a0<em>une meilleure articulation entre P\u00f4le emploi, les missions locales et les Cap Emploi<\/em>\u00a0\u00bb. D\u2019o\u00f9 l\u2019id\u00e9e de cette \u00ab\u00a0<em>exp\u00e9rimentation<\/em>\u00a0\u00bb de la fusion des missions locales au sein de P\u00f4le emploi.<\/p>\n<p><!--more--><\/p>\n<p style=\"text-align: justify;\">Les missions locales craignent que cette annonce cache \u00ab\u00a0<em>une remise en cause de la sp\u00e9cificit\u00e9 de l\u2019accompagnement global des jeunes et de l\u2019ancrage territorial des missions, avec l\u2019engagement politique et financier fort des \u00e9lus<\/em>\u00a0\u00bb. L\u2019UNML est en d\u00e9saccord avec les conclusions du gouvernement sur le manque de coordination entre les missions locales et P\u00f4le emploi, elle rappelle \u00ab\u00a0<em>que les missions locales ont d\u00e9velopp\u00e9 depuis leur cr\u00e9ation un partenariat renforc\u00e9 avec P\u00f4le emploi, pour am\u00e9liorer la coordination et la compl\u00e9mentarit\u00e9 de leurs interventions aupr\u00e8s des jeunes mais aussi des entreprises, selon leur sp\u00e9cificit\u00e9 au sein du Service public de l\u2019emploi.<\/em>\u00a0\u00bb Le pr\u00e9sident de l\u2019UNML esp\u00e8re obtenir une audience aupr\u00e8s du Premier ministre pour \u00ab\u00a0<em>obtenir des pr\u00e9cisions sur (ses) intentions et (le) sensibiliser sur les cons\u00e9quences qu\u2019aurait une telle d\u00e9cision pour la jeunesse de notre pays<\/em>\u00a0\u00bb.<\/p>\n<p style=\"text-align: justify;\">Pour lire le communiqu\u00e9 de l&rsquo;UNML, cliquez <a href=\"https:\/\/www.unml.info\/actualites\/representation-du-reseau\/20181\/communique-interpellation-du-premier-ministre-par-lunml.html\" target=\"_blank\" rel=\"noopener\">ici<\/a>.<\/p>\n<p style=\"text-align: justify;\">\n","protected":false},"excerpt":{"rendered":"<p>Attention, une nouvelle tentative de recentralisation de l\u2019action publique se profile autour de l\u2019avenir des Missions locales. L\u2019Union nationale des missions locales (UNML) a transmis le 3 septembre, un courrier au Premier ministre pour lui demander une audience, car les missions n\u2019ont toujours pas re\u00e7u d\u2019explication \u00e0 l\u2019id\u00e9e \u00e9mise par le Premier ministre, cet \u00e9t\u00e9, [&hellip;]<\/p>\n","protected":false},"author":1,"featured_media":0,"comment_status":"closed","ping_status":"open","sticky":false,"template":"","format":"standard","meta":{"twitterCardType":"","cardImageID":0,"cardImage":"","cardTitle":"","cardDesc":"","cardImageAlt":"","cardPlayer":"","cardPlayerWidth":0,"cardPlayerHeight":0,"cardPlayerStream":"","cardPlayerCodec":"","footnotes":""},"categories":[62,11],"tags":[198,197,200,33],"class_list":["post-14695","post","type-post","status-publish","format-standard","hentry","category-le-rouge-le-vert-hebdo","category-politique-locale","tag-chomage","tag-emploi","tag-jeunesse","tag-social"],"_links":{"self":[{"href":"https:\/\/www.ades-grenoble.org\/wordpress\/wp-json\/wp\/v2\/posts\/14695","targetHints":{"allow":["GET"]}}],"collection":[{"href":"https:\/\/www.ades-grenoble.org\/wordpress\/wp-json\/wp\/v2\/posts"}],"about":[{"href":"https:\/\/www.ades-grenoble.org\/wordpress\/wp-json\/wp\/v2\/types\/post"}],"author":[{"embeddable":true,"href":"https:\/\/www.ades-grenoble.org\/wordpress\/wp-json\/wp\/v2\/users\/1"}],"replies":[{"embeddable":true,"href":"https:\/\/www.ades-grenoble.org\/wordpress\/wp-json\/wp\/v2\/comments?post=14695"}],"version-history":[{"count":1,"href":"https:\/\/www.ades-grenoble.org\/wordpress\/wp-json\/wp\/v2\/posts\/14695\/revisions"}],"predecessor-version":[{"id":14696,"href":"https:\/\/www.ades-grenoble.org\/wordpress\/wp-json\/wp\/v2\/posts\/14695\/revisions\/14696"}],"wp:attachment":[{"href":"https:\/\/www.ades-grenoble.org\/wordpress\/wp-json\/wp\/v2\/media?parent=14695"}],"wp:term":[{"taxonomy":"category","embeddable":true,"href":"https:\/\/www.ades-grenoble.org\/wordpress\/wp-json\/wp\/v2\/categories?post=14695"},{"taxonomy":"post_tag","embeddable":true,"href":"https:\/\/www.ades-grenoble.org\/wordpress\/wp-json\/wp\/v2\/tags?post=14695"}],"curies":[{"name":"wp","href":"https:\/\/api.w.org\/{rel}","templated":true}]}}