{"id":14697,"date":"2018-09-07T10:27:50","date_gmt":"2018-09-07T08:27:50","guid":{"rendered":"http:\/\/www.ades-grenoble.org\/wordpress\/?p=14697"},"modified":"2018-09-07T14:44:47","modified_gmt":"2018-09-07T12:44:47","slug":"cartographie-interactive-sur-les-conditions-de-vie-des-enfants-dans-chaque-commune","status":"publish","type":"post","link":"https:\/\/www.ades-grenoble.org\/wordpress\/2018\/09\/07\/cartographie-interactive-sur-les-conditions-de-vie-des-enfants-dans-chaque-commune\/","title":{"rendered":"Cartographie interactive sur les conditions de vie des enfants, dans chaque commune"},"content":{"rendered":"<p style=\"text-align: justify;\"><img loading=\"lazy\" decoding=\"async\" class=\"size-full wp-image-12197 alignleft\" src=\"http:\/\/www.ades-grenoble.org\/wordpress\/wp-content\/uploads\/2016\/11\/logo-drees.jpg\" alt=\"\" width=\"186\" height=\"88\" srcset=\"https:\/\/www.ades-grenoble.org\/wordpress\/wp-content\/uploads\/2016\/11\/logo-drees.jpg 186w, https:\/\/www.ades-grenoble.org\/wordpress\/wp-content\/uploads\/2016\/11\/logo-drees-150x71.jpg 150w\" sizes=\"auto, (max-width: 186px) 100vw, 186px\" \/>La Direction de la recherche, des \u00e9tudes, de l\u2019\u00e9valuation et des statistiques (DREES) propose<a href=\"http:\/\/dataviz.drees.solidarites-sante.gouv.fr\/conditions_de_vie_des_enfants\/\" target=\"_blank\" rel=\"noopener\"> un nouvel outil de visualisation des donn\u00e9es<\/a>, mis en ligne le 30 ao\u00fbt, qui rassemble un grand nombre de donn\u00e9es sur les conditions de vie des enfants au niveau communal. En cliquant sur la carte interactive et en \u00ab\u00a0zoomant\u00a0\u00bb pour aller sur la commune recherch\u00e9e, on y trouve les th\u00e8mes suivants pour les enfants de moins de 18 ans : l&rsquo;accueil des jeunes enfants (accessibilit\u00e9 des places en cr\u00e8ches et hors cr\u00e8ches, accessibilit\u00e9 aux places des modes d&rsquo;accueil formel), la d\u00e9mographie (avec en particulier la part d&rsquo;enfants mineurs dans les foyers monoparentaux et dans les familles nombreuses), l&rsquo;\u00e9conomie (niveau de vie m\u00e9dian, part des familles sous le seuil de bas revenu, part d&rsquo;enfants avec un parent au ch\u00f4mage&#8230;), l&rsquo;\u00e9ducation (acc\u00e8s \u00e0 l&rsquo;\u00e9ducation et aux services scolaires, \u00e9cole et r\u00e9sultats scolaires), le logement (suroccupation, anciennet\u00e9, logement social, co\u00fbt relatif du logement), les loisirs (en l&rsquo;occurrence les activit\u00e9s sportives) et la sant\u00e9 (acc\u00e8s aux soins et recours aux soins, avec des chiffres tr\u00e8s d\u00e9taill\u00e9s sur ce dernier point). Soit plus de 65 indicateurs.<\/p>\n<p><!--more--><\/p>\n<p style=\"text-align: justify;\">Les donn\u00e9es comparent la situation communale, \u00e0 celle du d\u00e9partement et au niveau national. On peut s\u2019apercevoir que la ville de Grenoble accueille beaucoup plus de tr\u00e8s jeunes enfants que la moyenne is\u00e9roise et nationale, d\u2019o\u00f9 la n\u00e9cessit\u00e9 d\u2019agrandir les \u00e9coles et du plan \u00e9cole qui a rattrap\u00e9 le retard pris les ann\u00e9es pr\u00e9c\u00e9dentes. Il faut noter la r\u00e9activit\u00e9 de la nouvelle \u00e9quipe municipale qui s\u2019est vite aper\u00e7ue qu\u2019il y allait avoir un vrai probl\u00e8me d\u2019accueil des enfants dans les \u00e9coles grenobloises.<\/p>\n<p style=\"text-align: justify;\">\n","protected":false},"excerpt":{"rendered":"<p>La Direction de la recherche, des \u00e9tudes, de l\u2019\u00e9valuation et des statistiques (DREES) propose un nouvel outil de visualisation des donn\u00e9es, mis en ligne le 30 ao\u00fbt, qui rassemble un grand nombre de donn\u00e9es sur les conditions de vie des enfants au niveau communal. En cliquant sur la carte interactive et en \u00ab\u00a0zoomant\u00a0\u00bb pour aller [&hellip;]<\/p>\n","protected":false},"author":1,"featured_media":0,"comment_status":"closed","ping_status":"open","sticky":false,"template":"","format":"standard","meta":{"twitterCardType":"","cardImageID":0,"cardImage":"","cardTitle":"","cardDesc":"","cardImageAlt":"","cardPlayer":"","cardPlayerWidth":0,"cardPlayerHeight":0,"cardPlayerStream":"","cardPlayerCodec":"","footnotes":""},"categories":[62,11],"tags":[200,33],"class_list":["post-14697","post","type-post","status-publish","format-standard","hentry","category-le-rouge-le-vert-hebdo","category-politique-locale","tag-jeunesse","tag-social"],"_links":{"self":[{"href":"https:\/\/www.ades-grenoble.org\/wordpress\/wp-json\/wp\/v2\/posts\/14697","targetHints":{"allow":["GET"]}}],"collection":[{"href":"https:\/\/www.ades-grenoble.org\/wordpress\/wp-json\/wp\/v2\/posts"}],"about":[{"href":"https:\/\/www.ades-grenoble.org\/wordpress\/wp-json\/wp\/v2\/types\/post"}],"author":[{"embeddable":true,"href":"https:\/\/www.ades-grenoble.org\/wordpress\/wp-json\/wp\/v2\/users\/1"}],"replies":[{"embeddable":true,"href":"https:\/\/www.ades-grenoble.org\/wordpress\/wp-json\/wp\/v2\/comments?post=14697"}],"version-history":[{"count":1,"href":"https:\/\/www.ades-grenoble.org\/wordpress\/wp-json\/wp\/v2\/posts\/14697\/revisions"}],"predecessor-version":[{"id":14698,"href":"https:\/\/www.ades-grenoble.org\/wordpress\/wp-json\/wp\/v2\/posts\/14697\/revisions\/14698"}],"wp:attachment":[{"href":"https:\/\/www.ades-grenoble.org\/wordpress\/wp-json\/wp\/v2\/media?parent=14697"}],"wp:term":[{"taxonomy":"category","embeddable":true,"href":"https:\/\/www.ades-grenoble.org\/wordpress\/wp-json\/wp\/v2\/categories?post=14697"},{"taxonomy":"post_tag","embeddable":true,"href":"https:\/\/www.ades-grenoble.org\/wordpress\/wp-json\/wp\/v2\/tags?post=14697"}],"curies":[{"name":"wp","href":"https:\/\/api.w.org\/{rel}","templated":true}]}}