{"id":14709,"date":"2018-09-07T14:03:59","date_gmt":"2018-09-07T12:03:59","guid":{"rendered":"http:\/\/www.ades-grenoble.org\/wordpress\/?p=14709"},"modified":"2018-09-07T14:45:49","modified_gmt":"2018-09-07T12:45:49","slug":"programmation-pluriannuelle-de-lenergie-le-bilan-de-la-cndp-est-rendu-public","status":"publish","type":"post","link":"https:\/\/www.ades-grenoble.org\/wordpress\/2018\/09\/07\/programmation-pluriannuelle-de-lenergie-le-bilan-de-la-cndp-est-rendu-public\/","title":{"rendered":"Programmation pluriannuelle de l&rsquo;\u00e9nergie, le bilan de la CNDP est rendu public"},"content":{"rendered":"<p style=\"text-align: justify;\"><img loading=\"lazy\" decoding=\"async\" class=\"size-full wp-image-14103 alignleft\" src=\"http:\/\/www.ades-grenoble.org\/wordpress\/wp-content\/uploads\/2018\/03\/CNDP.jpg\" alt=\"\" width=\"300\" height=\"112\" srcset=\"https:\/\/www.ades-grenoble.org\/wordpress\/wp-content\/uploads\/2018\/03\/CNDP.jpg 300w, https:\/\/www.ades-grenoble.org\/wordpress\/wp-content\/uploads\/2018\/03\/CNDP-150x56.jpg 150w\" sizes=\"auto, (max-width: 300px) 100vw, 300px\" \/>La programmation pluriannuelle de l\u2019\u00e9nergie (PPE) a \u00e9t\u00e9 cr\u00e9\u00e9e par la loi de transition \u00e9nerg\u00e9tique pour la croissance verte en 2015. Cette loi traduit les orientations et priorit\u00e9s d\u2019action des pouvoirs publics pour la gestion de l\u2019ensemble des formes d\u2019\u00e9nergie sur le territoire m\u00e9tropolitain. Les nouvelles dispositions l\u00e9gales issues de l\u2019ordonnance du 3 ao\u00fbt 2016 pr\u00e9voient que la CNDP (Commission nationale du d\u00e9bat public) soit saisie des plans ou programmes soumis \u00e0 \u00e9valuation environnementale, dont la PPE. Elle a donc \u00e9t\u00e9 saisie par le Minist\u00e8re de la Transition \u00e9cologique et solidaire le 10 ao\u00fbt 2017 pour l\u2019organisation de ce d\u00e9bat public qui s&rsquo;est d\u00e9roul\u00e9 du 19 mars au 30 juin, pilot\u00e9 par la commission particuli\u00e8re du d\u00e9bat public (CPDP) sp\u00e9cifiquement mise en place pour organiser ce d\u00e9bat. La CNDP vient de rendre public, le 30 ao\u00fbt, le bilan qu\u2019elle a r\u00e9dig\u00e9 et le compte rendu du d\u00e9bat organis\u00e9 par la CPDP.<\/p>\n<p style=\"text-align: justify;\">La CNDP note que le d\u00e9bat s&rsquo;est focalis\u00e9 sur des sc\u00e9narios prospectifs et sa tournure a favoris\u00e9 l&rsquo;orientation des \u00e9changes vers l&rsquo;\u00e9lectricit\u00e9. Elle recommande au ma\u00eetre d&rsquo;ouvrage le maintien de <em>\u00ab\u00a0sc\u00e9narios prospectifs de production respectant les objectifs de la loi de transition \u00e9nerg\u00e9tique, portant sur l&rsquo;ensemble du syst\u00e8me \u00e9nerg\u00e9tique et pas seulement sur l&rsquo;\u00e9lectricit\u00e9, tenant compte des incertitudes li\u00e9es \u00e0 l&rsquo;environnement des politiques \u00e9nerg\u00e9tiques\u00a0\u00bb.<\/em><\/p>\n<p style=\"text-align: justify;\">Les collectivit\u00e9s locales se sont impliqu\u00e9es dans le d\u00e9bat. Il en ressort la demande d&rsquo;un renforcement de la place du local dans un pilotage fin de la politique \u00e9nerg\u00e9tique. Il a \u00e9t\u00e9 constat\u00e9 la mont\u00e9e en puissance des services publics locaux de l&rsquo;\u00e9nergie et la n\u00e9cessit\u00e9 d&rsquo;une r\u00e9gionalisation des appels d&rsquo;offres d&rsquo;\u00e9nergies renouvelables pour r\u00e9duire les effets de concurrence entre les r\u00e9gions in\u00e9galement dot\u00e9es quant \u00e0 la ressource et mieux r\u00e9partir les \u00e9nergies sur les territoires. Un dernier enseignement important du d\u00e9bat est l&rsquo;exigence de justice sociale car il est not\u00e9 que la transition \u00e9nerg\u00e9tique et les \u00e9nergies nouvelles sont v\u00e9cues parfois comme une forme de luxe inaccessible, r\u00e9serv\u00e9es \u00e0 certaines cat\u00e9gories de la population.<\/p>\n<p style=\"text-align: justify;\">Pour lire le compte-rendu cliquez <a href=\"https:\/\/www.debatpublic.fr\/debat-public-programmation-pluriannuelle-lenergie-publication-du-compte-rendu-du-bilan\" target=\"_blank\" rel=\"noopener\">ici<\/a>.<\/p>\n<p style=\"text-align: justify;\">\n","protected":false},"excerpt":{"rendered":"<p>La programmation pluriannuelle de l\u2019\u00e9nergie (PPE) a \u00e9t\u00e9 cr\u00e9\u00e9e par la loi de transition \u00e9nerg\u00e9tique pour la croissance verte en 2015. Cette loi traduit les orientations et priorit\u00e9s d\u2019action des pouvoirs publics pour la gestion de l\u2019ensemble des formes d\u2019\u00e9nergie sur le territoire m\u00e9tropolitain. Les nouvelles dispositions l\u00e9gales issues de l\u2019ordonnance du 3 ao\u00fbt 2016 [&hellip;]<\/p>\n","protected":false},"author":1,"featured_media":0,"comment_status":"closed","ping_status":"open","sticky":false,"template":"","format":"standard","meta":{"twitterCardType":"","cardImageID":0,"cardImage":"","cardTitle":"","cardDesc":"","cardImageAlt":"","cardPlayer":"","cardPlayerWidth":0,"cardPlayerHeight":0,"cardPlayerStream":"","cardPlayerCodec":"","footnotes":""},"categories":[62,11],"tags":[242,235],"class_list":["post-14709","post","type-post","status-publish","format-standard","hentry","category-le-rouge-le-vert-hebdo","category-politique-locale","tag-developpement-durable","tag-energie"],"_links":{"self":[{"href":"https:\/\/www.ades-grenoble.org\/wordpress\/wp-json\/wp\/v2\/posts\/14709","targetHints":{"allow":["GET"]}}],"collection":[{"href":"https:\/\/www.ades-grenoble.org\/wordpress\/wp-json\/wp\/v2\/posts"}],"about":[{"href":"https:\/\/www.ades-grenoble.org\/wordpress\/wp-json\/wp\/v2\/types\/post"}],"author":[{"embeddable":true,"href":"https:\/\/www.ades-grenoble.org\/wordpress\/wp-json\/wp\/v2\/users\/1"}],"replies":[{"embeddable":true,"href":"https:\/\/www.ades-grenoble.org\/wordpress\/wp-json\/wp\/v2\/comments?post=14709"}],"version-history":[{"count":1,"href":"https:\/\/www.ades-grenoble.org\/wordpress\/wp-json\/wp\/v2\/posts\/14709\/revisions"}],"predecessor-version":[{"id":14710,"href":"https:\/\/www.ades-grenoble.org\/wordpress\/wp-json\/wp\/v2\/posts\/14709\/revisions\/14710"}],"wp:attachment":[{"href":"https:\/\/www.ades-grenoble.org\/wordpress\/wp-json\/wp\/v2\/media?parent=14709"}],"wp:term":[{"taxonomy":"category","embeddable":true,"href":"https:\/\/www.ades-grenoble.org\/wordpress\/wp-json\/wp\/v2\/categories?post=14709"},{"taxonomy":"post_tag","embeddable":true,"href":"https:\/\/www.ades-grenoble.org\/wordpress\/wp-json\/wp\/v2\/tags?post=14709"}],"curies":[{"name":"wp","href":"https:\/\/api.w.org\/{rel}","templated":true}]}}