{"id":14722,"date":"2018-09-07T14:24:57","date_gmt":"2018-09-07T12:24:57","guid":{"rendered":"http:\/\/www.ades-grenoble.org\/wordpress\/?p=14722"},"modified":"2018-09-07T15:53:20","modified_gmt":"2018-09-07T13:53:20","slug":"politique-politicienne-133","status":"publish","type":"post","link":"https:\/\/www.ades-grenoble.org\/wordpress\/2018\/09\/07\/politique-politicienne-133\/","title":{"rendered":"Politique politicienne"},"content":{"rendered":"<p style=\"text-align: justify;\"><img loading=\"lazy\" decoding=\"async\" class=\"size-full wp-image-9634 alignleft\" src=\"http:\/\/www.ades-grenoble.org\/wordpress\/wp-content\/uploads\/2015\/01\/fou1.png\" alt=\"\" width=\"200\" height=\"234\" srcset=\"https:\/\/www.ades-grenoble.org\/wordpress\/wp-content\/uploads\/2015\/01\/fou1.png 200w, https:\/\/www.ades-grenoble.org\/wordpress\/wp-content\/uploads\/2015\/01\/fou1-128x150.png 128w\" sizes=\"auto, (max-width: 200px) 100vw, 200px\" \/>Le Pr\u00e9sident de la R\u00e9gion Auvergne-Rh\u00f4ne-Alpes, Laurent Wauqiez, est f\u00e2ch\u00e9 avec les r\u00e8gles de notre R\u00e9publique (lui qui se dit r\u00e9publicain\u00a0!). Apr\u00e8s avoir falsifi\u00e9 une d\u00e9lib\u00e9ration apr\u00e8s son adoption par l\u2019assembl\u00e9e d\u00e9lib\u00e9rante, le voil\u00e0 en train d\u2019utiliser le fichier des num\u00e9ros de portables des lyc\u00e9ens de la R\u00e9gion, non pas pour les avertir d\u2019une information li\u00e9e au Pass\u2019 R\u00e9gion (informations sur des dispositifs r\u00e9gionaux concernant des \u00e9v\u00e8nements, actualit\u00e9s\u2026), mais pour leur souhaiter par SMS une bonne rentr\u00e9e scolaire et de belles r\u00e9ussites. Souhaitons que la CNIL le rappelle \u00e0 l\u2019ordre pour l\u2019utilisation d\u2019un fichier informatique en dehors des r\u00e8gles. Voir l\u2019article du m\u00eame jour sur la condamnation par la CNIL d\u2019une utilisation illicite d\u2019un fichier par un bailleur social.<\/p>\n<hr \/>\n<p style=\"text-align: justify;\">La M\u00e9tropole a organis\u00e9 une concertation en ligne entre le 10 juillet et le 4 septembre sur le projet de restructuration des espaces publics et les nouveaux b\u00e2timents commerciaux de Grand Place, mais avec moins que le minimum d\u2019informations qui aurait permis de se faire des id\u00e9es \u00e0 peu pr\u00e8s pr\u00e9cises de ce qui va \u00eatre fait. Pas d\u2019information sur les calendriers de pr\u00e9paration et de r\u00e9alisation, pas de plans pr\u00e9cis des voiries, places et b\u00e2timents\u2026 ainsi que les propri\u00e9t\u00e9s des espaces priv\u00e9s et publics. Pas de pr\u00e9cision sur les \u00e9volutions des surfaces commerciales, pas de d\u00e9tail sur les co\u00fbts de r\u00e9alisation support\u00e9s par qui\u00a0: priv\u00e9, M\u00e9tro, communes\u2026 Rien sur les proc\u00e9dures administratives \u00e0 pr\u00e9voir (\u00e9tude d\u2019impact, \u00e9valuation environnementale\u2026\u00a0?). Conclusion, une concertation <em>\u00ab\u00a0mange pas de pain<\/em>\u00a0\u00bb qui n\u2019aura servi \u00e0 rien.<\/p>\n<hr \/>\n<p style=\"text-align: justify;\">Le 4 septembre, le Conseil constitutionnel\u00a0a censur\u00e9 onze articles d&rsquo;une loi, en tant que cavaliers l\u00e9gislatifs (dispositions jug\u00e9es \u00ab\u00a0<em>sans lien, m\u00eame indirect, avec celles qui figuraient dans le projet de loi d\u00e9pos\u00e9 sur le bureau de l&rsquo;Assembl\u00e9e nationale\u00a0<\/em>\u00bb). Une des dispositions retoqu\u00e9es\u00a0prenaient en compte un amendement de la d\u00e9put\u00e9e de l&rsquo;Is\u00e8re LREM \u00c9milie Chalas qui proposait d&rsquo;ouvrir les emplois de direction dans les collectivit\u00e9s de plus de 40 000 habitants \u00e0 des contractuels. Elle ne s&rsquo;en est pas vant\u00e9e !<\/p>\n","protected":false},"excerpt":{"rendered":"<p>Le Pr\u00e9sident de la R\u00e9gion Auvergne-Rh\u00f4ne-Alpes, Laurent Wauqiez, est f\u00e2ch\u00e9 avec les r\u00e8gles de notre R\u00e9publique (lui qui se dit r\u00e9publicain\u00a0!). Apr\u00e8s avoir falsifi\u00e9 une d\u00e9lib\u00e9ration apr\u00e8s son adoption par l\u2019assembl\u00e9e d\u00e9lib\u00e9rante, le voil\u00e0 en train d\u2019utiliser le fichier des num\u00e9ros de portables des lyc\u00e9ens de la R\u00e9gion, non pas pour les avertir d\u2019une information [&hellip;]<\/p>\n","protected":false},"author":1,"featured_media":0,"comment_status":"closed","ping_status":"open","sticky":false,"template":"","format":"standard","meta":{"twitterCardType":"","cardImageID":0,"cardImage":"","cardTitle":"","cardDesc":"","cardImageAlt":"","cardPlayer":"","cardPlayerWidth":0,"cardPlayerHeight":0,"cardPlayerStream":"","cardPlayerCodec":"","footnotes":""},"categories":[62,11],"tags":[54],"class_list":["post-14722","post","type-post","status-publish","format-standard","hentry","category-le-rouge-le-vert-hebdo","category-politique-locale","tag-politique-droite-gauche"],"_links":{"self":[{"href":"https:\/\/www.ades-grenoble.org\/wordpress\/wp-json\/wp\/v2\/posts\/14722","targetHints":{"allow":["GET"]}}],"collection":[{"href":"https:\/\/www.ades-grenoble.org\/wordpress\/wp-json\/wp\/v2\/posts"}],"about":[{"href":"https:\/\/www.ades-grenoble.org\/wordpress\/wp-json\/wp\/v2\/types\/post"}],"author":[{"embeddable":true,"href":"https:\/\/www.ades-grenoble.org\/wordpress\/wp-json\/wp\/v2\/users\/1"}],"replies":[{"embeddable":true,"href":"https:\/\/www.ades-grenoble.org\/wordpress\/wp-json\/wp\/v2\/comments?post=14722"}],"version-history":[{"count":2,"href":"https:\/\/www.ades-grenoble.org\/wordpress\/wp-json\/wp\/v2\/posts\/14722\/revisions"}],"predecessor-version":[{"id":14734,"href":"https:\/\/www.ades-grenoble.org\/wordpress\/wp-json\/wp\/v2\/posts\/14722\/revisions\/14734"}],"wp:attachment":[{"href":"https:\/\/www.ades-grenoble.org\/wordpress\/wp-json\/wp\/v2\/media?parent=14722"}],"wp:term":[{"taxonomy":"category","embeddable":true,"href":"https:\/\/www.ades-grenoble.org\/wordpress\/wp-json\/wp\/v2\/categories?post=14722"},{"taxonomy":"post_tag","embeddable":true,"href":"https:\/\/www.ades-grenoble.org\/wordpress\/wp-json\/wp\/v2\/tags?post=14722"}],"curies":[{"name":"wp","href":"https:\/\/api.w.org\/{rel}","templated":true}]}}