{"id":14724,"date":"2018-09-07T14:38:20","date_gmt":"2018-09-07T12:38:20","guid":{"rendered":"http:\/\/www.ades-grenoble.org\/wordpress\/?p=14724"},"modified":"2018-09-07T14:50:28","modified_gmt":"2018-09-07T12:50:28","slug":"emprunts-toxiques-de-la-metro-au-tribunal-mobilisation-citoyenne","status":"publish","type":"post","link":"https:\/\/www.ades-grenoble.org\/wordpress\/2018\/09\/07\/emprunts-toxiques-de-la-metro-au-tribunal-mobilisation-citoyenne\/","title":{"rendered":"Emprunts toxiques de la M\u00e9tro au tribunal\u00a0: mobilisation citoyenne"},"content":{"rendered":"<div id=\"attachment_14725\" style=\"width: 310px\" class=\"wp-caption alignleft\"><a class=\"shutter\" href=\"http:\/\/www.ades-grenoble.org\/images\/CAC38-060918.jpg\"><img loading=\"lazy\" decoding=\"async\" aria-describedby=\"caption-attachment-14725\" class=\"wp-image-14725 size-medium\" src=\"http:\/\/www.ades-grenoble.org\/wordpress\/wp-content\/uploads\/2018\/09\/CAC38-060918-mini-300x200.jpg\" alt=\"\" width=\"300\" height=\"200\" srcset=\"https:\/\/www.ades-grenoble.org\/wordpress\/wp-content\/uploads\/2018\/09\/CAC38-060918-mini-300x200.jpg 300w, https:\/\/www.ades-grenoble.org\/wordpress\/wp-content\/uploads\/2018\/09\/CAC38-060918-mini-150x100.jpg 150w, https:\/\/www.ades-grenoble.org\/wordpress\/wp-content\/uploads\/2018\/09\/CAC38-060918-mini.jpg 500w\" sizes=\"auto, (max-width: 300px) 100vw, 300px\" \/><\/a><p id=\"caption-attachment-14725\" class=\"wp-caption-text\">Photo G. Kuntz &#8211; cliquez pour voir en plus grand<\/p><\/div>\n<p style=\"text-align: justify;\">Ce jeudi a eu lieu l\u2019audience du Tribunal Administratif de Grenoble examinant le recours introduit par des citoyennes et citoyens membres du CAC38 (Collectif pour un Audit Citoyen de la Dette publique) contre <a href=\"http:\/\/www.ades-grenoble.org\/wordpress\/2016\/07\/01\/emprunts-toxiques-qui-sont-les-responsables\/\" target=\"_blank\" rel=\"noopener\">les d\u00e9lib\u00e9rations de la M\u00e9tro de juillet 2016<\/a> retirant la plainte contre la banque DEXIA qui a propos\u00e9 en 2006 pour financer le stade des Alpes de souscrire des emprunts bas\u00e9s sur le cours en euro du franc suisse. Ceux-ci se sont r\u00e9v\u00e9l\u00e9s toxiques d\u00e8s 2011 avec des taux d\u2019int\u00e9r\u00eats \u00e0 2 chiffres d\u00e9passant les 20 %\u00a0! Au lieu de poursuivre en justice la banque qui a vendu de tels emprunts appel\u00e9s <em>Tofix<\/em> (on n\u2019invente rien\u00a0!), la M\u00e9tro par 61 voix contre 53 (droite et \u00e9cologistes) a pr\u00e9f\u00e9r\u00e9 souscrire un nouvel emprunt pour rembourser le capital de 17,5 millions d\u2019euros, des int\u00e9r\u00eats de 10 M\u20ac des 3 ann\u00e9es les plus toxiques et surtout une indemnit\u00e9 pour remboursement anticip\u00e9 \u00e9valu\u00e9e \u00e0 24M\u20ac lors du vote, au final pay\u00e9e \u00e0 25,5 M\u20ac. Le d\u00e9tail du calcul de cette derni\u00e8re bas\u00e9 sur des sp\u00e9culations sur l\u2019\u00e9volution du taux de change du franc suisse jusqu\u2019en 2023 a \u00e9t\u00e9 refus\u00e9 aux \u00e9lu.e.s malgr\u00e9 leur demande. Une facture de plus de 25 M\u20ac a donc \u00e9t\u00e9 pay\u00e9e sans savoir ni \u00e0 quoi elle correspondait, ni au final \u00e0 quelle banque elle serait revers\u00e9e, car une autre banque dite de contrepartie se cache derri\u00e8re DEXIA.<\/p>\n<p style=\"text-align: justify;\"><!--more--><\/p>\n<p style=\"text-align: justify;\">Les requ\u00e9rants ont plaid\u00e9 entre autres arguments que les \u00e9lu.e.s n\u2019ont pas pu voter en connaissance de cause et que l\u2019information sur le calcul du b\u00e9n\u00e9fice futur escompt\u00e9 par la banque gr\u00e2ce \u00e0 ce pr\u00eat toxique aurait pu influer sur le vote serr\u00e9 et faire basculer la d\u00e9cision. Une mobilisation citoyenne \u00e9tait venue soutenir les 3 requ\u00e9rants jusque dans la salle du tribunal d\u00e9montrant qu\u2019au lieu de payer des banques peu soucieuses de l\u2019int\u00e9r\u00eat public, il aurait mieux valu mener des politiques sociales dont la m\u00e9tropole a besoin. Avec de telles sommes, combien de construction de logements sociaux auraient pu \u00eatre aid\u00e9es par exemple\u00a0?<\/p>\n<p style=\"text-align: justify;\">En attendant le jugement qui sera rendu public dans quelques semaines, le rapporteur public a propos\u00e9 de rejeter les arguments du CAC38 estimant que \u00ab\u00a0<em>les\u00a0\u00e9lu.e.s n\u2019avaient pas besoin de conna\u00eetre les d\u00e9tails des calculs de l\u2019indemnit\u00e9<\/em>\u00a0\u00bb pourtant exorbitante\u2026 Quant \u00e0 l\u2019avocat de la M\u00e9tro, il a d\u00e9form\u00e9 les recommandations de la Chambre R\u00e9gionale des Comptes qui ne pr\u00e9conisait pas cette fa\u00e7on de sortir de l\u2019emprunt toxique mais recommandait \u00e0 la M\u00e9tro de choisir entre la poursuite du contentieux et la transaction qui a \u00e9t\u00e9 finalement vot\u00e9e.<\/p>\n","protected":false},"excerpt":{"rendered":"<p>Ce jeudi a eu lieu l\u2019audience du Tribunal Administratif de Grenoble examinant le recours introduit par des citoyennes et citoyens membres du CAC38 (Collectif pour un Audit Citoyen de la Dette publique) contre les d\u00e9lib\u00e9rations de la M\u00e9tro de juillet 2016 retirant la plainte contre la banque DEXIA qui a propos\u00e9 en 2006 pour financer [&hellip;]<\/p>\n","protected":false},"author":1,"featured_media":0,"comment_status":"closed","ping_status":"open","sticky":false,"template":"","format":"standard","meta":{"twitterCardType":"","cardImageID":0,"cardImage":"","cardTitle":"","cardDesc":"","cardImageAlt":"","cardPlayer":"","cardPlayerWidth":0,"cardPlayerHeight":0,"cardPlayerStream":"","cardPlayerCodec":"","footnotes":""},"categories":[62,11],"tags":[154,137,52,32,12],"class_list":["post-14724","post","type-post","status-publish","format-standard","hentry","category-le-rouge-le-vert-hebdo","category-politique-locale","tag-banques","tag-emprunts","tag-justice-administrative","tag-metro","tag-mobilisations"],"_links":{"self":[{"href":"https:\/\/www.ades-grenoble.org\/wordpress\/wp-json\/wp\/v2\/posts\/14724","targetHints":{"allow":["GET"]}}],"collection":[{"href":"https:\/\/www.ades-grenoble.org\/wordpress\/wp-json\/wp\/v2\/posts"}],"about":[{"href":"https:\/\/www.ades-grenoble.org\/wordpress\/wp-json\/wp\/v2\/types\/post"}],"author":[{"embeddable":true,"href":"https:\/\/www.ades-grenoble.org\/wordpress\/wp-json\/wp\/v2\/users\/1"}],"replies":[{"embeddable":true,"href":"https:\/\/www.ades-grenoble.org\/wordpress\/wp-json\/wp\/v2\/comments?post=14724"}],"version-history":[{"count":3,"href":"https:\/\/www.ades-grenoble.org\/wordpress\/wp-json\/wp\/v2\/posts\/14724\/revisions"}],"predecessor-version":[{"id":14733,"href":"https:\/\/www.ades-grenoble.org\/wordpress\/wp-json\/wp\/v2\/posts\/14724\/revisions\/14733"}],"wp:attachment":[{"href":"https:\/\/www.ades-grenoble.org\/wordpress\/wp-json\/wp\/v2\/media?parent=14724"}],"wp:term":[{"taxonomy":"category","embeddable":true,"href":"https:\/\/www.ades-grenoble.org\/wordpress\/wp-json\/wp\/v2\/categories?post=14724"},{"taxonomy":"post_tag","embeddable":true,"href":"https:\/\/www.ades-grenoble.org\/wordpress\/wp-json\/wp\/v2\/tags?post=14724"}],"curies":[{"name":"wp","href":"https:\/\/api.w.org\/{rel}","templated":true}]}}