{"id":1475,"date":"2010-04-15T17:52:50","date_gmt":"2010-04-15T15:52:50","guid":{"rendered":"http:\/\/www.ades-grenoble.org\/wordpress\/?p=1475"},"modified":"2010-05-05T21:56:23","modified_gmt":"2010-05-05T19:56:23","slug":"nanotechnologies-un-debat-avorte","status":"publish","type":"post","link":"https:\/\/www.ades-grenoble.org\/wordpress\/2010\/04\/15\/nanotechnologies-un-debat-avorte\/","title":{"rendered":"Nanotechnologies, un d\u00e9bat avort\u00e9"},"content":{"rendered":"<p>7 minist\u00e8res avaient demand\u00e9 \u00e0 la Commission Nationale du d\u00e9bat Public (CNDP) d\u2019organiser un d\u00e9bat sur les nanotechnologies fin 2009. Comme la plupart des d\u00e9cisions avaient \u00e9t\u00e9 prises et que de nombreux produits contenant des nanoparticules sont d\u00e9j\u00e0 en vente, il \u00e9tait \u00e0 craindre que ce type de d\u00e9bat manque de cr\u00e9dibilit\u00e9. Dans de nombreuses villes les d\u00e9bats ont \u00e9t\u00e9 interrompus.<\/p>\n<p>La CNDP vient de rendre son rapport. Il est consultable sur le site <a href=\"http:\/\/debatpublic-nano.org\/informer\/bilan_debat.html\" target=\"_blank\">http:\/\/debatpublic-nano.org\/informer\/bilan_debat.html<\/a><\/p>\n<p>Cet exercice aura-t-il des retomb\u00e9es\u00a0? C\u2019est trop t\u00f4t pour le dire. Retenons juste deux remarques finales de la CNDP\u00a0:<\/p>\n<p><em>\u00ab\u00a0Ne convient-il pas de restreindre le champ des saisines et de mieux pr\u00e9ciser ce que l\u2019Etat attend du d\u00e9bat, quels doivent en \u00eatre les \u00ab produits de sortie \u00bb ?\u00a0\u00bb<\/em> Effectivement organiser un d\u00e9bat sans avoir la moindre id\u00e9e de \u00e0 quoi il va servir lui enl\u00e8ve tout son int\u00e9r\u00eat.<\/p>\n<p><em>\u00ab\u00a0Comment obtenir de l\u2019auteur de la saisine qu\u2019il \u00e9vite toute d\u00e9claration ou d\u00e9cision pr\u00eatant le flanc \u00e0 la critique selon laquelle \u00ab tout est d\u00e9j\u00e0 d\u00e9cid\u00e9 \u00bb. Rien ne porte autant atteinte au sentiment que le d\u00e9bat peut \u00eatre utile que l\u2019annonce, souvent pr\u00e9cipit\u00e9e pour telle ou telle raison, de d\u00e9cisions anticipant les enseignements susceptibles d\u2019en \u00eatre tir\u00e9s.\u00a0\u00bb <\/em>Ceci d\u00e9montre que les minist\u00e8res n\u2019attendaient rien de ce d\u00e9bat et qu\u2019ils entendaient continuer comme avant. Vive la d\u00e9mocratie\u00a0!<\/p>\n","protected":false},"excerpt":{"rendered":"<p>7 minist\u00e8res avaient demand\u00e9 \u00e0 la Commission Nationale du d\u00e9bat Public (CNDP) d\u2019organiser un d\u00e9bat sur les nanotechnologies fin 2009. Comme la plupart des d\u00e9cisions avaient \u00e9t\u00e9 prises et que de nombreux produits contenant des nanoparticules sont d\u00e9j\u00e0 en vente, il \u00e9tait \u00e0 craindre que ce type de d\u00e9bat manque de cr\u00e9dibilit\u00e9. Dans de nombreuses [&hellip;]<\/p>\n","protected":false},"author":1,"featured_media":0,"comment_status":"open","ping_status":"open","sticky":false,"template":"","format":"standard","meta":{"twitterCardType":"","cardImageID":0,"cardImage":"","cardTitle":"","cardDesc":"","cardImageAlt":"","cardPlayer":"","cardPlayerWidth":0,"cardPlayerHeight":0,"cardPlayerStream":"","cardPlayerCodec":"","footnotes":""},"categories":[10,62],"tags":[46],"class_list":["post-1475","post","type-post","status-publish","format-standard","hentry","category-autres-dossiers","category-le-rouge-le-vert-hebdo","tag-nanos"],"_links":{"self":[{"href":"https:\/\/www.ades-grenoble.org\/wordpress\/wp-json\/wp\/v2\/posts\/1475","targetHints":{"allow":["GET"]}}],"collection":[{"href":"https:\/\/www.ades-grenoble.org\/wordpress\/wp-json\/wp\/v2\/posts"}],"about":[{"href":"https:\/\/www.ades-grenoble.org\/wordpress\/wp-json\/wp\/v2\/types\/post"}],"author":[{"embeddable":true,"href":"https:\/\/www.ades-grenoble.org\/wordpress\/wp-json\/wp\/v2\/users\/1"}],"replies":[{"embeddable":true,"href":"https:\/\/www.ades-grenoble.org\/wordpress\/wp-json\/wp\/v2\/comments?post=1475"}],"version-history":[{"count":4,"href":"https:\/\/www.ades-grenoble.org\/wordpress\/wp-json\/wp\/v2\/posts\/1475\/revisions"}],"predecessor-version":[{"id":1658,"href":"https:\/\/www.ades-grenoble.org\/wordpress\/wp-json\/wp\/v2\/posts\/1475\/revisions\/1658"}],"wp:attachment":[{"href":"https:\/\/www.ades-grenoble.org\/wordpress\/wp-json\/wp\/v2\/media?parent=1475"}],"wp:term":[{"taxonomy":"category","embeddable":true,"href":"https:\/\/www.ades-grenoble.org\/wordpress\/wp-json\/wp\/v2\/categories?post=1475"},{"taxonomy":"post_tag","embeddable":true,"href":"https:\/\/www.ades-grenoble.org\/wordpress\/wp-json\/wp\/v2\/tags?post=1475"}],"curies":[{"name":"wp","href":"https:\/\/api.w.org\/{rel}","templated":true}]}}