{"id":14755,"date":"2018-09-14T18:07:10","date_gmt":"2018-09-14T16:07:10","guid":{"rendered":"http:\/\/www.ades-grenoble.org\/wordpress\/?p=14755"},"modified":"2018-09-14T18:17:38","modified_gmt":"2018-09-14T16:17:38","slug":"pas-de-corrompu-de-retour-aux-affaires-publiques","status":"publish","type":"post","link":"https:\/\/www.ades-grenoble.org\/wordpress\/2018\/09\/14\/pas-de-corrompu-de-retour-aux-affaires-publiques\/","title":{"rendered":"Pas de corrompu de retour aux affaires publiques"},"content":{"rendered":"<p style=\"text-align: justify;\"><img loading=\"lazy\" decoding=\"async\" class=\"size-full wp-image-8471 alignleft\" src=\"http:\/\/www.ades-grenoble.org\/wordpress\/wp-content\/uploads\/2014\/04\/GrenobleUneVillePourTous-300x141.jpg\" alt=\"\" width=\"300\" height=\"141\" srcset=\"https:\/\/www.ades-grenoble.org\/wordpress\/wp-content\/uploads\/2014\/04\/GrenobleUneVillePourTous-300x141.jpg 300w, https:\/\/www.ades-grenoble.org\/wordpress\/wp-content\/uploads\/2014\/04\/GrenobleUneVillePourTous-300x141-150x70.jpg 150w\" sizes=\"auto, (max-width: 300px) 100vw, 300px\" \/>Les mouvements politiques, EELV Grenoble, Ensemble! Grenoble M\u00e9tropole, R\u00e9seau Citoyen de Grenoble et l\u2019ADES, ont r\u00e9agi par un communiqu\u00e9, \u00e0 l\u2019initiative de l\u2019ancien maire corrompu de vouloir revenir aux affaires municipales\u00a0:<\/p>\n<p style=\"text-align: justify;\"><em>\u00ab\u00a0Face au d\u00e9r\u00e8glement climatique et aux in\u00e9galit\u00e9s sociales, d\u00e9velopper le bien vivre des habitants de Grenoble et de la M\u00e9tropole est le d\u00e9fi des ann\u00e9es \u00e0 venir. Pour cela, fort de ses valeurs d\u2019\u00e9galit\u00e9, de solidarit\u00e9 et d\u2019innovation notre territoire doit cultiver ses atouts : les biens communs, aux premiers rangs desquels l\u2019Eau, l\u2019Energie, la Sant\u00e9, l\u2019Alimentation, etc\u2026<\/em><\/p>\n<p style=\"text-align: justify;\">Parce que l\u2019argent public est, lui aussi, un bien commun rare, nous d\u00e9non\u00e7ons la tentative de retour dans la vie publique de l\u2019ancien maire corrompu. Le d\u00e9tournement des biens communs dont il s\u2019est rendu coupable, \u00e0 des fins d\u2019enrichissement personnel, ou en dissimulant le risque pour la sant\u00e9 des Fran\u00e7ais lors de l&rsquo;accident nucl\u00e9aire de Tchernobyl, d\u00e9montre qu\u2019il appartient \u00e0 l\u2019arri\u00e8re monde au moment o\u00f9 toutes les \u00e9nergies se mobilisent pour faire \u00e9clore un monde nouveau.<\/p>\n<p style=\"text-align: justify;\"><em><br \/>\nLa corruption n\u2019est pas un d\u00e9lit comme les autres : c\u2019est le plus grave d\u00e9lit que peut commettre un responsable de la puissance publique, d\u00e9positaire de la confiance des Grenobloises et des Grenoblois. En plus d\u2019\u00eatre un d\u00e9lit, elle offense les valeurs de notre territoire. Les Grenoblois refuseront de valider d\u00e9mocratiquement le retour du corrompu : leur confiance ne peut pas \u00eatre trahie \u00e0 volont\u00e9.\u00a0\u00bb<\/em><!--more--><\/p>\n<p style=\"text-align: justify;\">En r\u00e9action \u00e0 l\u2019article du Dauphin\u00e9 Lib\u00e9r\u00e9 de dimanche 9 septembre retra\u00e7ant l\u2019op\u00e9ration de communication du corrompu, le Parti de Gauche de Grenoble a twitt\u00e9\u00a0: \u00ab\u00a0<em>Avec tout le respect d\u00fb \u00e0 votre profession, il ne faut pas prendre \u00e0 la l\u00e9g\u00e8re M. Carignon ; vu son pass\u00e9 de corrompu, il faut l&#8217;emp\u00eacher d&rsquo;exercer une fonction publique ; et il n&rsquo;est pas juste de mettre \u00e0 la m\u00eame distance ce personnage et les autres politiques.\u00a0\u00bb<\/em><\/p>\n<p style=\"text-align: justify;\"><strong>\u00a0<\/strong><\/p>\n<p style=\"text-align: justify;\">\n","protected":false},"excerpt":{"rendered":"<p>Les mouvements politiques, EELV Grenoble, Ensemble! Grenoble M\u00e9tropole, R\u00e9seau Citoyen de Grenoble et l\u2019ADES, ont r\u00e9agi par un communiqu\u00e9, \u00e0 l\u2019initiative de l\u2019ancien maire corrompu de vouloir revenir aux affaires municipales\u00a0: \u00ab\u00a0Face au d\u00e9r\u00e8glement climatique et aux in\u00e9galit\u00e9s sociales, d\u00e9velopper le bien vivre des habitants de Grenoble et de la M\u00e9tropole est le d\u00e9fi des [&hellip;]<\/p>\n","protected":false},"author":1,"featured_media":0,"comment_status":"closed","ping_status":"open","sticky":false,"template":"","format":"standard","meta":{"twitterCardType":"","cardImageID":0,"cardImage":"","cardTitle":"","cardDesc":"","cardImageAlt":"","cardPlayer":"","cardPlayerWidth":0,"cardPlayerHeight":0,"cardPlayerStream":"","cardPlayerCodec":"","footnotes":""},"categories":[62,11],"tags":[30,128],"class_list":["post-14755","post","type-post","status-publish","format-standard","hentry","category-le-rouge-le-vert-hebdo","category-politique-locale","tag-corrompu","tag-rassemblement-2014"],"_links":{"self":[{"href":"https:\/\/www.ades-grenoble.org\/wordpress\/wp-json\/wp\/v2\/posts\/14755","targetHints":{"allow":["GET"]}}],"collection":[{"href":"https:\/\/www.ades-grenoble.org\/wordpress\/wp-json\/wp\/v2\/posts"}],"about":[{"href":"https:\/\/www.ades-grenoble.org\/wordpress\/wp-json\/wp\/v2\/types\/post"}],"author":[{"embeddable":true,"href":"https:\/\/www.ades-grenoble.org\/wordpress\/wp-json\/wp\/v2\/users\/1"}],"replies":[{"embeddable":true,"href":"https:\/\/www.ades-grenoble.org\/wordpress\/wp-json\/wp\/v2\/comments?post=14755"}],"version-history":[{"count":3,"href":"https:\/\/www.ades-grenoble.org\/wordpress\/wp-json\/wp\/v2\/posts\/14755\/revisions"}],"predecessor-version":[{"id":14758,"href":"https:\/\/www.ades-grenoble.org\/wordpress\/wp-json\/wp\/v2\/posts\/14755\/revisions\/14758"}],"wp:attachment":[{"href":"https:\/\/www.ades-grenoble.org\/wordpress\/wp-json\/wp\/v2\/media?parent=14755"}],"wp:term":[{"taxonomy":"category","embeddable":true,"href":"https:\/\/www.ades-grenoble.org\/wordpress\/wp-json\/wp\/v2\/categories?post=14755"},{"taxonomy":"post_tag","embeddable":true,"href":"https:\/\/www.ades-grenoble.org\/wordpress\/wp-json\/wp\/v2\/tags?post=14755"}],"curies":[{"name":"wp","href":"https:\/\/api.w.org\/{rel}","templated":true}]}}