{"id":14762,"date":"2018-09-14T18:15:36","date_gmt":"2018-09-14T16:15:36","guid":{"rendered":"http:\/\/www.ades-grenoble.org\/wordpress\/?p=14762"},"modified":"2018-09-14T18:18:05","modified_gmt":"2018-09-14T16:18:05","slug":"le-13-septembre-2018-deux-interventions-du-president-de-la-republique","status":"publish","type":"post","link":"https:\/\/www.ades-grenoble.org\/wordpress\/2018\/09\/14\/le-13-septembre-2018-deux-interventions-du-president-de-la-republique\/","title":{"rendered":"Le 13 septembre 2018, deux interventions du Pr\u00e9sident de la R\u00e9publique"},"content":{"rendered":"<p style=\"text-align: justify;\"><strong><img loading=\"lazy\" decoding=\"async\" class=\"size-medium wp-image-8972 alignleft\" src=\"http:\/\/www.ades-grenoble.org\/wordpress\/wp-content\/uploads\/2014\/08\/Elysee-300x200.jpg\" alt=\"\" width=\"300\" height=\"200\" srcset=\"https:\/\/www.ades-grenoble.org\/wordpress\/wp-content\/uploads\/2014\/08\/Elysee-300x200.jpg 300w, https:\/\/www.ades-grenoble.org\/wordpress\/wp-content\/uploads\/2014\/08\/Elysee-150x100.jpg 150w, https:\/\/www.ades-grenoble.org\/wordpress\/wp-content\/uploads\/2014\/08\/Elysee.jpg 400w\" sizes=\"auto, (max-width: 300px) 100vw, 300px\" \/>1-\u00a0\u00a0\u00a0\u00a0 <a href=\"http:\/\/www.elysee.fr\/declarations\/article\/declaration-du-president-de-la-republique-sur-la-mort-de-maurice-audin\/\" target=\"_blank\" rel=\"noopener\">Reconnaissance de l\u2019assassinat de Maurice Audin par des militaires fran\u00e7ais, la fin d\u2019un mensonge d\u2019Etat<\/a>.<\/strong><\/p>\n<p style=\"text-align: justify;\">Nous saluons l\u2019initiative du Pr\u00e9sident concernant l\u2019assassinat il y a 61 ans de Maurice Audin, arr\u00eat\u00e9 le 11 juin 1957 puis tortur\u00e9 et tu\u00e9 par des militaires fran\u00e7ais. Maurice Audin avait 25 ans, p\u00e8re de trois enfants, il vivait \u00e0 Alger, c\u2019\u00e9tait un math\u00e9maticien, militant communiste et militant pour l\u2019ind\u00e9pendance de l\u2019Alg\u00e9rie. Pour la premi\u00e8re fois cet assassinat est reconnu par un chef de l\u2019Etat, qui a aussi annonc\u00e9 l&rsquo;ouverture des archives concernant les disparus civils et militaires fran\u00e7ais et alg\u00e9riens durant la guerre d\u2019Alg\u00e9rie. Il a condamn\u00e9 les gouvernements successifs <em>\u00ab\u00a0qui,<\/em>\u00a0<em>en \u00e9chouant \u00e0 pr\u00e9venir et \u00e0 punir le recours \u00e0 la torture<\/em>\u2026 <em>ont mis en p\u00e9ril la survie des hommes et des femmes dont se saisissaient les forces de l\u2019ordre \u00bb. <\/em>\u00a0Il reconna\u00eet aussi que si sa mort est, en dernier ressort, le fait de quelques-uns, \u00ab\u00a0<em>elle a n\u00e9anmoins \u00e9t\u00e9 rendue possible par un syst\u00e8me l\u00e9galement institu\u00e9 : le syst\u00e8me \u00ab arrestation-d\u00e9tention \u00bb, mis en place \u00e0 la faveur des pouvoirs sp\u00e9ciaux qui avaient \u00e9t\u00e9 confi\u00e9s par voie l\u00e9gale aux forces arm\u00e9es \u00e0 cette p\u00e9riode.\u00a0\u00bb<\/em><\/p>\n<p style=\"text-align: justify;\"><strong>2-<\/strong><strong>\u00a0\u00a0\u00a0\u00a0 <\/strong><a href=\"http:\/\/www.elysee.fr\/declarations\/article\/transcription-de-la-presentation-par-le-president-de-la-republique-de-la-strategie-nationale-de-prevention-de-lutte-contre-la-pauvrete\/\" target=\"_blank\" rel=\"noopener\"><strong> Pr\u00e9sentation du plan de lutte contre la pauvret\u00e9<\/strong><\/a><\/p>\n<p style=\"text-align: justify;\">L\u2019autre intervention de ce jeudi 13 septembre, pr\u00e9sentait le plan de lutte contre la pauvret\u00e9 qui s\u2019articule autour de trois grands axes\u00a0:<\/p>\n<ul style=\"text-align: justify;\">\n<li><!--more-->actions pour la petite enfance notamment dans les quartiers d\u00e9favoris\u00e9s afin d\u2019essayer de lever les blocages qui emp\u00eache quelqu\u2019un n\u00e9 dans une famille pauvre de sortir de la pr\u00e9carit\u00e9.<\/li>\n<li>l\u2019accompagnement du retour \u00e0 l\u2019emploi principalement pour retour \u00e0 l&#8217;emploi et formation des jeunes dans le dispositif Garantie Jeunes<\/li>\n<li>la simplification du syst\u00e8me de protection sociale.<\/li>\n<\/ul>\n<p style=\"text-align: justify;\">Le plan, qui est plein de bonnes intentions, devrait mobiliser seulement 8\u00a0milliards d\u2019euros sur 4 ans mais sans pr\u00e9ciser ce qui sera du red\u00e9ploiement ou des cr\u00e9dits nouveaux. C\u2019est une somme tr\u00e8s modeste au niveau macro\u00e9conomique par rapport \u00e0 l\u2019ensemble des d\u00e9penses sociales. Elle est inf\u00e9rieure aux nombreuses \u00e9conomies faites ou \u00e0 faire dans les APL, les coups de rabots sur les retraites, les prestations sociales sous le niveau de l\u2019inflation\u2026<\/p>\n<p style=\"text-align: justify;\">Il faudra \u00e9tudier dans le d\u00e9tail la mise en place de ce plan en \u00e9tant vigilant en ce qui concerne les financements pr\u00e9cis des diff\u00e9rentes mesures qui doivent \u00eatre clairement financ\u00e9es par l\u2019Etat et appliqu\u00e9es apr\u00e8s une concertation r\u00e9elle avec les collectivit\u00e9s locales pour ce qui les concernera.<\/p>\n<p style=\"text-align: justify;\">\n","protected":false},"excerpt":{"rendered":"<p>1-\u00a0\u00a0\u00a0\u00a0 Reconnaissance de l\u2019assassinat de Maurice Audin par des militaires fran\u00e7ais, la fin d\u2019un mensonge d\u2019Etat. Nous saluons l\u2019initiative du Pr\u00e9sident concernant l\u2019assassinat il y a 61 ans de Maurice Audin, arr\u00eat\u00e9 le 11 juin 1957 puis tortur\u00e9 et tu\u00e9 par des militaires fran\u00e7ais. Maurice Audin avait 25 ans, p\u00e8re de trois enfants, il vivait [&hellip;]<\/p>\n","protected":false},"author":1,"featured_media":0,"comment_status":"closed","ping_status":"open","sticky":false,"template":"","format":"standard","meta":{"twitterCardType":"","cardImageID":0,"cardImage":"","cardTitle":"","cardDesc":"","cardImageAlt":"","cardPlayer":"","cardPlayerWidth":0,"cardPlayerHeight":0,"cardPlayerStream":"","cardPlayerCodec":"","footnotes":""},"categories":[62,11],"tags":[43,196,182],"class_list":["post-14762","post","type-post","status-publish","format-standard","hentry","category-le-rouge-le-vert-hebdo","category-politique-locale","tag-devoir-de-memoire","tag-etat","tag-solidarite"],"_links":{"self":[{"href":"https:\/\/www.ades-grenoble.org\/wordpress\/wp-json\/wp\/v2\/posts\/14762","targetHints":{"allow":["GET"]}}],"collection":[{"href":"https:\/\/www.ades-grenoble.org\/wordpress\/wp-json\/wp\/v2\/posts"}],"about":[{"href":"https:\/\/www.ades-grenoble.org\/wordpress\/wp-json\/wp\/v2\/types\/post"}],"author":[{"embeddable":true,"href":"https:\/\/www.ades-grenoble.org\/wordpress\/wp-json\/wp\/v2\/users\/1"}],"replies":[{"embeddable":true,"href":"https:\/\/www.ades-grenoble.org\/wordpress\/wp-json\/wp\/v2\/comments?post=14762"}],"version-history":[{"count":2,"href":"https:\/\/www.ades-grenoble.org\/wordpress\/wp-json\/wp\/v2\/posts\/14762\/revisions"}],"predecessor-version":[{"id":14764,"href":"https:\/\/www.ades-grenoble.org\/wordpress\/wp-json\/wp\/v2\/posts\/14762\/revisions\/14764"}],"wp:attachment":[{"href":"https:\/\/www.ades-grenoble.org\/wordpress\/wp-json\/wp\/v2\/media?parent=14762"}],"wp:term":[{"taxonomy":"category","embeddable":true,"href":"https:\/\/www.ades-grenoble.org\/wordpress\/wp-json\/wp\/v2\/categories?post=14762"},{"taxonomy":"post_tag","embeddable":true,"href":"https:\/\/www.ades-grenoble.org\/wordpress\/wp-json\/wp\/v2\/tags?post=14762"}],"curies":[{"name":"wp","href":"https:\/\/api.w.org\/{rel}","templated":true}]}}