{"id":14793,"date":"2018-09-21T19:18:23","date_gmt":"2018-09-21T17:18:23","guid":{"rendered":"http:\/\/www.ades-grenoble.org\/wordpress\/?p=14793"},"modified":"2018-09-21T19:34:05","modified_gmt":"2018-09-21T17:34:05","slug":"au-conseil-municipal-du-24-septembre-a-15-h","status":"publish","type":"post","link":"https:\/\/www.ades-grenoble.org\/wordpress\/2018\/09\/21\/au-conseil-municipal-du-24-septembre-a-15-h\/","title":{"rendered":"Au Conseil municipal du 24 septembre \u00e0 15 h"},"content":{"rendered":"<p style=\"text-align: justify;\"><img loading=\"lazy\" decoding=\"async\" class=\"size-medium wp-image-11126 alignleft\" src=\"http:\/\/www.ades-grenoble.org\/wordpress\/wp-content\/uploads\/2016\/01\/Conseil-Municipal-300x200.jpg\" alt=\"\" width=\"300\" height=\"200\" srcset=\"https:\/\/www.ades-grenoble.org\/wordpress\/wp-content\/uploads\/2016\/01\/Conseil-Municipal-300x200.jpg 300w, https:\/\/www.ades-grenoble.org\/wordpress\/wp-content\/uploads\/2016\/01\/Conseil-Municipal-150x100.jpg 150w, https:\/\/www.ades-grenoble.org\/wordpress\/wp-content\/uploads\/2016\/01\/Conseil-Municipal.jpg 400w\" sizes=\"auto, (max-width: 300px) 100vw, 300px\" \/>L\u2019ordre du jour du conseil municipal du 24 septembre comporte de nombreux dossiers importants (99 d\u00e9lib\u00e9rations), avec pour d\u00e9marrage, un d\u00e9bat, sans vote, suite au rapport de la Chambre R\u00e9gionale des Comptes (CRC) sur la gestion de la ville de Grenoble entre 2011 et 2016. Le Conseil se prononcera sur un plan d\u2019actions prenant en compte les recommandations de la CRC.<\/p>\n<p style=\"text-align: justify;\">Adh\u00e9sion de la ville de Grenoble \u00e0 l&rsquo;association Transparency International France qui \u0153uvre pour la transparence et l\u2019int\u00e9grit\u00e9 de la vie publique et \u00e9conomique<\/p>\n<p style=\"text-align: justify;\">A propos de l\u2019enqu\u00eate publique ouverte jusqu\u2019au 3 octobre sur l\u2019autorisation environnementale concernant les futurs travaux d\u2019\u00e9largissement de l\u2019A480, le Conseil municipal pr\u00e9voit de rappeler qu\u2019un certain nombre de r\u00e9serves \u00e9mises par ses soins sur le projet n\u2019ont toujours pas \u00e9t\u00e9 prises et de r\u00e9affirmer que la non-lev\u00e9e de ces r\u00e9serves vaudrait avis d\u00e9favorable du Conseil sur l\u2019autorisation environnementale pour le projet de r\u00e9am\u00e9nagement de l\u2019A480.<\/p>\n<p style=\"text-align: justify;\">Le conseil se prononcera sur la mise en place d\u2019une Zone \u00e0 Faibles Emissions (ZFE) pour les v\u00e9hicules utilitaires et les poids lourds, \u00e0 partir du printemps 2019, sur le territoire de 11 communes de l\u2019agglom\u00e9ration.<\/p>\n<p><!--more--><\/p>\n<p style=\"text-align: justify;\">Il se prononcera sur une convention de partenariat entre la ville de Grenoble, l&rsquo;Universit\u00e9 Grenoble Alpes, l&rsquo;Institut des Droits de l&rsquo;Homme et l&rsquo;Ordre des Avocats de Grenoble relative au dispositif d&rsquo;\u00e9quipe juridique mobile. C\u2019est l\u2019application de la priorit\u00e9 que s\u2019est donn\u00e9e la ville de Grenoble pour favoriser l\u2019acc\u00e8s aux droits et la lutte contre le non recours, en lien avec son CCAS.<\/p>\n<p style=\"text-align: justify;\">Pour lire l\u2019ordre du jour complet, voir <a href=\"http:\/\/www.grenoble.fr\/30-vie-municipale.htm\" target=\"_blank\" rel=\"noopener\">ici<\/a>.<\/p>\n<p style=\"text-align: justify;\">\n","protected":false},"excerpt":{"rendered":"<p>L\u2019ordre du jour du conseil municipal du 24 septembre comporte de nombreux dossiers importants (99 d\u00e9lib\u00e9rations), avec pour d\u00e9marrage, un d\u00e9bat, sans vote, suite au rapport de la Chambre R\u00e9gionale des Comptes (CRC) sur la gestion de la ville de Grenoble entre 2011 et 2016. Le Conseil se prononcera sur un plan d\u2019actions prenant en [&hellip;]<\/p>\n","protected":false},"author":1,"featured_media":0,"comment_status":"closed","ping_status":"open","sticky":false,"template":"","format":"standard","meta":{"twitterCardType":"","cardImageID":0,"cardImage":"","cardTitle":"","cardDesc":"","cardImageAlt":"","cardPlayer":"","cardPlayerWidth":0,"cardPlayerHeight":0,"cardPlayerStream":"","cardPlayerCodec":"","footnotes":""},"categories":[62,11],"tags":[67,215],"class_list":["post-14793","post","type-post","status-publish","format-standard","hentry","category-le-rouge-le-vert-hebdo","category-politique-locale","tag-conseil-municipal","tag-grenoble"],"_links":{"self":[{"href":"https:\/\/www.ades-grenoble.org\/wordpress\/wp-json\/wp\/v2\/posts\/14793","targetHints":{"allow":["GET"]}}],"collection":[{"href":"https:\/\/www.ades-grenoble.org\/wordpress\/wp-json\/wp\/v2\/posts"}],"about":[{"href":"https:\/\/www.ades-grenoble.org\/wordpress\/wp-json\/wp\/v2\/types\/post"}],"author":[{"embeddable":true,"href":"https:\/\/www.ades-grenoble.org\/wordpress\/wp-json\/wp\/v2\/users\/1"}],"replies":[{"embeddable":true,"href":"https:\/\/www.ades-grenoble.org\/wordpress\/wp-json\/wp\/v2\/comments?post=14793"}],"version-history":[{"count":1,"href":"https:\/\/www.ades-grenoble.org\/wordpress\/wp-json\/wp\/v2\/posts\/14793\/revisions"}],"predecessor-version":[{"id":14794,"href":"https:\/\/www.ades-grenoble.org\/wordpress\/wp-json\/wp\/v2\/posts\/14793\/revisions\/14794"}],"wp:attachment":[{"href":"https:\/\/www.ades-grenoble.org\/wordpress\/wp-json\/wp\/v2\/media?parent=14793"}],"wp:term":[{"taxonomy":"category","embeddable":true,"href":"https:\/\/www.ades-grenoble.org\/wordpress\/wp-json\/wp\/v2\/categories?post=14793"},{"taxonomy":"post_tag","embeddable":true,"href":"https:\/\/www.ades-grenoble.org\/wordpress\/wp-json\/wp\/v2\/tags?post=14793"}],"curies":[{"name":"wp","href":"https:\/\/api.w.org\/{rel}","templated":true}]}}