{"id":14795,"date":"2018-09-21T19:26:52","date_gmt":"2018-09-21T17:26:52","guid":{"rendered":"http:\/\/www.ades-grenoble.org\/wordpress\/?p=14795"},"modified":"2018-09-21T19:33:57","modified_gmt":"2018-09-21T17:33:57","slug":"agenda-97","status":"publish","type":"post","link":"https:\/\/www.ades-grenoble.org\/wordpress\/2018\/09\/21\/agenda-97\/","title":{"rendered":"Agenda"},"content":{"rendered":"<p style=\"text-align: justify;\"><strong><img loading=\"lazy\" decoding=\"async\" class=\"size-medium wp-image-14796 alignleft\" src=\"http:\/\/www.ades-grenoble.org\/wordpress\/wp-content\/uploads\/2018\/09\/Equinox-300x63.jpg\" alt=\"\" width=\"300\" height=\"63\" srcset=\"https:\/\/www.ades-grenoble.org\/wordpress\/wp-content\/uploads\/2018\/09\/Equinox-300x63.jpg 300w, https:\/\/www.ades-grenoble.org\/wordpress\/wp-content\/uploads\/2018\/09\/Equinox-150x32.jpg 150w, https:\/\/www.ades-grenoble.org\/wordpress\/wp-content\/uploads\/2018\/09\/Equinox.jpg 400w\" sizes=\"auto, (max-width: 300px) 100vw, 300px\" \/>Samedi 22 septembre \u00e0 partir de midi \u00e0 l\u2019ODTI, place Edmond Arnaud<\/strong> \u00e0 Grenoble, dans le cadre de la dixi\u00e8me \u00e9dition d\u2019Equinox M\u00e9tis, le fameux couscous r\u00e9publicain habituel, sous la banderole rappelant la D\u00e9claration des droits de l\u2019homme et du citoyen de 1789. Le repas sera suivi d\u2019un concert des musiques du monde par le Gospel Institut et le Trio Equinox Musiques.<\/p>\n<hr \/>\n<p style=\"text-align: justify;\"><strong>Samedi 22 septembre au Palais des Sports de 10h \u00e0 18h\u00a0: le forum des associations.<\/strong> <strong>160 stands<\/strong> pour s\u2019informer, et \u00e9changer avec les associations. Conf\u00e9rences, tables-rondes, jeux, concerts, lectures\u2026 et de nombreuses animations.<\/p>\n<hr \/>\n<p style=\"text-align: justify;\"><strong>Mardi 25 septembre \u00e0 la Mairie de Grenoble \u00e0 18 h 30\u00a0:<\/strong>\u00a0\u00ab\u00a0<strong><em>Le Pacte Finance Climat\u00a0\u00bb<\/em><\/strong><em>\u00a0<\/em>sera pr\u00e9sent\u00e9 par Pierre Larrouturou, co-initiateur avec Jean-Jouzel (ancien vice-pr\u00e9sident du GIEC) de l\u2019<a href=\"http:\/\/www.climat-2020.eu\" target=\"_blank\" rel=\"noopener\">Appel<\/a> correspondant\u00a0: <em>,\u00a0<\/em>suivit d\u2019une table-ronde avec \u00c9ric Piolle, Maire de Grenoble, Christophe Ferrari, Pr\u00e9sident de la M\u00e9tropole Grenoble Alpes, Pierre Crespi, Air Liquide (au nom des industriels Grenoblois de l\u2019\u00e9nergie), Patrick L\u00e9vy, Pr\u00e9sident de l\u2019Universit\u00e9 Grenoble Alpes (UGA), Patrick Criqui, co-animateur du groupe Grenoble Europe Energie (G2E), Marine Martal, Pr\u00e9sident du Mouvement Europ\u00e9en des Jeunes Is\u00e8re.<\/p>\n<hr \/>\n<p style=\"text-align: justify;\"><strong>Jeudi 27 septembre 2018 \u00e0 20h30<\/strong>, une conf\u00e9rence organis\u00e9e par le Parti de Gauche \u00e0 la Maison des Associations, 6 rue Berthe de Boissieux \u00e0 Grenoble sur le th\u00e8me <em>\u00ab\u00a0Une histoire politique de l&rsquo;alimentation, du pal\u00e9olithique \u00e0 nos jours\u00a0\u00bb<\/em> par Paul Aries, politologue, sp\u00e9cialiste de l&rsquo;alimentation et r\u00e9dacteur en chef de plusieurs journaux et revues.<\/p>\n","protected":false},"excerpt":{"rendered":"<p>Samedi 22 septembre \u00e0 partir de midi \u00e0 l\u2019ODTI, place Edmond Arnaud \u00e0 Grenoble, dans le cadre de la dixi\u00e8me \u00e9dition d\u2019Equinox M\u00e9tis, le fameux couscous r\u00e9publicain habituel, sous la banderole rappelant la D\u00e9claration des droits de l\u2019homme et du citoyen de 1789. Le repas sera suivi d\u2019un concert des musiques du monde par le [&hellip;]<\/p>\n","protected":false},"author":1,"featured_media":0,"comment_status":"closed","ping_status":"open","sticky":false,"template":"","format":"standard","meta":{"twitterCardType":"","cardImageID":0,"cardImage":"","cardTitle":"","cardDesc":"","cardImageAlt":"","cardPlayer":"","cardPlayerWidth":0,"cardPlayerHeight":0,"cardPlayerStream":"","cardPlayerCodec":"","footnotes":""},"categories":[62,11],"tags":[125],"class_list":["post-14795","post","type-post","status-publish","format-standard","hentry","category-le-rouge-le-vert-hebdo","category-politique-locale","tag-agenda"],"_links":{"self":[{"href":"https:\/\/www.ades-grenoble.org\/wordpress\/wp-json\/wp\/v2\/posts\/14795","targetHints":{"allow":["GET"]}}],"collection":[{"href":"https:\/\/www.ades-grenoble.org\/wordpress\/wp-json\/wp\/v2\/posts"}],"about":[{"href":"https:\/\/www.ades-grenoble.org\/wordpress\/wp-json\/wp\/v2\/types\/post"}],"author":[{"embeddable":true,"href":"https:\/\/www.ades-grenoble.org\/wordpress\/wp-json\/wp\/v2\/users\/1"}],"replies":[{"embeddable":true,"href":"https:\/\/www.ades-grenoble.org\/wordpress\/wp-json\/wp\/v2\/comments?post=14795"}],"version-history":[{"count":1,"href":"https:\/\/www.ades-grenoble.org\/wordpress\/wp-json\/wp\/v2\/posts\/14795\/revisions"}],"predecessor-version":[{"id":14797,"href":"https:\/\/www.ades-grenoble.org\/wordpress\/wp-json\/wp\/v2\/posts\/14795\/revisions\/14797"}],"wp:attachment":[{"href":"https:\/\/www.ades-grenoble.org\/wordpress\/wp-json\/wp\/v2\/media?parent=14795"}],"wp:term":[{"taxonomy":"category","embeddable":true,"href":"https:\/\/www.ades-grenoble.org\/wordpress\/wp-json\/wp\/v2\/categories?post=14795"},{"taxonomy":"post_tag","embeddable":true,"href":"https:\/\/www.ades-grenoble.org\/wordpress\/wp-json\/wp\/v2\/tags?post=14795"}],"curies":[{"name":"wp","href":"https:\/\/api.w.org\/{rel}","templated":true}]}}