{"id":14802,"date":"2018-09-28T16:40:32","date_gmt":"2018-09-28T14:40:32","guid":{"rendered":"http:\/\/www.ades-grenoble.org\/wordpress\/?p=14802"},"modified":"2018-09-28T17:16:47","modified_gmt":"2018-09-28T15:16:47","slug":"le-projet-de-plui-est-arrete-par-la-metro","status":"publish","type":"post","link":"https:\/\/www.ades-grenoble.org\/wordpress\/2018\/09\/28\/le-projet-de-plui-est-arrete-par-la-metro\/","title":{"rendered":"Le projet de PLUi est arr\u00eat\u00e9 par la M\u00e9tro"},"content":{"rendered":"<p style=\"text-align: justify;\"><img loading=\"lazy\" decoding=\"async\" class=\"size-medium wp-image-8502 alignleft\" src=\"http:\/\/www.ades-grenoble.org\/wordpress\/wp-content\/uploads\/2014\/05\/logoMetro-300x277.png\" alt=\"\" width=\"300\" height=\"277\" \/>Le Conseil de m\u00e9tropole, apr\u00e8s avoir tir\u00e9 le bilan de la concertation, a arr\u00eat\u00e9 le 28 septembre le projet du Plan Local d\u2019Urbanisme Intercommunal (PLUi) couvrant les 49 communes de l\u2019agglom\u00e9ration. Ce projet devra faire l\u2019objet d\u2019une enqu\u00eate publique prochainement. Il y a d\u2019importants changements par rapport \u00e0 la philosophie du PLU de Grenoble par exemple. Gr\u00e2ce \u00e0 de nombreuses orientations d\u2019am\u00e9nagement et de programmation (OAP), il y aura une plus grande souplesse pour appr\u00e9cier tous les cas particuliers dans les diff\u00e9rents secteurs de l\u2019agglom\u00e9ration et prendre en compte les r\u00e9alit\u00e9s tr\u00e8s locales qui \u00e9taient parfois oubli\u00e9es par la seule rigueur du r\u00e8glement.<\/p>\n<p style=\"text-align: justify;\">Le PLUi doit \u00eatre compatible avec le Sch\u00e9ma de Coh\u00e9rence Territoriale (SCoT) de la grande r\u00e9gion grenobloise, le Programme Local de l\u2019Habitat (PLH) approuv\u00e9 le 10 novembre 2017. Il devra \u00e9galement \u00eatre compatible avec le Plan de D\u00e9placements Urbains (PDU) lorsque celui-ci sera approuv\u00e9 apr\u00e8s l\u2019enqu\u00eate publique en cours.<\/p>\n<p style=\"text-align: justify;\">Le PLUi doit aussi prendre en compte le plan climat-air-\u00e9nergie territorial et les sch\u00e9mas d\u00e9partementaux d&rsquo;acc\u00e8s \u00e0 la ressource foresti\u00e8re.<\/p>\n<p style=\"text-align: justify;\"><!--more-->Le PLUi comprend les grandes parties suivantes\u00a0: 1\u00b0 Un rapport de pr\u00e9sentation ;<br \/>\n2\u00b0 Un projet d&rsquo;am\u00e9nagement et de d\u00e9veloppement durables ;<br \/>\n3\u00b0 Des orientations d&rsquo;am\u00e9nagement et de programmation ;<br \/>\n4\u00b0 Un r\u00e8glement ;<br \/>\n5\u00b0 Des annexes.<\/p>\n<p style=\"text-align: justify;\">Il sera accessible prochainement au public.<\/p>\n","protected":false},"excerpt":{"rendered":"<p>Le Conseil de m\u00e9tropole, apr\u00e8s avoir tir\u00e9 le bilan de la concertation, a arr\u00eat\u00e9 le 28 septembre le projet du Plan Local d\u2019Urbanisme Intercommunal (PLUi) couvrant les 49 communes de l\u2019agglom\u00e9ration. Ce projet devra faire l\u2019objet d\u2019une enqu\u00eate publique prochainement. Il y a d\u2019importants changements par rapport \u00e0 la philosophie du PLU de Grenoble par [&hellip;]<\/p>\n","protected":false},"author":1,"featured_media":0,"comment_status":"closed","ping_status":"open","sticky":false,"template":"","format":"standard","meta":{"twitterCardType":"","cardImageID":0,"cardImage":"","cardTitle":"","cardDesc":"","cardImageAlt":"","cardPlayer":"","cardPlayerWidth":0,"cardPlayerHeight":0,"cardPlayerStream":"","cardPlayerCodec":"","footnotes":""},"categories":[62,11],"tags":[32,65],"class_list":["post-14802","post","type-post","status-publish","format-standard","hentry","category-le-rouge-le-vert-hebdo","category-politique-locale","tag-metro","tag-urbanisme"],"_links":{"self":[{"href":"https:\/\/www.ades-grenoble.org\/wordpress\/wp-json\/wp\/v2\/posts\/14802","targetHints":{"allow":["GET"]}}],"collection":[{"href":"https:\/\/www.ades-grenoble.org\/wordpress\/wp-json\/wp\/v2\/posts"}],"about":[{"href":"https:\/\/www.ades-grenoble.org\/wordpress\/wp-json\/wp\/v2\/types\/post"}],"author":[{"embeddable":true,"href":"https:\/\/www.ades-grenoble.org\/wordpress\/wp-json\/wp\/v2\/users\/1"}],"replies":[{"embeddable":true,"href":"https:\/\/www.ades-grenoble.org\/wordpress\/wp-json\/wp\/v2\/comments?post=14802"}],"version-history":[{"count":2,"href":"https:\/\/www.ades-grenoble.org\/wordpress\/wp-json\/wp\/v2\/posts\/14802\/revisions"}],"predecessor-version":[{"id":14823,"href":"https:\/\/www.ades-grenoble.org\/wordpress\/wp-json\/wp\/v2\/posts\/14802\/revisions\/14823"}],"wp:attachment":[{"href":"https:\/\/www.ades-grenoble.org\/wordpress\/wp-json\/wp\/v2\/media?parent=14802"}],"wp:term":[{"taxonomy":"category","embeddable":true,"href":"https:\/\/www.ades-grenoble.org\/wordpress\/wp-json\/wp\/v2\/categories?post=14802"},{"taxonomy":"post_tag","embeddable":true,"href":"https:\/\/www.ades-grenoble.org\/wordpress\/wp-json\/wp\/v2\/tags?post=14802"}],"curies":[{"name":"wp","href":"https:\/\/api.w.org\/{rel}","templated":true}]}}