{"id":14811,"date":"2018-09-28T16:52:10","date_gmt":"2018-09-28T14:52:10","guid":{"rendered":"http:\/\/www.ades-grenoble.org\/wordpress\/?p=14811"},"modified":"2018-09-28T17:15:21","modified_gmt":"2018-09-28T15:15:21","slug":"politique-politicienne-135","status":"publish","type":"post","link":"https:\/\/www.ades-grenoble.org\/wordpress\/2018\/09\/28\/politique-politicienne-135\/","title":{"rendered":"Politique politicienne"},"content":{"rendered":"<p style=\"text-align: justify;\"><img loading=\"lazy\" decoding=\"async\" class=\"size-full wp-image-9634 alignleft\" src=\"http:\/\/www.ades-grenoble.org\/wordpress\/wp-content\/uploads\/2015\/01\/fou1.png\" alt=\"\" width=\"200\" height=\"234\" srcset=\"https:\/\/www.ades-grenoble.org\/wordpress\/wp-content\/uploads\/2015\/01\/fou1.png 200w, https:\/\/www.ades-grenoble.org\/wordpress\/wp-content\/uploads\/2015\/01\/fou1-128x150.png 128w\" sizes=\"auto, (max-width: 200px) 100vw, 200px\" \/>Quel cin\u00e9ma\u00a0!!! Voila que le groupe d\u2019opposition EAG au Conseil municipal, se voyant refuser (\u00e0 juste titre) une question orale par le maire, monte sur ses grands chevaux et d\u00e9pose vendredi 21 septembre un r\u00e9f\u00e9r\u00e9 libert\u00e9 au tribunal administratif en d\u00e9clarant <em>\u00ab Ils nous prennent pour des d\u00e9butants et pensaient peut-\u00eatre que nous n\u2019allions par r\u00e9agir. Nous sommes en effet d\u00e9butants mais pas n\u00e9s de la derni\u00e8re pluie \u00bb.<\/em> Avant de fanfaronner il vaut mieux attendre le r\u00e9sultat d\u2019un r\u00e9f\u00e9r\u00e9 pour communiquer. Sans surprise le juge a refus\u00e9 ce r\u00e9f\u00e9r\u00e9. R\u00e9sultat de ce loup\u00e9 attendu\u00a0: on ne peut que conclure que ces \u00e9lus sont en effet des d\u00e9butants n\u00e9s de la derni\u00e8re pluie et qu\u2019ils sont tr\u00e8s mal conseill\u00e9s. Il faut savoir accepter la d\u00e9cision de justice avec humilit\u00e9 et ne pas perturber le Conseil municipal inutilement.<\/p>\n<hr \/>\n<p style=\"text-align: justify;\">Le pr\u00e9sident de la R\u00e9gion Auvergne Rh\u00f4ne-Alpes n\u2019h\u00e9site pas \u00e0 prof\u00e9rer de gros mensonges dans les m\u00e9dias. Il a lanc\u00e9 une campagne de publicit\u00e9 qui a un seul slogan d\u2019une grande simplicit\u00e9 : \u00ab\u00a0<em>R\u00e9gion la mieux g\u00e9r\u00e9e de France\u00a0pour notre avenir <\/em>\u00bb\u00a0!!! Il oublie d\u2019indiquer que c\u2019est la premi\u00e8re r\u00e9gion \u00e0 avoir eu un budget annul\u00e9 par la justice\u00a0! Conclusion\u00a0: l\u2019avenir promis sera plut\u00f4t sombre.<\/p>\n<hr \/>\n<p style=\"text-align: justify;\">Le maire communiste de Saint Martin d\u2019H\u00e8res s\u2019\u00e9l\u00e8ve vivement contre le projet d\u2019extension de la surface commerciale \u00e0 Grand\u2019Place de 5000 m<sup>2<\/sup>, lui qui a d\u00e9fendu une augmentation bien plus importante de la surface commerciale sur sa commune avec le projet Neyrpic. Il devrait alors batailler contre le maire communiste d\u2019Echirolles qui va devoir se prononcer sur la future demande de permis de construire du groupe Kl\u00e9pierre qui vaudra autorisation commerciale (si la CDAC donne un avis favorable). Mais pour \u00e9viter cette lutte fratricide, il consid\u00e8re que tout cela est de la faute des m\u00e9chants grenoblois qui ont mis en cause le projet Neyrpic. Alors que la contestation sur le projet Neyrpic est n\u00e9e depuis de longues ann\u00e9es \u00e0 Saint Martin d\u2019H\u00e8res.<\/p>\n","protected":false},"excerpt":{"rendered":"<p>Quel cin\u00e9ma\u00a0!!! Voila que le groupe d\u2019opposition EAG au Conseil municipal, se voyant refuser (\u00e0 juste titre) une question orale par le maire, monte sur ses grands chevaux et d\u00e9pose vendredi 21 septembre un r\u00e9f\u00e9r\u00e9 libert\u00e9 au tribunal administratif en d\u00e9clarant \u00ab Ils nous prennent pour des d\u00e9butants et pensaient peut-\u00eatre que nous n\u2019allions par [&hellip;]<\/p>\n","protected":false},"author":1,"featured_media":0,"comment_status":"closed","ping_status":"open","sticky":false,"template":"","format":"standard","meta":{"twitterCardType":"","cardImageID":0,"cardImage":"","cardTitle":"","cardDesc":"","cardImageAlt":"","cardPlayer":"","cardPlayerWidth":0,"cardPlayerHeight":0,"cardPlayerStream":"","cardPlayerCodec":"","footnotes":""},"categories":[62,11],"tags":[54],"class_list":["post-14811","post","type-post","status-publish","format-standard","hentry","category-le-rouge-le-vert-hebdo","category-politique-locale","tag-politique-droite-gauche"],"_links":{"self":[{"href":"https:\/\/www.ades-grenoble.org\/wordpress\/wp-json\/wp\/v2\/posts\/14811","targetHints":{"allow":["GET"]}}],"collection":[{"href":"https:\/\/www.ades-grenoble.org\/wordpress\/wp-json\/wp\/v2\/posts"}],"about":[{"href":"https:\/\/www.ades-grenoble.org\/wordpress\/wp-json\/wp\/v2\/types\/post"}],"author":[{"embeddable":true,"href":"https:\/\/www.ades-grenoble.org\/wordpress\/wp-json\/wp\/v2\/users\/1"}],"replies":[{"embeddable":true,"href":"https:\/\/www.ades-grenoble.org\/wordpress\/wp-json\/wp\/v2\/comments?post=14811"}],"version-history":[{"count":1,"href":"https:\/\/www.ades-grenoble.org\/wordpress\/wp-json\/wp\/v2\/posts\/14811\/revisions"}],"predecessor-version":[{"id":14812,"href":"https:\/\/www.ades-grenoble.org\/wordpress\/wp-json\/wp\/v2\/posts\/14811\/revisions\/14812"}],"wp:attachment":[{"href":"https:\/\/www.ades-grenoble.org\/wordpress\/wp-json\/wp\/v2\/media?parent=14811"}],"wp:term":[{"taxonomy":"category","embeddable":true,"href":"https:\/\/www.ades-grenoble.org\/wordpress\/wp-json\/wp\/v2\/categories?post=14811"},{"taxonomy":"post_tag","embeddable":true,"href":"https:\/\/www.ades-grenoble.org\/wordpress\/wp-json\/wp\/v2\/tags?post=14811"}],"curies":[{"name":"wp","href":"https:\/\/api.w.org\/{rel}","templated":true}]}}