{"id":14821,"date":"2018-09-28T17:13:40","date_gmt":"2018-09-28T15:13:40","guid":{"rendered":"http:\/\/www.ades-grenoble.org\/wordpress\/?p=14821"},"modified":"2018-09-28T17:15:47","modified_gmt":"2018-09-28T15:15:47","slug":"agenda-98","status":"publish","type":"post","link":"https:\/\/www.ades-grenoble.org\/wordpress\/2018\/09\/28\/agenda-98\/","title":{"rendered":"Agenda"},"content":{"rendered":"<p><strong><img loading=\"lazy\" decoding=\"async\" class=\"size-full wp-image-14760 alignleft\" src=\"http:\/\/www.ades-grenoble.org\/wordpress\/wp-content\/uploads\/2018\/09\/PDU2030SMTC.jpg\" alt=\"\" width=\"308\" height=\"321\" srcset=\"https:\/\/www.ades-grenoble.org\/wordpress\/wp-content\/uploads\/2018\/09\/PDU2030SMTC.jpg 308w, https:\/\/www.ades-grenoble.org\/wordpress\/wp-content\/uploads\/2018\/09\/PDU2030SMTC-144x150.jpg 144w, https:\/\/www.ades-grenoble.org\/wordpress\/wp-content\/uploads\/2018\/09\/PDU2030SMTC-288x300.jpg 288w\" sizes=\"auto, (max-width: 308px) 100vw, 308px\" \/>Enqu\u00eate publique sur le projet de PDU 2030 de l\u2019agglom\u00e9ration\u00a0: <\/strong>elle est ouverte jusqu\u2019au 26 octobre. Pour prendre connaissance du projet de PDU, voir <a href=\"https:\/\/www.registre-numerique.fr\/pdu-smtc\/documents\" target=\"_blank\" rel=\"noopener\">ici<\/a>. Pour d\u00e9poser ses observations et propositions <a href=\"https:\/\/www.registre-numerique.fr\/pdu-smtc\/documents\" target=\"_blank\" rel=\"noopener\">l\u00e0<\/a>.<\/p>\n<hr \/>\n<p><strong>Cycle de conf\u00e9rences \u00ab\u00a0<a href=\"http:\/\/www.mnei.fr\/index.php\/etre-acteurs-dans-la-transition-agricole-et-alimentaire\/\" target=\"_blank\" rel=\"noopener\">\u00eatre acteurs dans la transition agricole et alimentaire<\/a>\u00ab\u00a0<\/strong> organis\u00e9 par Nature et Progr\u00e8s et le collectif pour l&rsquo;autonomie alimentaire de Grenoble et ses environs.<\/p>\n","protected":false},"excerpt":{"rendered":"<p>Enqu\u00eate publique sur le projet de PDU 2030 de l\u2019agglom\u00e9ration\u00a0: elle est ouverte jusqu\u2019au 26 octobre. Pour prendre connaissance du projet de PDU, voir ici. Pour d\u00e9poser ses observations et propositions l\u00e0. Cycle de conf\u00e9rences \u00ab\u00a0\u00eatre acteurs dans la transition agricole et alimentaire\u00ab\u00a0 organis\u00e9 par Nature et Progr\u00e8s et le collectif pour l&rsquo;autonomie alimentaire de [&hellip;]<\/p>\n","protected":false},"author":1,"featured_media":0,"comment_status":"closed","ping_status":"open","sticky":false,"template":"","format":"standard","meta":{"twitterCardType":"","cardImageID":0,"cardImage":"","cardTitle":"","cardDesc":"","cardImageAlt":"","cardPlayer":"","cardPlayerWidth":0,"cardPlayerHeight":0,"cardPlayerStream":"","cardPlayerCodec":"","footnotes":""},"categories":[62,11],"tags":[125],"class_list":["post-14821","post","type-post","status-publish","format-standard","hentry","category-le-rouge-le-vert-hebdo","category-politique-locale","tag-agenda"],"_links":{"self":[{"href":"https:\/\/www.ades-grenoble.org\/wordpress\/wp-json\/wp\/v2\/posts\/14821","targetHints":{"allow":["GET"]}}],"collection":[{"href":"https:\/\/www.ades-grenoble.org\/wordpress\/wp-json\/wp\/v2\/posts"}],"about":[{"href":"https:\/\/www.ades-grenoble.org\/wordpress\/wp-json\/wp\/v2\/types\/post"}],"author":[{"embeddable":true,"href":"https:\/\/www.ades-grenoble.org\/wordpress\/wp-json\/wp\/v2\/users\/1"}],"replies":[{"embeddable":true,"href":"https:\/\/www.ades-grenoble.org\/wordpress\/wp-json\/wp\/v2\/comments?post=14821"}],"version-history":[{"count":1,"href":"https:\/\/www.ades-grenoble.org\/wordpress\/wp-json\/wp\/v2\/posts\/14821\/revisions"}],"predecessor-version":[{"id":14822,"href":"https:\/\/www.ades-grenoble.org\/wordpress\/wp-json\/wp\/v2\/posts\/14821\/revisions\/14822"}],"wp:attachment":[{"href":"https:\/\/www.ades-grenoble.org\/wordpress\/wp-json\/wp\/v2\/media?parent=14821"}],"wp:term":[{"taxonomy":"category","embeddable":true,"href":"https:\/\/www.ades-grenoble.org\/wordpress\/wp-json\/wp\/v2\/categories?post=14821"},{"taxonomy":"post_tag","embeddable":true,"href":"https:\/\/www.ades-grenoble.org\/wordpress\/wp-json\/wp\/v2\/tags?post=14821"}],"curies":[{"name":"wp","href":"https:\/\/api.w.org\/{rel}","templated":true}]}}