{"id":14828,"date":"2018-10-05T16:26:30","date_gmt":"2018-10-05T14:26:30","guid":{"rendered":"http:\/\/www.ades-grenoble.org\/wordpress\/?p=14828"},"modified":"2018-10-05T19:56:43","modified_gmt":"2018-10-05T17:56:43","slug":"rodeos-motorises-une-circulaire-gouvernementale","status":"publish","type":"post","link":"https:\/\/www.ades-grenoble.org\/wordpress\/2018\/10\/05\/rodeos-motorises-une-circulaire-gouvernementale\/","title":{"rendered":"Rod\u00e9os motoris\u00e9s : une circulaire gouvernementale"},"content":{"rendered":"<p style=\"text-align: justify;\"><img loading=\"lazy\" decoding=\"async\" class=\"size-full wp-image-14829 alignleft\" src=\"http:\/\/www.ades-grenoble.org\/wordpress\/wp-content\/uploads\/2018\/10\/rodeo-moto.jpg\" alt=\"\" width=\"380\" height=\"214\" srcset=\"https:\/\/www.ades-grenoble.org\/wordpress\/wp-content\/uploads\/2018\/10\/rodeo-moto.jpg 380w, https:\/\/www.ades-grenoble.org\/wordpress\/wp-content\/uploads\/2018\/10\/rodeo-moto-150x84.jpg 150w, https:\/\/www.ades-grenoble.org\/wordpress\/wp-content\/uploads\/2018\/10\/rodeo-moto-300x169.jpg 300w\" sizes=\"auto, (max-width: 380px) 100vw, 380px\" \/>La circulaire du 3 septembre 2018, de la Garde des sceaux, relative \u00e0 la loi n\u00b02018-701 du 3 ao\u00fbt 2018 renfor\u00e7ant la lutte contre les rod\u00e9os motoris\u00e9s a \u00e9t\u00e9 mise en ligne le 1<sup>er<\/sup> octobre sur le site du minist\u00e8re de la justice. Elle est adress\u00e9e aux diff\u00e9rents \u00e9chelons de l\u2019administration judiciaire pour leur pr\u00e9ciser des \u00e9l\u00e9ments de la loi et les peines encourues.<\/p>\n<p style=\"text-align: justify;\">La loi entend r\u00e9primer de fa\u00e7on adapt\u00e9e, coh\u00e9rente et dissuasive les rod\u00e9os motoris\u00e9s. Jusqu\u2019\u00e0 pr\u00e9sent, ces faits\u00a0ne faisaient pas l\u2019objet d\u2019une incrimination p\u00e9nale sp\u00e9cifique, ils sont maintenant d\u00e9finis par trois articles du Code de la route. La loi a fix\u00e9 des peines d\u2019un an \u00e0 cinq ans d\u2019emprisonnement et 15 000 \u00e0 75 000 euros d\u2019amendes, selon que les faits soient commis ou non en r\u00e9union, en r\u00e9cidive ou sous l\u2019emprise de l\u2019alcool ou de stup\u00e9fiants. Elle pr\u00e9voit \u00e9galement des peines compl\u00e9mentaires, dont la confiscation du v\u00e9hicule et la suspension du permis de conduire\u2026 Les nouveaux articles du Code de la route d\u00e9finissent l\u2019infraction comme \u00ab<em> le fait d&rsquo;adopter, au moyen d&rsquo;un v\u00e9hicule terrestre \u00e0 moteur, une conduite r\u00e9p\u00e9tant de fa\u00e7on intentionnelle des man\u0153uvres constituant des violations d&rsquo;obligations particuli\u00e8res de s\u00e9curit\u00e9 et de prudence (\u2026) dans des conditions qui compromettent la s\u00e9curit\u00e9 des usagers de la route ou qui troublent la tranquillit\u00e9 publique<\/em>\u00bb.<\/p>\n<p><!--more--><\/p>\n<p style=\"text-align: justify;\">Pour connaitre les d\u00e9tails de cette circulaire, cliquez <a href=\"http:\/\/circulaire.legifrance.gouv.fr\/index.php?action=afficherCirculaire&amp;hit=1&amp;r=44009\" target=\"_blank\" rel=\"noopener\">ici<\/a>.<\/p>\n<p style=\"text-align: justify;\">\n","protected":false},"excerpt":{"rendered":"<p>La circulaire du 3 septembre 2018, de la Garde des sceaux, relative \u00e0 la loi n\u00b02018-701 du 3 ao\u00fbt 2018 renfor\u00e7ant la lutte contre les rod\u00e9os motoris\u00e9s a \u00e9t\u00e9 mise en ligne le 1er octobre sur le site du minist\u00e8re de la justice. Elle est adress\u00e9e aux diff\u00e9rents \u00e9chelons de l\u2019administration judiciaire pour leur pr\u00e9ciser [&hellip;]<\/p>\n","protected":false},"author":1,"featured_media":0,"comment_status":"closed","ping_status":"open","sticky":false,"template":"","format":"standard","meta":{"twitterCardType":"","cardImageID":0,"cardImage":"","cardTitle":"","cardDesc":"","cardImageAlt":"","cardPlayer":"","cardPlayerWidth":0,"cardPlayerHeight":0,"cardPlayerStream":"","cardPlayerCodec":"","footnotes":""},"categories":[62,11],"tags":[317,166,152,76],"class_list":["post-14828","post","type-post","status-publish","format-standard","hentry","category-le-rouge-le-vert-hebdo","category-politique-locale","tag-bruit","tag-loi","tag-pollution-2","tag-securite"],"_links":{"self":[{"href":"https:\/\/www.ades-grenoble.org\/wordpress\/wp-json\/wp\/v2\/posts\/14828","targetHints":{"allow":["GET"]}}],"collection":[{"href":"https:\/\/www.ades-grenoble.org\/wordpress\/wp-json\/wp\/v2\/posts"}],"about":[{"href":"https:\/\/www.ades-grenoble.org\/wordpress\/wp-json\/wp\/v2\/types\/post"}],"author":[{"embeddable":true,"href":"https:\/\/www.ades-grenoble.org\/wordpress\/wp-json\/wp\/v2\/users\/1"}],"replies":[{"embeddable":true,"href":"https:\/\/www.ades-grenoble.org\/wordpress\/wp-json\/wp\/v2\/comments?post=14828"}],"version-history":[{"count":1,"href":"https:\/\/www.ades-grenoble.org\/wordpress\/wp-json\/wp\/v2\/posts\/14828\/revisions"}],"predecessor-version":[{"id":14830,"href":"https:\/\/www.ades-grenoble.org\/wordpress\/wp-json\/wp\/v2\/posts\/14828\/revisions\/14830"}],"wp:attachment":[{"href":"https:\/\/www.ades-grenoble.org\/wordpress\/wp-json\/wp\/v2\/media?parent=14828"}],"wp:term":[{"taxonomy":"category","embeddable":true,"href":"https:\/\/www.ades-grenoble.org\/wordpress\/wp-json\/wp\/v2\/categories?post=14828"},{"taxonomy":"post_tag","embeddable":true,"href":"https:\/\/www.ades-grenoble.org\/wordpress\/wp-json\/wp\/v2\/tags?post=14828"}],"curies":[{"name":"wp","href":"https:\/\/api.w.org\/{rel}","templated":true}]}}