{"id":14831,"date":"2018-10-05T16:30:17","date_gmt":"2018-10-05T14:30:17","guid":{"rendered":"http:\/\/www.ades-grenoble.org\/wordpress\/?p=14831"},"modified":"2018-10-09T15:15:10","modified_gmt":"2018-10-09T13:15:10","slug":"les-ponctions-sur-le-budget-des-agences-de-leau-attaquees-en-justice","status":"publish","type":"post","link":"https:\/\/www.ades-grenoble.org\/wordpress\/2018\/10\/05\/les-ponctions-sur-le-budget-des-agences-de-leau-attaquees-en-justice\/","title":{"rendered":"Les ponctions sur le budget des Agences de l\u2019eau attaqu\u00e9es en justice"},"content":{"rendered":"<p style=\"text-align: justify;\"><img loading=\"lazy\" decoding=\"async\" class=\"size-full wp-image-9433 alignleft\" src=\"http:\/\/www.ades-grenoble.org\/wordpress\/wp-content\/uploads\/2014\/12\/robinet-qui-coule1.jpg\" alt=\"\" width=\"276\" height=\"183\" srcset=\"https:\/\/www.ades-grenoble.org\/wordpress\/wp-content\/uploads\/2014\/12\/robinet-qui-coule1.jpg 276w, https:\/\/www.ades-grenoble.org\/wordpress\/wp-content\/uploads\/2014\/12\/robinet-qui-coule1-150x99.jpg 150w\" sizes=\"auto, (max-width: 276px) 100vw, 276px\" \/>Depuis des ann\u00e9es, le gouvernement ponctionne des sommes importantes dans les budgets des agences de l\u2019eau qui sont aliment\u00e9s par les redevances des usagers des services publics de l\u2019eau et de l\u2019assainissement et servent \u00e0 la protection des ressources et \u00e0 l\u2019am\u00e9lioration du traitement des eaux us\u00e9es.<\/p>\n<p style=\"text-align: justify;\">L\u2019association Amorce (qui regroupe notamment de tr\u00e8s nombreuses collectivit\u00e9s) a d\u00e9pos\u00e9 un recours devant le juge administratif le 28 septembre 2018, pour faire annuler ces ponctions qui remettent en cause le principe du service public industriel et commercial\u00a0: l\u2019eau paye l\u2019eau et pas autre chose.<\/p>\n<p style=\"text-align: justify;\">Amorce a annonc\u00e9, par un communiqu\u00e9 relay\u00e9 par l\u2019AFP \u00ab\u00a0<em>avoir d\u00e9pos\u00e9 ce jour, au nom de ses adh\u00e9rents, un recours devant le juge administratif afin d&rsquo;obtenir l&rsquo;annulation des arr\u00eat\u00e9s du 22 f\u00e9vrier 2018 r\u00e9partissant les pr\u00e9l\u00e8vements sur la tr\u00e9sorerie des Agences de l&rsquo;eau<\/em>\u00a0\u00bb. L\u2019association rappelle que ces ponctions repr\u00e9sentent presque \u00ab\u00a0500 millions d&rsquo;euros\u00a0\u00bb, ce qui repr\u00e9sente une baisse de 20% des moyens des agences.Amorce a attaqu\u00e9 devant le tribunal administratif les deux arr\u00eat\u00e9s du 22 f\u00e9vrier 2018 fixant les pr\u00e9l\u00e8vements sur les budgets des six Agences de l\u2019eau m\u00e9tropolitaines. Le premier s\u2019\u00e9l\u00e8ve, au total, \u00e0 200 millions d\u2019euros, avec des \u00ab\u00a0<em>pr\u00e9l\u00e8vements sur ressources<\/em>\u00a0\u00bb allant de 13,2 millions d\u2019euros (Artois-Picardie) \u00e0 67,1 millions d\u2019euros (Seine-Normandie)<\/p>\n<p><!--more--><\/p>\n<p style=\"text-align: justify;\">Le deuxi\u00e8me arr\u00eat\u00e9 est, lui, relatif \u00e0 la contribution financi\u00e8re des Agences de l\u2019eau au financement de l\u2019Agence fran\u00e7aise pour la biodiversit\u00e9 (AFB) et de l\u2019Office national de la chasse et de la faune sauvage (ONCFS). Il atteint 280 millions d\u2019euros.<br \/>\n<a href=\"https:\/\/www.actualitesdudroit.fr\/browse\/public\/environnement\/16233\/recours-de-collectivites-contre-les-ponctions-sur-les-agences-de-l-eau\" target=\"_blank\" rel=\"noopener\">Amorce d\u00e9nonce le fait que les recettes des Agences de l\u2019eau contribuent \u00e0 \u00ab<em> la diminution des d\u00e9ficits de l&rsquo;\u00c9tat <\/em>\u00bb<\/a> et s\u2019indigne que la fiscalit\u00e9 environnementale soit utilis\u00e9e \u00ab\u00a0<em>non pas comme un levier au service de la transition \u00e9cologique mais comme une nouvelle manne financi\u00e8re pour l&rsquo;\u00c9tat <\/em>\u00bb.<\/p>\n<p style=\"text-align: justify;\">Voici l\u2019expos\u00e9 des motifs de l\u2019article 75 du projet de loi de finances 2019, qui concerne\u00a0: <em>\u00ab\u00a0P\u00e9rennisation du financement du plan Ecophyto et fixation des modalit\u00e9s de contribution des agences de l\u2019eau \u00e0 l\u2019Agence fran\u00e7aise pour la biodiversit\u00e9 (AFB) et \u00e0 l\u2019Office national de la chasse et de la faune sauvage (ONCFS)\u00a0\u00bb.<\/em><\/p>\n<p style=\"text-align: justify;\"><em>\u00ab\u00a0Le pr\u00e9sent article vise, tout d\u2019abord, \u00e0 traduire l\u2019engagement pris le 28 ao\u00fbt 2018 par le Gouvernement, parmi les diff\u00e9rentes mesures annonc\u00e9es pour moderniser la chasse et prot\u00e9ger la biodiversit\u00e9, de r\u00e9duire le montant des redevances cyn\u00e9g\u00e9tiques. Par ailleurs, une contribution de 5 \u20ac par chasseur pour la biodiversit\u00e9 sera mise en place, associ\u00e9e \u00e0 des cofinancements publics, pour financer des actions concr\u00e8tes en faveur de la biodiversit\u00e9 et de la restauration des habitats. <\/em><\/p>\n<p style=\"text-align: justify;\"><em>Par ailleurs, il est propos\u00e9 de p\u00e9renniser le financement, par les agences de l\u2019eau, du programme national visant \u00e0 la r\u00e9duction de l\u2019usage des pesticides dans l\u2019agriculture et \u00e0 la ma\u00eetrise de leurs risques (plan \u00ab Ecophyto \u00bb). L\u2019AFB est charg\u00e9e de la mise en \u0153uvre de ce plan, dont le financement est assur\u00e9 par un versement des agences de l\u2019eau plafonn\u00e9 \u00e0 hauteur de 41 M\u20ac par an. Les dispositions l\u00e9gislatives actuelles pr\u00e9voient ce versement jusqu\u2019en 2018. <\/em><\/p>\n<p style=\"text-align: justify;\"><em>Enfin, la mesure propos\u00e9e tend \u00e0 modifier les modalit\u00e9s de r\u00e9partition des contributions des agences de l\u2019eau aux op\u00e9rateurs de la biodiversit\u00e9 terrestre et aquatique afin d\u2019assurer une plus grande solidarit\u00e9 entre les diff\u00e9rents bassins hydrographiques. \u00c0 cet \u00e9gard, le dispositif pr\u00e9voit de calculer cette r\u00e9partition par agence au regard, d\u2019une part, de leur \u00ab potentiel \u00e9conomique du bassin hydrographique \u00bb d\u00e9termin\u00e9, \u00e0 partir des donn\u00e9es de l\u2019Insee, par le produit int\u00e9rieur brut des r\u00e9gions relevant de chaque bassin hydrographique et le revenu des m\u00e9nages et, d\u2019autre part, de l\u2019importance de leur population rurale.\u00a0\u00bb<\/em><\/p>\n","protected":false},"excerpt":{"rendered":"<p>Depuis des ann\u00e9es, le gouvernement ponctionne des sommes importantes dans les budgets des agences de l\u2019eau qui sont aliment\u00e9s par les redevances des usagers des services publics de l\u2019eau et de l\u2019assainissement et servent \u00e0 la protection des ressources et \u00e0 l\u2019am\u00e9lioration du traitement des eaux us\u00e9es. L\u2019association Amorce (qui regroupe notamment de tr\u00e8s nombreuses [&hellip;]<\/p>\n","protected":false},"author":1,"featured_media":0,"comment_status":"closed","ping_status":"open","sticky":false,"template":"","format":"standard","meta":{"twitterCardType":"","cardImageID":0,"cardImage":"","cardTitle":"","cardDesc":"","cardImageAlt":"","cardPlayer":"","cardPlayerWidth":0,"cardPlayerHeight":0,"cardPlayerStream":"","cardPlayerCodec":"","footnotes":""},"categories":[62,11],"tags":[232,196,138],"class_list":["post-14831","post","type-post","status-publish","format-standard","hentry","category-le-rouge-le-vert-hebdo","category-politique-locale","tag-eau","tag-etat","tag-finances"],"_links":{"self":[{"href":"https:\/\/www.ades-grenoble.org\/wordpress\/wp-json\/wp\/v2\/posts\/14831","targetHints":{"allow":["GET"]}}],"collection":[{"href":"https:\/\/www.ades-grenoble.org\/wordpress\/wp-json\/wp\/v2\/posts"}],"about":[{"href":"https:\/\/www.ades-grenoble.org\/wordpress\/wp-json\/wp\/v2\/types\/post"}],"author":[{"embeddable":true,"href":"https:\/\/www.ades-grenoble.org\/wordpress\/wp-json\/wp\/v2\/users\/1"}],"replies":[{"embeddable":true,"href":"https:\/\/www.ades-grenoble.org\/wordpress\/wp-json\/wp\/v2\/comments?post=14831"}],"version-history":[{"count":2,"href":"https:\/\/www.ades-grenoble.org\/wordpress\/wp-json\/wp\/v2\/posts\/14831\/revisions"}],"predecessor-version":[{"id":14859,"href":"https:\/\/www.ades-grenoble.org\/wordpress\/wp-json\/wp\/v2\/posts\/14831\/revisions\/14859"}],"wp:attachment":[{"href":"https:\/\/www.ades-grenoble.org\/wordpress\/wp-json\/wp\/v2\/media?parent=14831"}],"wp:term":[{"taxonomy":"category","embeddable":true,"href":"https:\/\/www.ades-grenoble.org\/wordpress\/wp-json\/wp\/v2\/categories?post=14831"},{"taxonomy":"post_tag","embeddable":true,"href":"https:\/\/www.ades-grenoble.org\/wordpress\/wp-json\/wp\/v2\/tags?post=14831"}],"curies":[{"name":"wp","href":"https:\/\/api.w.org\/{rel}","templated":true}]}}