{"id":14866,"date":"2018-10-12T12:08:13","date_gmt":"2018-10-12T10:08:13","guid":{"rendered":"http:\/\/www.ades-grenoble.org\/wordpress\/?p=14866"},"modified":"2018-10-12T13:05:48","modified_gmt":"2018-10-12T11:05:48","slug":"le-cri-dalarme-du-giec-sur-le-rechauffement-climatique","status":"publish","type":"post","link":"https:\/\/www.ades-grenoble.org\/wordpress\/2018\/10\/12\/le-cri-dalarme-du-giec-sur-le-rechauffement-climatique\/","title":{"rendered":"Le cri d\u2019alarme du GIEC sur le r\u00e9chauffement climatique"},"content":{"rendered":"<p style=\"text-align: justify;\"><img loading=\"lazy\" decoding=\"async\" class=\"size-full wp-image-14867 alignleft\" src=\"http:\/\/www.ades-grenoble.org\/wordpress\/wp-content\/uploads\/2018\/10\/GIEC.jpg\" alt=\"\" width=\"220\" height=\"285\" srcset=\"https:\/\/www.ades-grenoble.org\/wordpress\/wp-content\/uploads\/2018\/10\/GIEC.jpg 220w, https:\/\/www.ades-grenoble.org\/wordpress\/wp-content\/uploads\/2018\/10\/GIEC-116x150.jpg 116w\" sizes=\"auto, (max-width: 220px) 100vw, 220px\" \/>Lors de la COP21, c\u2019\u00e9tait la limite de 2\u00b0C d\u2019augmentation de la temp\u00e9rature pour 2100 qui \u00e9tait consid\u00e9r\u00e9e comme tr\u00e8s dangereuse. Maintenant le GIEC (Groupe d&rsquo;experts intergouvernemental sur l&rsquo;\u00e9volution du climat), apr\u00e8s avoir compil\u00e9 plus de 6000 \u00e9tudes de recherches internationales fixe la limite \u00e0 ne pas d\u00e9passer \u00e0 1,5 \u00b0C car au-del\u00e0 la vie sur la plan\u00e8te changera radicalement. Et vu le rythme d\u2019\u00e9volution des temp\u00e9ratures ce n\u2019est pas en 2100 que cette limite serait d\u00e9pass\u00e9e mais entre 2030 et 2052.<\/p>\n<p style=\"text-align: justify;\">Pour ne pas jouer les catastrophistes le GIEC explique qu\u2019il y a urgence \u00e0 agir mais qu\u2019il y a des solutions pour \u00e9viter l\u2019in\u00e9vitable. Les d\u00e9cisions doivent \u00eatre prises maintenant et appliqu\u00e9es avec un volontarisme absolu.<\/p>\n<p style=\"text-align: justify;\"><em>\u00ab\u00a0Les \u00e9missions mondiales nettes de dioxyde de carbone (CO2) d\u2019origine anthropique devraient \u00eatre r\u00e9duites d\u2019environ 45 % par rapport aux niveaux de 2010 d\u2019ici \u00e0 2030, et il faudrait atteindre un \u00ab bilan nul \u00bb des \u00e9missions aux alentours de 2050, ce qui signifie que les \u00e9missions restantes devraient \u00eatre compens\u00e9es en \u00e9liminant du CO2 de l\u2019atmosph\u00e8re.\u00a0\u00bb<\/em><\/p>\n<p style=\"text-align: justify;\">La politique actuelle de la France et de l\u2019Europe ne sont pas \u00e0 la hauteur des enjeux et l\u2019ensemble des acteurs doivent se mobiliser pour assurer la transition \u00e9cologique de la soci\u00e9t\u00e9. Le cri d\u2019alarme de Nicolas Hulot n\u2019a pas \u00e9t\u00e9 pris en compte, que ce soit dans la politique agricole, la politique \u00e9nerg\u00e9tique et la lutte contre les pollutions de l\u2019air des aliments et des sols.<\/p>\n<p style=\"text-align: justify;\">Les collectivit\u00e9s locales sont des acteurs tr\u00e8s importants car les d\u00e9cisions politiques qu\u2019elles peuvent prendre sont li\u00e9es aux \u00e9volutions qui touchent la vie quotidienne des habitants. De ce point de vue les efforts men\u00e9s par la ville de Grenoble et la m\u00e9tropole vont dans le bon sens mais il faut encore les amplifier que ce soit sur l\u2019urbanisme, la construction, les transports, la nourriture, la biodiversit\u00e9, la lutte contre la p\u00e9riurbanisation et la sauvegarde des terres agricoles, la d\u00e9fense des services publics collectifs\u2026<\/p>\n<p style=\"text-align: justify;\"><!--more--><\/p>\n<p style=\"text-align: justify;\">Extraits du communiqu\u00e9 du GIEC du 8 octobre 2018\u00a0:<\/p>\n<p style=\"text-align: justify;\"><em>\u00ab\u00a0Le rapport, dont l\u2019\u00e9laboration avait \u00e9t\u00e9 demand\u00e9e par les Parties \u00e0 la Convention-cadre des Nations Unies sur les changements climatiques (CCNUCC) lors de l\u2019adoption de l\u2019Accord de Paris en 2015, est le fruit de la collaboration de quatre-vingt-onze auteurs et \u00e9diteurs-r\u00e9viseurs issus de 40 pays. <\/em><\/p>\n<p style=\"text-align: justify;\"><em>Son titre complet est : R\u00e9chauffement plan\u00e9taire de 1,5 \u00b0C, Rapport sp\u00e9cial du GIEC sur les cons\u00e9quences d&rsquo;un r\u00e9chauffement plan\u00e9taire de 1,5 \u00b0C par rapport aux niveaux pr\u00e9industriels et les profils connexes d&rsquo;\u00e9volution des \u00e9missions mondiales de gaz \u00e0 effet de serre, dans le contexte du renforcement de la parade mondiale au changement climatique, du d\u00e9veloppement durable et de la lutte contre la pauvret\u00e9. <\/em><\/p>\n<p style=\"text-align: justify;\"><em>\u00abUn message important ressort tout particuli\u00e8rement de ce rapport, \u00e0 savoir que les cons\u00e9quences d\u2019un r\u00e9chauffement plan\u00e9taire de 1 \u00b0C sont d\u00e9j\u00e0 bien r\u00e9elles, comme l\u2019attestent l\u2019augmentation des extr\u00eames m\u00e9t\u00e9orologiques, l\u2019\u00e9l\u00e9vation du niveau de la mer et la diminution de la banquise arctique\u00bb a soulign\u00e9 Panmao Zhai, copr\u00e9sident du Groupe de travail I du GIEC. <\/em><\/p>\n<p style=\"text-align: justify;\"><em>Le rapport met en exergue un certain nombre de cons\u00e9quences des changements climatiques qui pourraient \u00eatre \u00e9vit\u00e9es si le r\u00e9chauffement \u00e9tait limit\u00e9 \u00e0 1,5 \u00baC, et non \u00e0 2 \u00baC ou plus. Ainsi, d\u2019ici \u00e0 2100, le niveau de la mer \u00e0 l\u2019\u00e9chelle de la plan\u00e8te serait, si le r\u00e9chauffement \u00e9tait limit\u00e9 \u00e0 1,5 \u00baC, inf\u00e9rieur de 10 cm \u00e0 celui qui risquerait d\u2019\u00eatre enregistr\u00e9 s&rsquo;il \u00e9tait limit\u00e9 \u00e0 2 \u00b0C. La probabilit\u00e9 que l\u2019oc\u00e9an arctique soit libre de glace en \u00e9t\u00e9 serait d\u2019une fois par si\u00e8cle si le r\u00e9chauffement est limit\u00e9 \u00e0 1,5 \u00b0C, mais d\u2019au moins une fois tous les dix ans s\u2019il est limit\u00e9 \u00e0 2 \u00b0C. Avec un r\u00e9chauffement de 1,5 \u00b0C, 70 \u00e0 90 % des r\u00e9cifs coralliens dispara\u00eetraient, alors qu\u2019avec un r\u00e9chauffement de 2 \u00b0C, la quasi-totalit\u00e9 (&gt; 99 %) serait an\u00e9antie. <\/em><\/p>\n<p style=\"text-align: justify;\"><em>\u00ab Toute augmentation suppl\u00e9mentaire de la temp\u00e9rature, aussi minime soit-elle, a son importance, d\u2019autant plus qu\u2019un r\u00e9chauffement de 1,5 \u00baC ou plus augmentera le risque associ\u00e9 \u00e0 des changements p\u00e9rennes ou irr\u00e9versibles, tels que la disparition de certains \u00e9cosyst\u00e8mes\u00bb a ajout\u00e9 Hans-Otto P\u00f6rtner, copr\u00e9sident du Groupe de travail II du GIEC. <\/em><\/p>\n<p style=\"text-align: justify;\"><em>\u00abEn outre, le fait de limiter le r\u00e9chauffement plan\u00e9taire donnerait la possibilit\u00e9 aux populations et aux \u00e9cosyst\u00e8mes de s\u2019adapter et de rester en-dessous des seuils de risque pertinents\u00bb a ajout\u00e9 O. P\u00f6rtner. Dans ce rapport, les auteurs ont \u00e9galement \u00e9tudi\u00e9 les solutions susceptibles d\u2019\u00eatre mises en \u0153uvre pour limiter le r\u00e9chauffement \u00e0 1,5 \u00baC, les modalit\u00e9s de leur mise en \u0153uvre et leurs cons\u00e9quences \u00e9ventuelles. <\/em><\/p>\n<p style=\"text-align: justify;\"><em>\u00ab Si l\u2019on regarde le bon c\u00f4t\u00e9 des choses, certains des types de mesures qui seraient n\u00e9cessaires pour limiter le r\u00e9chauffement \u00e0 1,5 \u00b0C sont d\u00e9j\u00e0 mis en \u0153uvre dans le monde, mais il faudrait n\u00e9anmoins acc\u00e9l\u00e9rer le rythme \u00bb a pr\u00e9cis\u00e9 Val\u00e9rie Masson-Delmotte, copr\u00e9sidente du Groupe de travail I. <\/em><\/p>\n<p style=\"text-align: justify;\"><em>Il est indiqu\u00e9 dans le rapport que la limitation du r\u00e9chauffement plan\u00e9taire \u00e0 1,5 \u00b0C n\u00e9cessiterait des transitions \u00ab rapides et de grande envergure \u00bb dans les domaines de l\u2019am\u00e9nagement du territoire, de l\u2019\u00e9nergie, de l\u2019industrie, du b\u00e2timent, du transport et de l\u2019urbanisme. Les \u00e9missions mondiales nettes de dioxyde de carbone (CO2) d\u2019origine anthropique devraient \u00eatre r\u00e9duites d\u2019environ 45 % par rapport aux niveaux de 2010 d\u2019ici \u00e0 2030, et il faudrait atteindre un \u00ab bilan nul \u00bb des \u00e9missions aux alentours de 2050, ce qui signifie que les \u00e9missions restantes devraient \u00eatre compens\u00e9es en \u00e9liminant du CO2 de l\u2019atmosph\u00e8re. <\/em><\/p>\n<p style=\"text-align: justify;\"><em>\u00ab Du point de vue des lois de la physique et de la chimie, la limitation du r\u00e9chauffement plan\u00e9taire \u00e0 1,5 \u00baC est possible, mais il faudrait, pour la r\u00e9aliser, des changements sans pr\u00e9c\u00e9dent \u00bb a pr\u00e9cis\u00e9 Jim Skea, copr\u00e9sident du Groupe de travail III du GIEC. <\/em><\/p>\n<p style=\"text-align: justify;\"><em>Laisser le r\u00e9chauffement d\u00e9passer temporairement l\u2019objectif de 1,5 \u00baC impliquerait une plus grande d\u00e9pendance vis-\u00e0-vis des techniques d\u2019\u00e9limination du CO2 atmosph\u00e9rique si l\u2019on souhaite ensuite revenir en dessous des 1,5 \u00baC en 2100. L\u2019efficacit\u00e9 de ces techniques reste \u00e0 prouver \u00e0 grande \u00e9chelle, certaines \u00e9tant m\u00eame susceptibles de repr\u00e9senter un risque consid\u00e9rable pour le d\u00e9veloppement durable, est-il pr\u00e9cis\u00e9 dans le rapport. <\/em><\/p>\n<p style=\"text-align: justify;\"><em>Comme l\u2019indique Priyardarshi Shukla, copr\u00e9sident du Groupe de travail III, \u00abla limitation du r\u00e9chauffement plan\u00e9taire \u00e0 1,5 \u00b0C et non \u00e0 2 \u00b0C minimiserait les effets, lourds de cons\u00e9quence, sur les \u00e9cosyst\u00e8mes, la sant\u00e9 et le bien-\u00eatre des populations, et il serait ainsi plus facile d\u2019atteindre les objectifs de d\u00e9veloppement durable d\u00e9finis par les Nations Unies \u00bb. <\/em><\/p>\n<p style=\"text-align: justify;\"><em>\u00ab Les d\u00e9cisions que nous prenons aujourd\u2019hui sont indispensables si l\u2019on souhaite assurer \u00e0 chacun d\u2019entre nous un monde s\u00fbr et durable, aujourd\u2019hui comme demain \u00bb a soulign\u00e9 Debra Roberts, copr\u00e9sidente du Groupe de travail II. <\/em><\/p>\n<p style=\"text-align: justify;\"><em>\u00ab Ce rapport pr\u00e9sente aux d\u00e9cideurs et aux professionnels les informations dont ils ont besoin pour prendre des d\u00e9cisions relatives aux changements climatiques en tenant compte des sp\u00e9cificit\u00e9s locales et des besoins des populations. Les ann\u00e9es \u00e0 venir seront sans doute les plus importantes de notre histoire \u00bb a-t-elle ajout\u00e9\u2026\u00a0\u00bb<\/em><\/p>\n<p style=\"text-align: justify;\">Pour lire le communiqu\u00e9 de presse, cliquez <a href=\"https:\/\/www.ipcc.ch\/pdf\/session48\/pr_181008_P48_spm_fr.pdf\" target=\"_blank\" rel=\"noopener\">ici<\/a>.<\/p>\n","protected":false},"excerpt":{"rendered":"<p>Lors de la COP21, c\u2019\u00e9tait la limite de 2\u00b0C d\u2019augmentation de la temp\u00e9rature pour 2100 qui \u00e9tait consid\u00e9r\u00e9e comme tr\u00e8s dangereuse. Maintenant le GIEC (Groupe d&rsquo;experts intergouvernemental sur l&rsquo;\u00e9volution du climat), apr\u00e8s avoir compil\u00e9 plus de 6000 \u00e9tudes de recherches internationales fixe la limite \u00e0 ne pas d\u00e9passer \u00e0 1,5 \u00b0C car au-del\u00e0 la vie [&hellip;]<\/p>\n","protected":false},"author":1,"featured_media":0,"comment_status":"closed","ping_status":"open","sticky":false,"template":"","format":"standard","meta":{"twitterCardType":"","cardImageID":0,"cardImage":"","cardTitle":"","cardDesc":"","cardImageAlt":"","cardPlayer":"","cardPlayerWidth":0,"cardPlayerHeight":0,"cardPlayerStream":"","cardPlayerCodec":"","footnotes":""},"categories":[62,11],"tags":[223,175],"class_list":["post-14866","post","type-post","status-publish","format-standard","hentry","category-le-rouge-le-vert-hebdo","category-politique-locale","tag-climat","tag-environnement"],"_links":{"self":[{"href":"https:\/\/www.ades-grenoble.org\/wordpress\/wp-json\/wp\/v2\/posts\/14866","targetHints":{"allow":["GET"]}}],"collection":[{"href":"https:\/\/www.ades-grenoble.org\/wordpress\/wp-json\/wp\/v2\/posts"}],"about":[{"href":"https:\/\/www.ades-grenoble.org\/wordpress\/wp-json\/wp\/v2\/types\/post"}],"author":[{"embeddable":true,"href":"https:\/\/www.ades-grenoble.org\/wordpress\/wp-json\/wp\/v2\/users\/1"}],"replies":[{"embeddable":true,"href":"https:\/\/www.ades-grenoble.org\/wordpress\/wp-json\/wp\/v2\/comments?post=14866"}],"version-history":[{"count":1,"href":"https:\/\/www.ades-grenoble.org\/wordpress\/wp-json\/wp\/v2\/posts\/14866\/revisions"}],"predecessor-version":[{"id":14868,"href":"https:\/\/www.ades-grenoble.org\/wordpress\/wp-json\/wp\/v2\/posts\/14866\/revisions\/14868"}],"wp:attachment":[{"href":"https:\/\/www.ades-grenoble.org\/wordpress\/wp-json\/wp\/v2\/media?parent=14866"}],"wp:term":[{"taxonomy":"category","embeddable":true,"href":"https:\/\/www.ades-grenoble.org\/wordpress\/wp-json\/wp\/v2\/categories?post=14866"},{"taxonomy":"post_tag","embeddable":true,"href":"https:\/\/www.ades-grenoble.org\/wordpress\/wp-json\/wp\/v2\/tags?post=14866"}],"curies":[{"name":"wp","href":"https:\/\/api.w.org\/{rel}","templated":true}]}}