{"id":14883,"date":"2018-10-12T12:53:09","date_gmt":"2018-10-12T10:53:09","guid":{"rendered":"http:\/\/www.ades-grenoble.org\/wordpress\/?p=14883"},"modified":"2018-10-12T13:06:42","modified_gmt":"2018-10-12T11:06:42","slug":"le-projet-du-plui-est-maintenant-accessible","status":"publish","type":"post","link":"https:\/\/www.ades-grenoble.org\/wordpress\/2018\/10\/12\/le-projet-du-plui-est-maintenant-accessible\/","title":{"rendered":"Le projet du PLUi est maintenant accessible"},"content":{"rendered":"<p style=\"text-align: justify;\"><img loading=\"lazy\" decoding=\"async\" class=\"size-full wp-image-14456 alignleft\" src=\"http:\/\/www.ades-grenoble.org\/wordpress\/wp-content\/uploads\/2018\/06\/plui.jpg\" alt=\"\" width=\"350\" height=\"200\" srcset=\"https:\/\/www.ades-grenoble.org\/wordpress\/wp-content\/uploads\/2018\/06\/plui.jpg 350w, https:\/\/www.ades-grenoble.org\/wordpress\/wp-content\/uploads\/2018\/06\/plui-150x86.jpg 150w, https:\/\/www.ades-grenoble.org\/wordpress\/wp-content\/uploads\/2018\/06\/plui-300x171.jpg 300w\" sizes=\"auto, (max-width: 350px) 100vw, 350px\" \/>L\u2019ensemble des documents du Plan Local d\u2019Urbanisme intercommunal (PLUi) qui a \u00e9t\u00e9 arr\u00eat\u00e9 le 28 septembre par le conseil de la m\u00e9tropole est maintenant t\u00e9l\u00e9chargeable \u00e0 partir du <a href=\"https:\/\/www.lametro.fr\/646-les-documents-du-plui.htm\" target=\"_blank\" rel=\"noopener\">site internet de la M\u00e9tro<\/a>. Ce sont de tr\u00e8s nombreux fichiers (au total environ 16 Go).<\/p>\n<p style=\"text-align: justify;\">On y trouve, le rapport de pr\u00e9sentation (avec pour chaque commune un livret de pr\u00e9sentation), le PADD, le r\u00e8glement \u00e9crit et les documents graphiques, les orientations d\u2019am\u00e9nagement et de programmation (OAP) th\u00e9matiques et sectorielles, les annexes.<\/p>\n<p style=\"text-align: justify;\">Dans les mois qui viennent, ce projet sera soumis aux diff\u00e9rentes personnes publiques associ\u00e9es (PPA) notamment l\u2019Etat, les communes\u2026 Si des changements sont demand\u00e9s, la M\u00e9tro d\u00e9lib\u00e8rera \u00e0 nouveau (vers f\u00e9vrier 2019) et l\u2019enqu\u00eate publique sera mise en place (vers avril 2019). Apr\u00e8s la remise du rapport et des conclusions de la commission d\u2019enqu\u00eate, la M\u00e9tro d\u00e9lib\u00e9rera pour approuver le PLUi final (vers d\u00e9cembre 2019).<\/p>\n","protected":false},"excerpt":{"rendered":"<p>L\u2019ensemble des documents du Plan Local d\u2019Urbanisme intercommunal (PLUi) qui a \u00e9t\u00e9 arr\u00eat\u00e9 le 28 septembre par le conseil de la m\u00e9tropole est maintenant t\u00e9l\u00e9chargeable \u00e0 partir du site internet de la M\u00e9tro. Ce sont de tr\u00e8s nombreux fichiers (au total environ 16 Go). On y trouve, le rapport de pr\u00e9sentation (avec pour chaque commune [&hellip;]<\/p>\n","protected":false},"author":1,"featured_media":0,"comment_status":"closed","ping_status":"open","sticky":false,"template":"","format":"standard","meta":{"twitterCardType":"","cardImageID":0,"cardImage":"","cardTitle":"","cardDesc":"","cardImageAlt":"","cardPlayer":"","cardPlayerWidth":0,"cardPlayerHeight":0,"cardPlayerStream":"","cardPlayerCodec":"","footnotes":""},"categories":[62,11],"tags":[32,65],"class_list":["post-14883","post","type-post","status-publish","format-standard","hentry","category-le-rouge-le-vert-hebdo","category-politique-locale","tag-metro","tag-urbanisme"],"_links":{"self":[{"href":"https:\/\/www.ades-grenoble.org\/wordpress\/wp-json\/wp\/v2\/posts\/14883","targetHints":{"allow":["GET"]}}],"collection":[{"href":"https:\/\/www.ades-grenoble.org\/wordpress\/wp-json\/wp\/v2\/posts"}],"about":[{"href":"https:\/\/www.ades-grenoble.org\/wordpress\/wp-json\/wp\/v2\/types\/post"}],"author":[{"embeddable":true,"href":"https:\/\/www.ades-grenoble.org\/wordpress\/wp-json\/wp\/v2\/users\/1"}],"replies":[{"embeddable":true,"href":"https:\/\/www.ades-grenoble.org\/wordpress\/wp-json\/wp\/v2\/comments?post=14883"}],"version-history":[{"count":1,"href":"https:\/\/www.ades-grenoble.org\/wordpress\/wp-json\/wp\/v2\/posts\/14883\/revisions"}],"predecessor-version":[{"id":14884,"href":"https:\/\/www.ades-grenoble.org\/wordpress\/wp-json\/wp\/v2\/posts\/14883\/revisions\/14884"}],"wp:attachment":[{"href":"https:\/\/www.ades-grenoble.org\/wordpress\/wp-json\/wp\/v2\/media?parent=14883"}],"wp:term":[{"taxonomy":"category","embeddable":true,"href":"https:\/\/www.ades-grenoble.org\/wordpress\/wp-json\/wp\/v2\/categories?post=14883"},{"taxonomy":"post_tag","embeddable":true,"href":"https:\/\/www.ades-grenoble.org\/wordpress\/wp-json\/wp\/v2\/tags?post=14883"}],"curies":[{"name":"wp","href":"https:\/\/api.w.org\/{rel}","templated":true}]}}