{"id":14888,"date":"2018-10-12T13:04:57","date_gmt":"2018-10-12T11:04:57","guid":{"rendered":"http:\/\/www.ades-grenoble.org\/wordpress\/?p=14888"},"modified":"2018-10-12T17:22:47","modified_gmt":"2018-10-12T15:22:47","slug":"agenda-100","status":"publish","type":"post","link":"https:\/\/www.ades-grenoble.org\/wordpress\/2018\/10\/12\/agenda-100\/","title":{"rendered":"Agenda"},"content":{"rendered":"<p><strong><img loading=\"lazy\" decoding=\"async\" class=\"size-full wp-image-14889 alignleft\" src=\"http:\/\/www.ades-grenoble.org\/wordpress\/wp-content\/uploads\/2018\/10\/marche-climat-grenoble.jpg\" alt=\"\" width=\"300\" height=\"300\" srcset=\"https:\/\/www.ades-grenoble.org\/wordpress\/wp-content\/uploads\/2018\/10\/marche-climat-grenoble.jpg 300w, https:\/\/www.ades-grenoble.org\/wordpress\/wp-content\/uploads\/2018\/10\/marche-climat-grenoble-150x150.jpg 150w, https:\/\/www.ades-grenoble.org\/wordpress\/wp-content\/uploads\/2018\/10\/marche-climat-grenoble-144x144.jpg 144w\" sizes=\"auto, (max-width: 300px) 100vw, 300px\" \/>Samedi 13 octobre \u00e0 14 h, Place de Verdun\u00a0<\/strong>: \u00ab\u00a0<strong>Marche pour le climat<\/strong>\u00a0\u00bb pour interpeller les d\u00e9cideurs sur l\u2019urgence de la situation et la n\u00e9cessit\u00e9 d\u2019agir rapidement.<\/p>\n<hr \/>\n<p><strong>Dimanche 14 octobre de 10h 15 \u00e0 20 h \u00e0 la Bifurk<\/strong> \u00e0 Grenoble (2 rue Gustave Flaubert)\u00a0: la 8<sup>\u00e8me<\/sup> \u00ab\u00a0<em>F(ai)tes de l\u2019Ecologie<\/em>\u00a0\u00bb organis\u00e9e par EELV Is\u00e8re. Intervenants\u00a0: \u00c9ric Piolle, Caroline de\u00a0Haas, Aur\u00e9lien Barrau, Julien Bayou, Francie M\u00e9gevand, Raymond Avrillier\u2026<\/p>\n<p>Tout le programme <a href=\"https:\/\/isere.eelv.fr\/faites-de-lecologie-dimanche-14-octobre-2018-grenoble\/\" target=\"_blank\" rel=\"noopener\">ici<\/a>.<\/p>\n<hr \/>\n<p><strong>Mercredi 17 octobre \u00e0 18 h, Rassemblement annuel place Edmond Arnaud<\/strong>, \u00e0 la m\u00e9moire des manifestants alg\u00e9riens massacr\u00e9s le 17 octobre 1961 \u00e0 Paris. D\u00e9fil\u00e9 vers la passerelle Saint Laurent o\u00f9 des fleurs seront jet\u00e9es dans l\u2019Is\u00e8re. Nous devons maintenir cette m\u00e9moire vivante pour \u00e9clairer notre pr\u00e9sent. Le poison du racisme et de la x\u00e9nophobie se r\u00e9pand \u00e0 nouveau en Europe.<\/p>\n","protected":false},"excerpt":{"rendered":"<p>Samedi 13 octobre \u00e0 14 h, Place de Verdun\u00a0: \u00ab\u00a0Marche pour le climat\u00a0\u00bb pour interpeller les d\u00e9cideurs sur l\u2019urgence de la situation et la n\u00e9cessit\u00e9 d\u2019agir rapidement. Dimanche 14 octobre de 10h 15 \u00e0 20 h \u00e0 la Bifurk \u00e0 Grenoble (2 rue Gustave Flaubert)\u00a0: la 8\u00e8me \u00ab\u00a0F(ai)tes de l\u2019Ecologie\u00a0\u00bb organis\u00e9e par EELV Is\u00e8re. Intervenants\u00a0: [&hellip;]<\/p>\n","protected":false},"author":1,"featured_media":0,"comment_status":"closed","ping_status":"open","sticky":false,"template":"","format":"standard","meta":{"twitterCardType":"","cardImageID":0,"cardImage":"","cardTitle":"","cardDesc":"","cardImageAlt":"","cardPlayer":"","cardPlayerWidth":0,"cardPlayerHeight":0,"cardPlayerStream":"","cardPlayerCodec":"","footnotes":""},"categories":[62,11],"tags":[125],"class_list":["post-14888","post","type-post","status-publish","format-standard","hentry","category-le-rouge-le-vert-hebdo","category-politique-locale","tag-agenda"],"_links":{"self":[{"href":"https:\/\/www.ades-grenoble.org\/wordpress\/wp-json\/wp\/v2\/posts\/14888","targetHints":{"allow":["GET"]}}],"collection":[{"href":"https:\/\/www.ades-grenoble.org\/wordpress\/wp-json\/wp\/v2\/posts"}],"about":[{"href":"https:\/\/www.ades-grenoble.org\/wordpress\/wp-json\/wp\/v2\/types\/post"}],"author":[{"embeddable":true,"href":"https:\/\/www.ades-grenoble.org\/wordpress\/wp-json\/wp\/v2\/users\/1"}],"replies":[{"embeddable":true,"href":"https:\/\/www.ades-grenoble.org\/wordpress\/wp-json\/wp\/v2\/comments?post=14888"}],"version-history":[{"count":1,"href":"https:\/\/www.ades-grenoble.org\/wordpress\/wp-json\/wp\/v2\/posts\/14888\/revisions"}],"predecessor-version":[{"id":14890,"href":"https:\/\/www.ades-grenoble.org\/wordpress\/wp-json\/wp\/v2\/posts\/14888\/revisions\/14890"}],"wp:attachment":[{"href":"https:\/\/www.ades-grenoble.org\/wordpress\/wp-json\/wp\/v2\/media?parent=14888"}],"wp:term":[{"taxonomy":"category","embeddable":true,"href":"https:\/\/www.ades-grenoble.org\/wordpress\/wp-json\/wp\/v2\/categories?post=14888"},{"taxonomy":"post_tag","embeddable":true,"href":"https:\/\/www.ades-grenoble.org\/wordpress\/wp-json\/wp\/v2\/tags?post=14888"}],"curies":[{"name":"wp","href":"https:\/\/api.w.org\/{rel}","templated":true}]}}