{"id":14902,"date":"2018-10-19T14:21:16","date_gmt":"2018-10-19T12:21:16","guid":{"rendered":"http:\/\/www.ades-grenoble.org\/wordpress\/?p=14902"},"modified":"2018-10-19T14:46:33","modified_gmt":"2018-10-19T12:46:33","slug":"emprunts-toxiques-a-la-metro-des-citoyens-condamnes","status":"publish","type":"post","link":"https:\/\/www.ades-grenoble.org\/wordpress\/2018\/10\/19\/emprunts-toxiques-a-la-metro-des-citoyens-condamnes\/","title":{"rendered":"Emprunts toxiques \u00e0 la M\u00e9tro : des citoyens condamn\u00e9s"},"content":{"rendered":"<p style=\"text-align: justify;\"><img loading=\"lazy\" decoding=\"async\" class=\"size-full wp-image-11604 alignleft\" src=\"http:\/\/www.ades-grenoble.org\/wordpress\/wp-content\/uploads\/2016\/05\/CAC38.jpg\" alt=\"\" width=\"534\" height=\"184\" srcset=\"https:\/\/www.ades-grenoble.org\/wordpress\/wp-content\/uploads\/2016\/05\/CAC38.jpg 534w, https:\/\/www.ades-grenoble.org\/wordpress\/wp-content\/uploads\/2016\/05\/CAC38-150x52.jpg 150w, https:\/\/www.ades-grenoble.org\/wordpress\/wp-content\/uploads\/2016\/05\/CAC38-300x103.jpg 300w\" sizes=\"auto, (max-width: 534px) 100vw, 534px\" \/>Le 1<sup>er<\/sup>\u00a0juillet 2016, le conseil de la m\u00e9tropole d\u00e9lib\u00e9rait pour arr\u00eater l\u2019action en justice contre la banque Dexia qui avait pr\u00eat\u00e9, \u00e0 la demande de M. Migaud et de Mme Fioraso, d\u2019importants pr\u00eats toxiques qui proposaient les premi\u00e8res ann\u00e9es des taux d\u2019int\u00e9r\u00eats faibles pour attirer le client mais qui allaient devenir tr\u00e8s toxiques \u00e0 partir du moment o\u00f9 l\u2019euro a d\u00e9croch\u00e9 du Franc Suisse. Ce retrait de la plainte a \u00e9t\u00e9 obtenue \u00e0 une tr\u00e8s faible majorit\u00e9. Le\u00a0Collectif pour un Audit Citoyen de la dette publique Is\u00e8re (CAC 38) a d\u00e9pos\u00e9 un recours aupr\u00e8s du tribunal administratif pour faire annuler cette d\u00e9lib\u00e9ration, mais le tribunal ne l\u2019a pas suivi. La M\u00e9tro a demand\u00e9 au tribunal que les requ\u00e9rants soient sanctionn\u00e9s d\u2019une somme de 3000 \u20ac. Le tribunal lui a accord\u00e9 1200 \u20ac. Mais les requ\u00e9rants estiment qu\u2019ils ont agi dans l\u2019int\u00e9r\u00eat g\u00e9n\u00e9ral et critiquent fortement cette condamnation.<\/p>\n<p style=\"text-align: justify;\">Voici leur communiqu\u00e9\u00a0:<\/p>\n<p style=\"padding-left: 30px; text-align: justify;\"><strong>Emprunts toxiques M\u00e9tropole\u00a0: non au d\u00e9lit de citoyennet\u00e9\u00a0!<\/strong><\/p>\n<p style=\"text-align: justify;\"><!--more--><\/p>\n<p style=\"padding-left: 30px; text-align: justify;\">Le tribunal administratif a donc condamn\u00e9 les 3 requ\u00e9rants membres du Collectif pour un Audit Citoyen de la dette publique Is\u00e8re (CAC 38) pour avoir \u00e9t\u00e9 trop soucieux des comptes de leur m\u00e9tropole.<\/p>\n<p style=\"padding-left: 30px; text-align: justify;\">La faute commise ? R\u00e9sister, en demandant au Tribunal Administratif de Grenoble l&rsquo;annulation de la d\u00e9lib\u00e9ration du conseil m\u00e9tropolitain du 1er juillet 2016 (adopt\u00e9e avec 8 voix d\u2019\u00e9cart sur les 124 conseillers m\u00e9tropolitains) qui avait act\u00e9 la fin de l\u2019action en justice contre Dexia, auteur d\u2019un v\u00e9ritable crime contre les finances publiques de l\u2019agglom\u00e9ration \u00e0 travers la signature d\u2019un contrat de pr\u00eat toxique en 2006.<\/p>\n<p style=\"padding-left: 30px; text-align: justify;\">Un soi-disant \u00ab d\u00e9lit de citoyennet\u00e9 \u00bb pour lequel ils sont condamn\u00e9s \u00e0 payer 1200 \u20ac de frais de justice \u00e0 Grenoble Alpes M\u00e9tropole (sachant que les responsables de ladite M\u00e9tropole avaient demand\u00e9 3000 \u20ac !) alors que ce contr\u00f4le de l\u00e9galit\u00e9 est l\u00e9gal et pr\u00e9vu par la loi. La demande en a \u00e9t\u00e9 faite par un requ\u00e9rant au Pr\u00e9fet qui n\u2019a pas jug\u00e9 bon de saisir le tribunal.<\/p>\n<p style=\"padding-left: 30px; text-align: justify;\"><strong>Vous pouvez soutenir l\u2019action du CAC 38 et des 3 citoyens condamn\u00e9s solidairement.<\/strong><\/p>\n<p style=\"padding-left: 30px; text-align: justify;\">Comment\u00a0?<\/p>\n<p style=\"padding-left: 30px; text-align: justify;\">E<strong>n interpellant les responsables politiques de Grenoble Alpes M\u00e9tropole<\/strong> pour qu\u2019ils refusent que leur institution, qui pr\u00f4ne en permanence la \u00ab participation citoyenne \u00bb, exige le paiement de cette somme aupr\u00e8s des 3 condamn\u00e9s.<\/p>\n<p style=\"padding-left: 30px; text-align: justify;\">Pour cela nous vous invitons \u00e0 interpeller par courriel, le Pr\u00e9sident de Grenoble Alpes M\u00e9tropole pour lui signifier votre refus de l\u2019application de cette condamnation scandaleuse (texte \u00e0 votre convenance). Adressez vos messages directement au pr\u00e9sident de la m\u00e9tropole \u00e0 l\u2019adresse :<\/p>\n<p style=\"padding-left: 30px; text-align: justify;\"><a href=\"mailto:christophe.ferrari@lametro.fr\">christophe.ferrari@lametro.fr<\/a><\/p>\n<p style=\"padding-left: 30px; text-align: justify;\">Et si vous le souhaitez avec copie \u00e0\u00a0:<\/p>\n<p style=\"padding-left: 30px; text-align: justify;\"><a href=\"mailto:audit.citoyen38@gmail.com\">audit.citoyen38@gmail.com<\/a><\/p>\n<p style=\"padding-left: 30px; text-align: justify;\">D\u2019autre part <strong>\u00e0 travers un soutien financier\u00a0:<\/strong><\/p>\n<p style=\"padding-left: 30px; text-align: justify;\">Ch\u00e8que \u00e0 adresser \u00e0 Attac\/Is\u00e8re Maison des associations 6 Rue Berthe de Boissieux 38000 Grenoble. Ch\u00e8que \u00e0 l\u2019ordre de : ATTAC 38 (pr\u00e9ciser au dos du ch\u00e8que \u00ab action CAC38 \u00bb)<\/p>\n<p style=\"padding-left: 30px; text-align: justify;\">A noter que les fonds solidaires recueillis sur ce compte, s\u2019ils exc\u00e8dent les frais \u00e0 payer \u00e0 Grenoble Alpes M\u00e9tropole, seront destin\u00e9s \u00e0 d\u2019autres collectifs citoyens agissant en justice.<\/p>\n<p style=\"padding-left: 30px; text-align: justify;\">Et enfin <strong>en relayant largement autour de vous l\u2019information<\/strong> et le pr\u00e9sent billet.<\/p>\n<p style=\"padding-left: 30px; text-align: justify;\">Texte de courriel possible :<\/p>\n<p style=\"padding-left: 30px; text-align: justify;\">\u00ab <em>Mr le Pr\u00e9sident de Grenoble Alpes M\u00e9tropole,<\/em><\/p>\n<p style=\"padding-left: 30px; text-align: justify;\"><em>Ce message pour vous indiquer mon soutien plein et entier envers les 3 citoyens agissant au sein du CAC 38 et qui ont \u00e9t\u00e9 scandaleusement condamn\u00e9s par la justice \u00e0 payer \u00e0 votre institution 1200 \u20ac de frais de justice.<\/em><\/p>\n<p style=\"padding-left: 30px; text-align: justify;\"><em>J\u2019estime que leur action citoyenne est particuli\u00e8rement juste, responsable et soucieuse des finances de leur agglom\u00e9ration.<\/em><\/p>\n<p style=\"padding-left: 30px; text-align: justify;\"><em>Je vous demande en cons\u00e9quence de ne pas exiger le paiement de cette somme comme vous en avez la possibilit\u00e9. <\/em>\u00bb<\/p>\n<p style=\"text-align: justify;\"><strong>\u00a0<\/strong><\/p>\n","protected":false},"excerpt":{"rendered":"<p>Le 1er\u00a0juillet 2016, le conseil de la m\u00e9tropole d\u00e9lib\u00e9rait pour arr\u00eater l\u2019action en justice contre la banque Dexia qui avait pr\u00eat\u00e9, \u00e0 la demande de M. Migaud et de Mme Fioraso, d\u2019importants pr\u00eats toxiques qui proposaient les premi\u00e8res ann\u00e9es des taux d\u2019int\u00e9r\u00eats faibles pour attirer le client mais qui allaient devenir tr\u00e8s toxiques \u00e0 partir [&hellip;]<\/p>\n","protected":false},"author":1,"featured_media":0,"comment_status":"closed","ping_status":"open","sticky":false,"template":"","format":"standard","meta":{"twitterCardType":"","cardImageID":0,"cardImage":"","cardTitle":"","cardDesc":"","cardImageAlt":"","cardPlayer":"","cardPlayerWidth":0,"cardPlayerHeight":0,"cardPlayerStream":"","cardPlayerCodec":"","footnotes":""},"categories":[62,11],"tags":[154,262,138,280,12],"class_list":["post-14902","post","type-post","status-publish","format-standard","hentry","category-le-rouge-le-vert-hebdo","category-politique-locale","tag-banques","tag-dette","tag-finances","tag-metropole","tag-mobilisations"],"_links":{"self":[{"href":"https:\/\/www.ades-grenoble.org\/wordpress\/wp-json\/wp\/v2\/posts\/14902","targetHints":{"allow":["GET"]}}],"collection":[{"href":"https:\/\/www.ades-grenoble.org\/wordpress\/wp-json\/wp\/v2\/posts"}],"about":[{"href":"https:\/\/www.ades-grenoble.org\/wordpress\/wp-json\/wp\/v2\/types\/post"}],"author":[{"embeddable":true,"href":"https:\/\/www.ades-grenoble.org\/wordpress\/wp-json\/wp\/v2\/users\/1"}],"replies":[{"embeddable":true,"href":"https:\/\/www.ades-grenoble.org\/wordpress\/wp-json\/wp\/v2\/comments?post=14902"}],"version-history":[{"count":1,"href":"https:\/\/www.ades-grenoble.org\/wordpress\/wp-json\/wp\/v2\/posts\/14902\/revisions"}],"predecessor-version":[{"id":14903,"href":"https:\/\/www.ades-grenoble.org\/wordpress\/wp-json\/wp\/v2\/posts\/14902\/revisions\/14903"}],"wp:attachment":[{"href":"https:\/\/www.ades-grenoble.org\/wordpress\/wp-json\/wp\/v2\/media?parent=14902"}],"wp:term":[{"taxonomy":"category","embeddable":true,"href":"https:\/\/www.ades-grenoble.org\/wordpress\/wp-json\/wp\/v2\/categories?post=14902"},{"taxonomy":"post_tag","embeddable":true,"href":"https:\/\/www.ades-grenoble.org\/wordpress\/wp-json\/wp\/v2\/tags?post=14902"}],"curies":[{"name":"wp","href":"https:\/\/api.w.org\/{rel}","templated":true}]}}