{"id":14921,"date":"2018-10-26T14:19:40","date_gmt":"2018-10-26T12:19:40","guid":{"rendered":"http:\/\/www.ades-grenoble.org\/wordpress\/?p=14921"},"modified":"2018-10-26T14:55:33","modified_gmt":"2018-10-26T12:55:33","slug":"des-maires-et-des-associations-interpellent-la-societe-total","status":"publish","type":"post","link":"https:\/\/www.ades-grenoble.org\/wordpress\/2018\/10\/26\/des-maires-et-des-associations-interpellent-la-societe-total\/","title":{"rendered":"Des maires et des associations interpellent la soci\u00e9t\u00e9 Total"},"content":{"rendered":"<p style=\"text-align: justify;\"><img loading=\"lazy\" decoding=\"async\" class=\"size-medium wp-image-14922 alignleft\" src=\"http:\/\/www.ades-grenoble.org\/wordpress\/wp-content\/uploads\/2018\/10\/totalement-246x300.jpg\" alt=\"\" width=\"246\" height=\"300\" srcset=\"https:\/\/www.ades-grenoble.org\/wordpress\/wp-content\/uploads\/2018\/10\/totalement.jpg 246w, https:\/\/www.ades-grenoble.org\/wordpress\/wp-content\/uploads\/2018\/10\/totalement-123x150.jpg 123w\" sizes=\"auto, (max-width: 246px) 100vw, 246px\" \/>Le 23 octobre, des maires de 13 communes dont Grenoble et des associations ont interpell\u00e9 la soci\u00e9t\u00e9 Total qui, d\u2019apr\u00e8s eux, ne remplit pas ses obligations impos\u00e9es par la loi n\u00b0 2017-399 du\u00a027 mars 2017\u00a0<em>\u00ab\u00a0relative au devoir de vigilance des soci\u00e9t\u00e9s m\u00e8res et des entreprises donneuses d&rsquo;ordre\u00a0\u00bb<\/em>. Total est en effet une soci\u00e9t\u00e9 dont le si\u00e8ge social est en France qui participe \u00e0 l\u2019\u00e9mission, par l\u2019ensemble de ses activit\u00e9s en France et \u00e0 l\u2019\u00e9tranger de l\u2019\u00e9quivalent des deux tiers des \u00e9missions de CO2 de la France et participe donc \u00e0 une mise en cause de la sant\u00e9 des personnes et atteint gravement l\u2019environnement.<\/p>\n<p style=\"text-align: justify;\">Les maires et les associations estiment que le plan de vigilance de Total n&rsquo;appara\u00eet pas conforme aux exigences l\u00e9gales car il ne refl\u00e8te pas la r\u00e9alit\u00e9 des impacts de ses activit\u00e9s et les risques d&rsquo;atteintes graves au syst\u00e8me climatique qu&rsquo;elles induisent.<\/p>\n<p style=\"text-align: justify;\">La loi pr\u00e9cise que si la soci\u00e9t\u00e9 ne respecte pas ses obligations, elle peut \u00eatre mise en cause par toute personne ayant int\u00e9r\u00eat \u00e0 agir et se voir imposer le respect du devoir de vigilance.<\/p>\n<p><!--more--><\/p>\n<p style=\"text-align: justify;\">La loi du 27 mars 2017 impose aux grandes entreprises d\u2019\u00e9tablir et de mettre \u00ab\u00a0<em>en \u0153uvre de mani\u00e8re effective un plan de vigilance\u2026 <\/em><em>Le plan comporte les mesures de vigilance raisonnable propres \u00e0 identifier les risques et \u00e0 pr\u00e9venir les atteintes graves envers les droits humains et les libert\u00e9s fondamentales, la sant\u00e9 et la s\u00e9curit\u00e9 des personnes ainsi que l&rsquo;environnement, r\u00e9sultant des activit\u00e9s de la soci\u00e9t\u00e9 et de celles des soci\u00e9t\u00e9s qu&rsquo;elle contr\u00f4le\u2026<\/em><\/p>\n<p style=\"text-align: justify;\"><em>Il comprend les mesures suivantes :\u00a0<\/em><em><br \/>\n\u00ab 1\u00b0 Une cartographie des risques destin\u00e9e \u00e0 leur identification, leur analyse et leur hi\u00e9rarchisation ;<br \/>\n\u00ab 2\u00b0 Des proc\u00e9dures d&rsquo;\u00e9valuation r\u00e9guli\u00e8re de la situation des filiales, des sous-traitants ou fournisseurs avec lesquels est entretenue une relation commerciale \u00e9tablie, au regard de la cartographie des risques ;<br \/>\n\u00ab 3\u00b0 Des actions adapt\u00e9es d&rsquo;att\u00e9nuation des risques ou de pr\u00e9vention des atteintes graves ;<br \/>\n\u00ab 4\u00b0 Un m\u00e9canisme d&rsquo;alerte et de recueil des signalements relatifs \u00e0 l&rsquo;existence ou \u00e0 la r\u00e9alisation des risques, \u00e9tabli en concertation avec les organisations syndicales repr\u00e9sentatives dans ladite soci\u00e9t\u00e9 ;<br \/>\n\u00ab 5\u00b0 Un dispositif de suivi des mesures mises en \u0153uvre et d&rsquo;\u00e9valuation de leur efficacit\u00e9.\u00a0\u00bb\u00a0<\/em><\/p>\n<p style=\"text-align: justify;\">Pour lire le courrier envoy\u00e9 \u00e0 Total cliquez <a href=\"https:\/\/notreaffaireatous.org\/wp-content\/uploads\/2018\/10\/221018-Courrier-Patrick-Pouyann\u00e9.pdf\" target=\"_blank\" rel=\"noopener\">ici<\/a>.<\/p>\n","protected":false},"excerpt":{"rendered":"<p>Le 23 octobre, des maires de 13 communes dont Grenoble et des associations ont interpell\u00e9 la soci\u00e9t\u00e9 Total qui, d\u2019apr\u00e8s eux, ne remplit pas ses obligations impos\u00e9es par la loi n\u00b0 2017-399 du\u00a027 mars 2017\u00a0\u00ab\u00a0relative au devoir de vigilance des soci\u00e9t\u00e9s m\u00e8res et des entreprises donneuses d&rsquo;ordre\u00a0\u00bb. Total est en effet une soci\u00e9t\u00e9 dont le [&hellip;]<\/p>\n","protected":false},"author":1,"featured_media":0,"comment_status":"closed","ping_status":"open","sticky":false,"template":"","format":"standard","meta":{"twitterCardType":"","cardImageID":0,"cardImage":"","cardTitle":"","cardDesc":"","cardImageAlt":"","cardPlayer":"","cardPlayerWidth":0,"cardPlayerHeight":0,"cardPlayerStream":"","cardPlayerCodec":"","footnotes":""},"categories":[62,11],"tags":[153,243,152],"class_list":["post-14921","post","type-post","status-publish","format-standard","hentry","category-le-rouge-le-vert-hebdo","category-politique-locale","tag-ecologie","tag-justice","tag-pollution-2"],"_links":{"self":[{"href":"https:\/\/www.ades-grenoble.org\/wordpress\/wp-json\/wp\/v2\/posts\/14921","targetHints":{"allow":["GET"]}}],"collection":[{"href":"https:\/\/www.ades-grenoble.org\/wordpress\/wp-json\/wp\/v2\/posts"}],"about":[{"href":"https:\/\/www.ades-grenoble.org\/wordpress\/wp-json\/wp\/v2\/types\/post"}],"author":[{"embeddable":true,"href":"https:\/\/www.ades-grenoble.org\/wordpress\/wp-json\/wp\/v2\/users\/1"}],"replies":[{"embeddable":true,"href":"https:\/\/www.ades-grenoble.org\/wordpress\/wp-json\/wp\/v2\/comments?post=14921"}],"version-history":[{"count":1,"href":"https:\/\/www.ades-grenoble.org\/wordpress\/wp-json\/wp\/v2\/posts\/14921\/revisions"}],"predecessor-version":[{"id":14923,"href":"https:\/\/www.ades-grenoble.org\/wordpress\/wp-json\/wp\/v2\/posts\/14921\/revisions\/14923"}],"wp:attachment":[{"href":"https:\/\/www.ades-grenoble.org\/wordpress\/wp-json\/wp\/v2\/media?parent=14921"}],"wp:term":[{"taxonomy":"category","embeddable":true,"href":"https:\/\/www.ades-grenoble.org\/wordpress\/wp-json\/wp\/v2\/categories?post=14921"},{"taxonomy":"post_tag","embeddable":true,"href":"https:\/\/www.ades-grenoble.org\/wordpress\/wp-json\/wp\/v2\/tags?post=14921"}],"curies":[{"name":"wp","href":"https:\/\/api.w.org\/{rel}","templated":true}]}}