{"id":14961,"date":"2018-11-02T15:03:54","date_gmt":"2018-11-02T14:03:54","guid":{"rendered":"http:\/\/www.ades-grenoble.org\/wordpress\/?p=14961"},"modified":"2018-11-02T16:38:07","modified_gmt":"2018-11-02T15:38:07","slug":"rythmes-scolaires-la-semaine-de-45-jours-maintenue-a-grenoble","status":"publish","type":"post","link":"https:\/\/www.ades-grenoble.org\/wordpress\/2018\/11\/02\/rythmes-scolaires-la-semaine-de-45-jours-maintenue-a-grenoble\/","title":{"rendered":"Rythmes scolaires : la semaine de 4,5 jours maintenue \u00e0 Grenoble"},"content":{"rendered":"<div id=\"attachment_8840\" style=\"width: 310px\" class=\"wp-caption alignleft\"><img loading=\"lazy\" decoding=\"async\" aria-describedby=\"caption-attachment-8840\" class=\"size-full wp-image-8840\" src=\"http:\/\/www.ades-grenoble.org\/wordpress\/wp-content\/uploads\/2014\/07\/TempsPeriscolaire.jpg\" alt=\"\" width=\"300\" height=\"163\" srcset=\"https:\/\/www.ades-grenoble.org\/wordpress\/wp-content\/uploads\/2014\/07\/TempsPeriscolaire.jpg 300w, https:\/\/www.ades-grenoble.org\/wordpress\/wp-content\/uploads\/2014\/07\/TempsPeriscolaire-150x81.jpg 150w\" sizes=\"auto, (max-width: 300px) 100vw, 300px\" \/><p id=\"caption-attachment-8840\" class=\"wp-caption-text\">\u00a9 Ville de Grenoble<\/p><\/div>\n<p style=\"text-align: justify;\">La ville a men\u00e9 depuis des mois une importante d\u00e9marche d\u2019\u00e9valuation de la politique publique municipale sur le p\u00e9riscolaire et les rythmes scolaires. Il y a eu un apport de chercheurs sp\u00e9cialis\u00e9s sur ces questions pour r\u00e9fl\u00e9chir sur la meilleure fa\u00e7on de prendre en compte le rythme naturel des enfants. Plusieurs rencontres avec l\u2019ensemble de la communaut\u00e9 \u00e9ducative (enseignants, professionnels de l&rsquo;\u00e9ducation et de l&rsquo;enfance, familles&#8230;) et une s\u00e9rie d\u2019enqu\u00eates aupr\u00e8s de diff\u00e9rents acteurs de l\u2019\u00e9ducation des enfants, aupr\u00e8s d\u2019enfants et aupr\u00e8s des familles. Tout converge pour estimer qu\u2019il ne faut ni charger le temps d\u2019apprentissage scolaire dans une journ\u00e9e, ni diminuer le nombre de journ\u00e9es d\u2019\u00e9cole. La ville a m\u00eame propos\u00e9 des alternatives \u00e0 la semaine des 4,5 jours avec le mercredi matin sans changer le nombre d\u2019heures d\u2019apprentissage par jour. Par exemple elle a propos\u00e9 de d\u00e9placer la matin\u00e9e du mercredi matin au samedi matin, ou encore diminuer un peu les vacances pour soulager quelques mercredis, mais l\u2019\u00e9ducation nationale n\u2019\u00e9tait pas favorable \u00e0 se lancer dans de telles innovations (voir le compte rendu du comit\u00e9 de pilotage du PEdT du 17 septembre 2018). Tous les documents sont en acc\u00e8s libre sur <a href=\"http:\/\/www.grenoble.fr\/479-temps-enfant.htm\" target=\"_blank\" rel=\"noopener\">le site de la ville<\/a>.<\/p>\n<p style=\"text-align: justify;\"><em>\u00ab\u00a0Depuis 2017, la Ville de Grenoble a lanc\u00e9 un travail approfondi d\u2019\u00e9valuation afin que la politique men\u00e9e autour des temps de l\u2019enfant soit la mieux adapt\u00e9e \u00e0 leurs besoins, mais aussi \u00e0 ceux des familles et des professionnels. Si la satisfaction exprim\u00e9e sur l\u2019organisation des temps scolaires et p\u00e9riscolaires est \u00e9lev\u00e9e, des pistes de travail sont identifi\u00e9es afin de poursuivre l\u2019am\u00e9lioration du p\u00e9riscolaire, en dialogue avec les familles et l\u2019ensemble de la communaut\u00e9 \u00e9ducative. Le contenu de travaux a \u00e9t\u00e9 pr\u00e9sent\u00e9 au comit\u00e9 de pilotage du Projet Educatif du Territoire (PEdT) et a permis dans un premier temps de d\u00e9cider de maintenir les horaires du temps scolaire (semaine \u00e0 4,5 jours) pour la rentr\u00e9e 2019. Cette d\u00e9marche d\u2019am\u00e9lioration continue se concr\u00e9tisera par ailleurs dans le prochain projet \u00e9ducatif de territoire qui sera travaill\u00e9 tout au long de l&rsquo;ann\u00e9e 2018-20129 et d\u00e9lib\u00e9r\u00e9 \u00e0 la rentr\u00e9e 2019.\u00a0\u00bb<\/em><\/p>\n<p><!--more--><\/p>\n<p style=\"text-align: justify;\">La derni\u00e8re enqu\u00eate intitul\u00e9e <em>\u00ab\u00a0\u00c9tude aupr\u00e8s des familles grenobloises sur les usages et non usages des activit\u00e9s p\u00e9riscolaires du soir\u00a0\u00bb <\/em>a \u00e9t\u00e9 men\u00e9e aupr\u00e8s de 500 familles interrog\u00e9es par t\u00e9l\u00e9phone (\u00e9chantillon repr\u00e9sentatif de la sociologie des familles et des quartiers) avec un questionnaire tr\u00e8s d\u00e9taill\u00e9 qui demandait environ 20 minutes de temps de r\u00e9ponse.<\/p>\n<p style=\"text-align: justify;\">Il apparait que le p\u00e9riscolaire est bien appr\u00e9ci\u00e9 avec 86 % de satisfaits, avec une critique sur le manque d\u2019information sur les activit\u00e9s propos\u00e9es mais une appr\u00e9ciation tr\u00e8s positive sur l\u2019encadrement.<\/p>\n<p style=\"text-align: justify;\">Sur la question plus d\u00e9licate sur les rythmes scolaires voici les r\u00e9ponses\u00a0qui indique qu\u2019une majorit\u00e9 (58%) est favorable \u00e0 la semaine de 4,5 jours.<\/p>\n<p style=\"text-align: justify;\">Cela conforte la d\u00e9cision prise par la majorit\u00e9 de maintenir ce rythme scolaire alors que de nombreuses communes ont d\u00e9cid\u00e9 l\u2019inverse.<\/p>\n<p>Pour en savoir plus, cliquez <a href=\"http:\/\/www.grenoble.fr\/479-temps-enfant.htm\" target=\"_blank\" rel=\"noopener\">ici<\/a>.<\/p>\n<p style=\"text-align: justify;\"><span style=\"color: #333399;\"><strong><em>\u00cates-vous satisfait des horaires d\u2019\u00e9cole ?<\/em><\/strong><\/span><\/p>\n<p style=\"text-align: justify;\"><span style=\"color: #0000ff;\"><strong><em>70 % des parents satisfaits des horaires d\u2019\u00e9cole<\/em><\/strong><\/span><\/p>\n<p style=\"text-align: justify;\"><em>Les 144 parents non satisfaits \u00e9voquent :<\/em><\/p>\n<ul style=\"text-align: justify;\">\n<li><em>Leur insatisfaction envers la semaine de 4,5 jours et l\u2019\u00e9cole du mercredi matin (38 familles, 26 % des 144 concern\u00e9es)<\/em><\/li>\n<li><em>L\u2019\u00e9cole qui finit trop t\u00f4t (23 % des 144 r\u00e9pondants concern\u00e9s) et dans une logique proche, des difficult\u00e9s d\u2019organisation (12%), l\u2019obligation de recourir \u00e0 un mode de garde (3%) ou encore des journ\u00e9es trop courtes, qui ne laissent pas le temps pour les apprentissages (13%)<\/em><\/li>\n<li><em>La fatigue de l\u2019enfant (13 familles, 9 % des 144 non satisfaites des horaires d\u2019\u00e9cole)<\/em><\/li>\n<li><em>d\u2019autres remarques sur les horaires : les journ\u00e9es sont trop longues (1%), l\u2019\u00e9cole commence trop tard (8%) ou trop t\u00f4t (3%), la pause m\u00e9ridienne est trop longue (5%)<\/em><\/li>\n<\/ul>\n<p style=\"text-align: justify;\"><img loading=\"lazy\" decoding=\"async\" class=\"size-full wp-image-14962 aligncenter\" src=\"http:\/\/www.ades-grenoble.org\/wordpress\/wp-content\/uploads\/2018\/11\/sondage1.jpg\" alt=\"\" width=\"435\" height=\"446\" srcset=\"https:\/\/www.ades-grenoble.org\/wordpress\/wp-content\/uploads\/2018\/11\/sondage1.jpg 435w, https:\/\/www.ades-grenoble.org\/wordpress\/wp-content\/uploads\/2018\/11\/sondage1-146x150.jpg 146w, https:\/\/www.ades-grenoble.org\/wordpress\/wp-content\/uploads\/2018\/11\/sondage1-293x300.jpg 293w\" sizes=\"auto, (max-width: 435px) 100vw, 435px\" \/><\/p>\n<p style=\"text-align: justify;\">Parmi les deux propositions suivantes, quelle est celle que vous pr\u00e9f\u00e9rez ?<\/p>\n<p style=\"text-align: justify;\">Ne rien changer et donc rester \u00e0 ces horaires d\u2019\u00e9cole avec le mercredi matin ou rallonger la journ\u00e9e d\u2019\u00e9cole sans classe le mercredi matin.<\/p>\n<p style=\"text-align: justify;\">Une majorit\u00e9 de parents ne veut pas revenir \u00e0 la semaine de 4 jours<\/p>\n<ul style=\"text-align: justify;\">\n<li>Seuls 20 % des parents ne sont pas satisfaits des horaires d\u2019\u00e9cole et veulent revenir \u00e0 la semaine de 4 jours<\/li>\n<li>\u00a09 % ne sont pas satisfaits des horaires, mais ne veulent pas revenir \u00e0 la semaine de 4 jours<\/li>\n<li>21 % sont satisfaits des horaires, mais souhaiteraient n\u00e9anmoins revenir \u00e0 la semaine de 4 jours<\/li>\n<li><strong>50 % sont satisfaits des horaires et ne veulent pas de modifications<\/strong><\/li>\n<\/ul>\n<p style=\"text-align: justify;\"><img loading=\"lazy\" decoding=\"async\" class=\"size-full wp-image-14963 aligncenter\" src=\"http:\/\/www.ades-grenoble.org\/wordpress\/wp-content\/uploads\/2018\/11\/sondage2.jpg\" alt=\"\" width=\"452\" height=\"413\" srcset=\"https:\/\/www.ades-grenoble.org\/wordpress\/wp-content\/uploads\/2018\/11\/sondage2.jpg 452w, https:\/\/www.ades-grenoble.org\/wordpress\/wp-content\/uploads\/2018\/11\/sondage2-150x137.jpg 150w, https:\/\/www.ades-grenoble.org\/wordpress\/wp-content\/uploads\/2018\/11\/sondage2-300x274.jpg 300w\" sizes=\"auto, (max-width: 452px) 100vw, 452px\" \/><\/p>\n","protected":false},"excerpt":{"rendered":"<p>La ville a men\u00e9 depuis des mois une importante d\u00e9marche d\u2019\u00e9valuation de la politique publique municipale sur le p\u00e9riscolaire et les rythmes scolaires. Il y a eu un apport de chercheurs sp\u00e9cialis\u00e9s sur ces questions pour r\u00e9fl\u00e9chir sur la meilleure fa\u00e7on de prendre en compte le rythme naturel des enfants. Plusieurs rencontres avec l\u2019ensemble de [&hellip;]<\/p>\n","protected":false},"author":1,"featured_media":0,"comment_status":"closed","ping_status":"open","sticky":false,"template":"","format":"standard","meta":{"twitterCardType":"","cardImageID":0,"cardImage":"","cardTitle":"","cardDesc":"","cardImageAlt":"","cardPlayer":"","cardPlayerWidth":0,"cardPlayerHeight":0,"cardPlayerStream":"","cardPlayerCodec":"","footnotes":""},"categories":[62,11],"tags":[163],"class_list":["post-14961","post","type-post","status-publish","format-standard","hentry","category-le-rouge-le-vert-hebdo","category-politique-locale","tag-ecoles"],"_links":{"self":[{"href":"https:\/\/www.ades-grenoble.org\/wordpress\/wp-json\/wp\/v2\/posts\/14961","targetHints":{"allow":["GET"]}}],"collection":[{"href":"https:\/\/www.ades-grenoble.org\/wordpress\/wp-json\/wp\/v2\/posts"}],"about":[{"href":"https:\/\/www.ades-grenoble.org\/wordpress\/wp-json\/wp\/v2\/types\/post"}],"author":[{"embeddable":true,"href":"https:\/\/www.ades-grenoble.org\/wordpress\/wp-json\/wp\/v2\/users\/1"}],"replies":[{"embeddable":true,"href":"https:\/\/www.ades-grenoble.org\/wordpress\/wp-json\/wp\/v2\/comments?post=14961"}],"version-history":[{"count":3,"href":"https:\/\/www.ades-grenoble.org\/wordpress\/wp-json\/wp\/v2\/posts\/14961\/revisions"}],"predecessor-version":[{"id":14973,"href":"https:\/\/www.ades-grenoble.org\/wordpress\/wp-json\/wp\/v2\/posts\/14961\/revisions\/14973"}],"wp:attachment":[{"href":"https:\/\/www.ades-grenoble.org\/wordpress\/wp-json\/wp\/v2\/media?parent=14961"}],"wp:term":[{"taxonomy":"category","embeddable":true,"href":"https:\/\/www.ades-grenoble.org\/wordpress\/wp-json\/wp\/v2\/categories?post=14961"},{"taxonomy":"post_tag","embeddable":true,"href":"https:\/\/www.ades-grenoble.org\/wordpress\/wp-json\/wp\/v2\/tags?post=14961"}],"curies":[{"name":"wp","href":"https:\/\/api.w.org\/{rel}","templated":true}]}}