{"id":15025,"date":"2018-11-16T12:21:57","date_gmt":"2018-11-16T11:21:57","guid":{"rendered":"http:\/\/www.ades-grenoble.org\/wordpress\/?p=15025"},"modified":"2018-11-16T13:13:12","modified_gmt":"2018-11-16T12:13:12","slug":"mise-a-jour-du-plan-air-energie-climat-metropolitain","status":"publish","type":"post","link":"https:\/\/www.ades-grenoble.org\/wordpress\/2018\/11\/16\/mise-a-jour-du-plan-air-energie-climat-metropolitain\/","title":{"rendered":"Mise \u00e0 jour du Plan air \u00e9nergie climat m\u00e9tropolitain"},"content":{"rendered":"<p style=\"text-align: justify;\"><img loading=\"lazy\" decoding=\"async\" class=\"size-medium wp-image-15026 alignleft\" src=\"http:\/\/www.ades-grenoble.org\/wordpress\/wp-content\/uploads\/2018\/11\/PlanEnergieClimat-300x81.jpg\" alt=\"\" width=\"300\" height=\"81\" srcset=\"https:\/\/www.ades-grenoble.org\/wordpress\/wp-content\/uploads\/2018\/11\/PlanEnergieClimat-300x81.jpg 300w, https:\/\/www.ades-grenoble.org\/wordpress\/wp-content\/uploads\/2018\/11\/PlanEnergieClimat-150x41.jpg 150w, https:\/\/www.ades-grenoble.org\/wordpress\/wp-content\/uploads\/2018\/11\/PlanEnergieClimat.jpg 450w\" sizes=\"auto, (max-width: 300px) 100vw, 300px\" \/>Le 9 novembre 2018, le conseil m\u00e9tropolitain a adopt\u00e9 les modalit\u00e9s de la concertation et de participation du public pour mettre \u00e0 jour le \u00ab\u00a0<em>Plan Climat Air Energie Territorial (PCAET)<\/em>\u00a0\u00bb de la M\u00e9tropole. Le Vice-pr\u00e9sident J\u00e9r\u00f4me Dutroncy a pr\u00e9sent\u00e9 les d\u00e9tails de cette concertation. Afin d\u2019assurer une concertation exemplaire, la d\u00e9lib\u00e9ration a d\u00e9cid\u00e9 de recourir \u00e0 une concertation men\u00e9e sous l\u2019\u00e9gide d\u2019un garant nomm\u00e9 par la Commission Nationale du D\u00e9bat Public (CNDP) (suivant l\u2019article L. 121-16-1 du code de l\u2019environnement). La CNDP a nomm\u00e9 une personne pour suivre cette concertation qui se d\u00e9roulera du 10\u00a0Janvier au 31 Mars 2019.<\/p>\n<p style=\"text-align: justify;\">Une fois le projet de mise \u00e0 jour du PCAET arr\u00eat\u00e9, la M\u00e9tro ouvrira un espace sur sa plateforme participative permettant au public de d\u00e9poser par voie \u00e9lectronique ses observations et propositions. Le dossier comprendra\u00a0: les objectifs et caract\u00e9ristiques principales du PCAET\u00a0; le diagnostic r\u00e9alis\u00e9 dans le cadre de sa mise \u00e0 jour\u00a0; un aper\u00e7u des incidences potentielles du PCAET sur l&rsquo;environnement.<!--more--><\/p>\n<p style=\"text-align: justify;\"><em>\u00ab\u00a0La d\u00e9marche d\u2019\u00e9valuation environnementale comporte notamment l&rsquo;\u00e9tablissement d&rsquo;un rapport qui identifie, d\u00e9crit et \u00e9value les effets notables que peut avoir la mise en \u0153uvre du PCAET sur l&rsquo;environnement ainsi que les solutions de substitution raisonnables tenant compte des objectifs et du champ d&rsquo;application g\u00e9ographique. Ce rapport pr\u00e9sente notamment les mesures pr\u00e9vues pour \u00e9viter les incidences n\u00e9gatives notables que l&rsquo;application du PCAET peut entra\u00eener sur l&rsquo;environnement, les mesures pr\u00e9vues pour r\u00e9duire celles qui ne peuvent \u00eatre \u00e9vit\u00e9es et les mesures pr\u00e9vues pour compenser celles qui ne peuvent \u00eatre \u00e9vit\u00e9es ni r\u00e9duites. Il d\u00e9finit les crit\u00e8res, indicateurs et modalit\u00e9s retenues pour suivre les effets du plan sur l&rsquo;environnement afin d&rsquo;identifier notamment, \u00e0 un stade pr\u00e9coce, les impacts n\u00e9gatifs impr\u00e9vus et envisager, si n\u00e9cessaire, les mesures appropri\u00e9es.<\/em><\/p>\n<p style=\"text-align: justify;\"><em>Au regard des principaux objectifs du PCAET, les incidences potentielles de celui-ci sur l\u2019environnement seront principalement positives :<\/em><\/p>\n<ul style=\"text-align: justify;\">\n<li><em>Att\u00e9nuation du changement climatique ;<\/em><\/li>\n<li><em>Am\u00e9lioration de la qualit\u00e9 de l\u2019air ext\u00e9rieur ;<\/em><\/li>\n<li><em>Adaptation au changement climatique ;<\/em><\/li>\n<li><em>R\u00e9duction des consommations \u00e9nerg\u00e9tiques ;<\/em><\/li>\n<li><em>R\u00e9duction de la d\u00e9pendance du territoire aux \u00e9nergies fossiles\u2026\u00a0\u00bb<\/em><\/li>\n<\/ul>\n<p style=\"text-align: justify;\"><strong>\u00a0<\/strong>Pour acc\u00e9der aux informations et documentations sur le Plan air \u00e9nergie climat m\u00e9tropolitain qui a \u00e9t\u00e9 le premier en France cliquez <a href=\"https:\/\/www.lametro.fr\/463-plan-air-energie-climat.htm\" target=\"_blank\" rel=\"noopener\">ici<\/a>.<\/p>\n","protected":false},"excerpt":{"rendered":"<p>Le 9 novembre 2018, le conseil m\u00e9tropolitain a adopt\u00e9 les modalit\u00e9s de la concertation et de participation du public pour mettre \u00e0 jour le \u00ab\u00a0Plan Climat Air Energie Territorial (PCAET)\u00a0\u00bb de la M\u00e9tropole. Le Vice-pr\u00e9sident J\u00e9r\u00f4me Dutroncy a pr\u00e9sent\u00e9 les d\u00e9tails de cette concertation. Afin d\u2019assurer une concertation exemplaire, la d\u00e9lib\u00e9ration a d\u00e9cid\u00e9 de recourir [&hellip;]<\/p>\n","protected":false},"author":1,"featured_media":0,"comment_status":"closed","ping_status":"open","sticky":false,"template":"","format":"standard","meta":{"twitterCardType":"","cardImageID":0,"cardImage":"","cardTitle":"","cardDesc":"","cardImageAlt":"","cardPlayer":"","cardPlayerWidth":0,"cardPlayerHeight":0,"cardPlayerStream":"","cardPlayerCodec":"","footnotes":""},"categories":[62,11],"tags":[223,242,235,280],"class_list":["post-15025","post","type-post","status-publish","format-standard","hentry","category-le-rouge-le-vert-hebdo","category-politique-locale","tag-climat","tag-developpement-durable","tag-energie","tag-metropole"],"_links":{"self":[{"href":"https:\/\/www.ades-grenoble.org\/wordpress\/wp-json\/wp\/v2\/posts\/15025","targetHints":{"allow":["GET"]}}],"collection":[{"href":"https:\/\/www.ades-grenoble.org\/wordpress\/wp-json\/wp\/v2\/posts"}],"about":[{"href":"https:\/\/www.ades-grenoble.org\/wordpress\/wp-json\/wp\/v2\/types\/post"}],"author":[{"embeddable":true,"href":"https:\/\/www.ades-grenoble.org\/wordpress\/wp-json\/wp\/v2\/users\/1"}],"replies":[{"embeddable":true,"href":"https:\/\/www.ades-grenoble.org\/wordpress\/wp-json\/wp\/v2\/comments?post=15025"}],"version-history":[{"count":1,"href":"https:\/\/www.ades-grenoble.org\/wordpress\/wp-json\/wp\/v2\/posts\/15025\/revisions"}],"predecessor-version":[{"id":15027,"href":"https:\/\/www.ades-grenoble.org\/wordpress\/wp-json\/wp\/v2\/posts\/15025\/revisions\/15027"}],"wp:attachment":[{"href":"https:\/\/www.ades-grenoble.org\/wordpress\/wp-json\/wp\/v2\/media?parent=15025"}],"wp:term":[{"taxonomy":"category","embeddable":true,"href":"https:\/\/www.ades-grenoble.org\/wordpress\/wp-json\/wp\/v2\/categories?post=15025"},{"taxonomy":"post_tag","embeddable":true,"href":"https:\/\/www.ades-grenoble.org\/wordpress\/wp-json\/wp\/v2\/tags?post=15025"}],"curies":[{"name":"wp","href":"https:\/\/api.w.org\/{rel}","templated":true}]}}