{"id":15028,"date":"2018-11-16T12:29:16","date_gmt":"2018-11-16T11:29:16","guid":{"rendered":"http:\/\/www.ades-grenoble.org\/wordpress\/?p=15028"},"modified":"2018-11-16T13:13:19","modified_gmt":"2018-11-16T12:13:19","slug":"prochain-reglement-de-publicite-intercommunal-la-concertation-se-poursuit","status":"publish","type":"post","link":"https:\/\/www.ades-grenoble.org\/wordpress\/2018\/11\/16\/prochain-reglement-de-publicite-intercommunal-la-concertation-se-poursuit\/","title":{"rendered":"Prochain r\u00e8glement de publicit\u00e9 intercommunal : la concertation se poursuit"},"content":{"rendered":"<p style=\"text-align: justify;\"><img loading=\"lazy\" decoding=\"async\" class=\"size-medium wp-image-15029 alignleft\" src=\"http:\/\/www.ades-grenoble.org\/wordpress\/wp-content\/uploads\/2018\/11\/ByeByePub-300x220.jpg\" alt=\"\" width=\"300\" height=\"220\" srcset=\"https:\/\/www.ades-grenoble.org\/wordpress\/wp-content\/uploads\/2018\/11\/ByeByePub-300x220.jpg 300w, https:\/\/www.ades-grenoble.org\/wordpress\/wp-content\/uploads\/2018\/11\/ByeByePub-150x110.jpg 150w, https:\/\/www.ades-grenoble.org\/wordpress\/wp-content\/uploads\/2018\/11\/ByeByePub.jpg 400w\" sizes=\"auto, (max-width: 300px) 100vw, 300px\" \/>Le 6 juillet 2018, la m\u00e9tropole d\u00e9cidait de pr\u00e9parer le prochain R\u00e8glement Local de Publicit\u00e9 Intercommunal (RLPI). En effet la loi lui impose avant le 13 juillet 2020, d\u2019avoir un RLPI conforme au R\u00e8glement National de Publicit\u00e9, ce qui n\u2019est pas\u00a0le cas des r\u00e8glements communaux existant. Avant une enqu\u00eate publique pr\u00e9vue en 2019, la M\u00e9tro organise une concertation pr\u00e9alable \u00e0 l\u2019arr\u00eat du projet de RLPI qui a d\u00e9j\u00e0 d\u00e9marr\u00e9 fin septembre et va durer jusqu\u2019au 28 f\u00e9vrier 2019.<\/p>\n<p style=\"text-align: justify;\"><em>\u00ab\u00a0Au-del\u00e0 de l\u2019aspect de mise en conformit\u00e9 avec la loi et de l\u2019\u00e9ch\u00e9ance de caducit\u00e9 prochaine, Grenoble-Alpes M\u00e9tropole se saisit de cette comp\u00e9tence pour construire un nouvel axe de d\u00e9veloppement de l\u2019action m\u00e9tropolitaine. Ainsi, le r\u00e8glement local de publicit\u00e9 m\u00e9tropolitain sera \u00e9labor\u00e9 sur un p\u00e9rim\u00e8tre incluant les 49 communes de la M\u00e9tropole et, \u00e0 compter de l\u2019approbation du RLPi par la M\u00e9tropole, les r\u00e8glements locaux de publicit\u00e9 communaux seront remplac\u00e9s par ce dernier\u2026<\/em><\/p>\n<p style=\"text-align: justify;\"><em>L\u2019\u00e9laboration d\u2019un r\u00e8glement local de publicit\u00e9 intercommunal permettra d\u2019\u00e9tablir une politique coh\u00e9rente \u00e0 l\u2019\u00e9chelle m\u00e9tropolitaine en mati\u00e8re d\u2019affichage, de publicit\u00e9 et d\u2019enseignes. Cet objectif de coh\u00e9rence sera un vecteur de simplification de la r\u00e8gle pour les professionnels de la publicit\u00e9 et des enseignes ainsi que pour l\u2019ensemble des acteurs \u00e9conomiques dans la mesure o\u00f9 un document unique sera applicable sur le territoire m\u00e9tropolitain. Il permettra \u00e9galement aux maires des 49 communes de Grenoble-Alpes M\u00e9tropole d&rsquo;appliquer dans les meilleures conditions la police de l\u2019affichage publicitaire.\u00a0\u00bb<\/em><\/p>\n<p style=\"text-align: justify;\"><!--more--><\/p>\n<p style=\"text-align: justify;\">Il serait souhaitable qu\u2019au niveau intercommunal il y ait une limitation importante de l\u2019affichage de la publicit\u00e9 commerciale qui est d\u00e9j\u00e0 pr\u00e9sente dans tous les m\u00e9dias et qui pollue visuellement le paysage des villes. Grenoble a donn\u00e9 l\u2019exemple qu\u2019il serait bon \u00e0 suivre.<\/p>\n<p style=\"text-align: justify;\">Pour donner son point de vue et participer \u00e0 la concertation, voir <a href=\"https:\/\/participation.lametro.fr\/project\/reglement-local-de-publicite-intercommunal-rlpi\/presentation\/presentation-14\" target=\"_blank\" rel=\"noopener\">ici<\/a> sur le site de la M\u00e9tro.<\/p>\n<p style=\"text-align: justify;\">\n","protected":false},"excerpt":{"rendered":"<p>Le 6 juillet 2018, la m\u00e9tropole d\u00e9cidait de pr\u00e9parer le prochain R\u00e8glement Local de Publicit\u00e9 Intercommunal (RLPI). En effet la loi lui impose avant le 13 juillet 2020, d\u2019avoir un RLPI conforme au R\u00e8glement National de Publicit\u00e9, ce qui n\u2019est pas\u00a0le cas des r\u00e8glements communaux existant. Avant une enqu\u00eate publique pr\u00e9vue en 2019, la M\u00e9tro [&hellip;]<\/p>\n","protected":false},"author":1,"featured_media":0,"comment_status":"closed","ping_status":"open","sticky":false,"template":"","format":"standard","meta":{"twitterCardType":"","cardImageID":0,"cardImage":"","cardTitle":"","cardDesc":"","cardImageAlt":"","cardPlayer":"","cardPlayerWidth":0,"cardPlayerHeight":0,"cardPlayerStream":"","cardPlayerCodec":"","footnotes":""},"categories":[62,11],"tags":[280,152,322],"class_list":["post-15028","post","type-post","status-publish","format-standard","hentry","category-le-rouge-le-vert-hebdo","category-politique-locale","tag-metropole","tag-pollution-2","tag-publicite"],"_links":{"self":[{"href":"https:\/\/www.ades-grenoble.org\/wordpress\/wp-json\/wp\/v2\/posts\/15028","targetHints":{"allow":["GET"]}}],"collection":[{"href":"https:\/\/www.ades-grenoble.org\/wordpress\/wp-json\/wp\/v2\/posts"}],"about":[{"href":"https:\/\/www.ades-grenoble.org\/wordpress\/wp-json\/wp\/v2\/types\/post"}],"author":[{"embeddable":true,"href":"https:\/\/www.ades-grenoble.org\/wordpress\/wp-json\/wp\/v2\/users\/1"}],"replies":[{"embeddable":true,"href":"https:\/\/www.ades-grenoble.org\/wordpress\/wp-json\/wp\/v2\/comments?post=15028"}],"version-history":[{"count":2,"href":"https:\/\/www.ades-grenoble.org\/wordpress\/wp-json\/wp\/v2\/posts\/15028\/revisions"}],"predecessor-version":[{"id":15031,"href":"https:\/\/www.ades-grenoble.org\/wordpress\/wp-json\/wp\/v2\/posts\/15028\/revisions\/15031"}],"wp:attachment":[{"href":"https:\/\/www.ades-grenoble.org\/wordpress\/wp-json\/wp\/v2\/media?parent=15028"}],"wp:term":[{"taxonomy":"category","embeddable":true,"href":"https:\/\/www.ades-grenoble.org\/wordpress\/wp-json\/wp\/v2\/categories?post=15028"},{"taxonomy":"post_tag","embeddable":true,"href":"https:\/\/www.ades-grenoble.org\/wordpress\/wp-json\/wp\/v2\/tags?post=15028"}],"curies":[{"name":"wp","href":"https:\/\/api.w.org\/{rel}","templated":true}]}}