{"id":15041,"date":"2018-11-16T13:12:12","date_gmt":"2018-11-16T12:12:12","guid":{"rendered":"http:\/\/www.ades-grenoble.org\/wordpress\/?p=15041"},"modified":"2018-11-16T13:14:09","modified_gmt":"2018-11-16T12:14:09","slug":"agenda-103","status":"publish","type":"post","link":"https:\/\/www.ades-grenoble.org\/wordpress\/2018\/11\/16\/agenda-103\/","title":{"rendered":"Agenda"},"content":{"rendered":"<p><strong><img loading=\"lazy\" decoding=\"async\" class=\"size-medium wp-image-14936 alignleft\" src=\"http:\/\/www.ades-grenoble.org\/wordpress\/wp-content\/uploads\/2018\/10\/lecture-publique-300x200.jpg\" alt=\"\" width=\"300\" height=\"200\" srcset=\"https:\/\/www.ades-grenoble.org\/wordpress\/wp-content\/uploads\/2018\/10\/lecture-publique-300x200.jpg 300w, https:\/\/www.ades-grenoble.org\/wordpress\/wp-content\/uploads\/2018\/10\/lecture-publique-150x100.jpg 150w, https:\/\/www.ades-grenoble.org\/wordpress\/wp-content\/uploads\/2018\/10\/lecture-publique.jpg 413w\" sizes=\"auto, (max-width: 300px) 100vw, 300px\" \/>Samedi 17 novembre \u00e0 10 h, biblioth\u00e8que de l\u2019Arlequin\u00a0: d\u00e9bat sur\u00a0les <u>pratiques et attentes des habitants en mati\u00e8re de lecture publique<\/u>.<\/strong><\/p>\n<hr \/>\n<p><strong>Samedi 17 novembre \u00e0 partir de 14 h au <\/strong><strong>Centre \u0153cum\u00e9nique St Marc<\/strong>, 6 avenue Malherbe \u00e0 Grenoble : <strong>\u00ab\u00a010H POUR LA PALESTINE\u00a0\u00bb<em>\u00a0<\/em><\/strong><em>; 15h <\/em>: Jehad Raya, avocat palestinien isra\u00e9lien\u00a0;17h : le regard de la soci\u00e9t\u00e9 isra\u00e9lienne sur la trag\u00e9die palestinienne par Thomas Vescovi\u00a0;19H- Repas palestinien- 20H- soir\u00e9e musicale- Entr\u00e9e : 7 \u20ac Repas : 8 \u20ac.<\/p>\n","protected":false},"excerpt":{"rendered":"<p>Samedi 17 novembre \u00e0 10 h, biblioth\u00e8que de l\u2019Arlequin\u00a0: d\u00e9bat sur\u00a0les pratiques et attentes des habitants en mati\u00e8re de lecture publique. Samedi 17 novembre \u00e0 partir de 14 h au Centre \u0153cum\u00e9nique St Marc, 6 avenue Malherbe \u00e0 Grenoble : \u00ab\u00a010H POUR LA PALESTINE\u00a0\u00bb\u00a0; 15h : Jehad Raya, avocat palestinien isra\u00e9lien\u00a0;17h : le regard de [&hellip;]<\/p>\n","protected":false},"author":1,"featured_media":0,"comment_status":"closed","ping_status":"open","sticky":false,"template":"","format":"standard","meta":{"twitterCardType":"","cardImageID":0,"cardImage":"","cardTitle":"","cardDesc":"","cardImageAlt":"","cardPlayer":"","cardPlayerWidth":0,"cardPlayerHeight":0,"cardPlayerStream":"","cardPlayerCodec":"","footnotes":""},"categories":[62,11],"tags":[125],"class_list":["post-15041","post","type-post","status-publish","format-standard","hentry","category-le-rouge-le-vert-hebdo","category-politique-locale","tag-agenda"],"_links":{"self":[{"href":"https:\/\/www.ades-grenoble.org\/wordpress\/wp-json\/wp\/v2\/posts\/15041","targetHints":{"allow":["GET"]}}],"collection":[{"href":"https:\/\/www.ades-grenoble.org\/wordpress\/wp-json\/wp\/v2\/posts"}],"about":[{"href":"https:\/\/www.ades-grenoble.org\/wordpress\/wp-json\/wp\/v2\/types\/post"}],"author":[{"embeddable":true,"href":"https:\/\/www.ades-grenoble.org\/wordpress\/wp-json\/wp\/v2\/users\/1"}],"replies":[{"embeddable":true,"href":"https:\/\/www.ades-grenoble.org\/wordpress\/wp-json\/wp\/v2\/comments?post=15041"}],"version-history":[{"count":1,"href":"https:\/\/www.ades-grenoble.org\/wordpress\/wp-json\/wp\/v2\/posts\/15041\/revisions"}],"predecessor-version":[{"id":15042,"href":"https:\/\/www.ades-grenoble.org\/wordpress\/wp-json\/wp\/v2\/posts\/15041\/revisions\/15042"}],"wp:attachment":[{"href":"https:\/\/www.ades-grenoble.org\/wordpress\/wp-json\/wp\/v2\/media?parent=15041"}],"wp:term":[{"taxonomy":"category","embeddable":true,"href":"https:\/\/www.ades-grenoble.org\/wordpress\/wp-json\/wp\/v2\/categories?post=15041"},{"taxonomy":"post_tag","embeddable":true,"href":"https:\/\/www.ades-grenoble.org\/wordpress\/wp-json\/wp\/v2\/tags?post=15041"}],"curies":[{"name":"wp","href":"https:\/\/api.w.org\/{rel}","templated":true}]}}