{"id":15082,"date":"2018-11-30T13:52:12","date_gmt":"2018-11-30T12:52:12","guid":{"rendered":"http:\/\/www.ades-grenoble.org\/wordpress\/?p=15082"},"modified":"2018-11-30T14:18:16","modified_gmt":"2018-11-30T13:18:16","slug":"le-recours-dun-maire-contre-linaction-climatique-de-letat","status":"publish","type":"post","link":"https:\/\/www.ades-grenoble.org\/wordpress\/2018\/11\/30\/le-recours-dun-maire-contre-linaction-climatique-de-letat\/","title":{"rendered":"Le recours d\u2019un maire contre l\u2019inaction climatique de l\u2019Etat"},"content":{"rendered":"<p style=\"text-align: justify;\"><img loading=\"lazy\" decoding=\"async\" class=\"size-full wp-image-15088 alignleft\" src=\"http:\/\/www.ades-grenoble.org\/wordpress\/wp-content\/uploads\/2018\/11\/GrandeSynthe.jpg\" alt=\"\" width=\"370\" height=\"345\" srcset=\"https:\/\/www.ades-grenoble.org\/wordpress\/wp-content\/uploads\/2018\/11\/GrandeSynthe.jpg 370w, https:\/\/www.ades-grenoble.org\/wordpress\/wp-content\/uploads\/2018\/11\/GrandeSynthe-150x140.jpg 150w, https:\/\/www.ades-grenoble.org\/wordpress\/wp-content\/uploads\/2018\/11\/GrandeSynthe-300x280.jpg 300w\" sizes=\"auto, (max-width: 370px) 100vw, 370px\" \/>Une premi\u00e8re en France, le maire \u00e9cologiste de Grande-Synthe, Damien Car\u00eame, a engag\u00e9 le 19 novembre 2018 un recours gracieux aupr\u00e8s de l&rsquo;\u00c9tat pour <em>\u00ab\u00a0inaction en mati\u00e8re de lutte contre le changement climatique\u00a0\u00bb.<\/em> Il a pris comme avocate Corinne Lepage, sp\u00e9cialiste en droit de l\u2019environnement.<\/p>\n<p style=\"text-align: justify;\"><em>\u00ab\u00a0\u00c0 partir de la r\u00e9ception du recours gracieux, le gouvernement dispose d&rsquo;un d\u00e9lai de deux mois pour acc\u00e9der \u00e0 la demande du plaignant. \u00ab\u00a0Si dans les deux mois, on n&rsquo;a pas de r\u00e9ponse ou si l&rsquo;\u00c9tat nous r\u00e9pond &lsquo;non&rsquo;, on ira devant le juge\u00a0\u00bb, a affirm\u00e9 l&rsquo;ancienne ministre de l&rsquo;Environnement.<\/em><\/p>\n<p><strong><em>Grande-Synthe inqui\u00e9t\u00e9e par la mont\u00e9e des eaux<\/em><\/strong><\/p>\n<p style=\"text-align: justify;\"><em>\u00ab\u00a0La commune de Grande-Synthe,\u00a0<strong>particuli\u00e8rement expos\u00e9e au changement climatique<\/strong>, a un int\u00e9r\u00eat \u00e0 ce que les mesures n\u00e9cessaires pour r\u00e9duire les \u00e9missions de gaz \u00e0 effet de serre soient effectives et importantes\u00a0\u00bb, a expliqu\u00e9 Mme Lepage.<\/em><\/p>\n<p style=\"text-align: justify;\"><em>En effet, la ville \u00ab\u00a0peut \u00eatre tr\u00e8s impact\u00e9e par le changement climatique, car Grande-Synthe est sur un territoire de polder inqui\u00e9t\u00e9 par la submersion marine en cas d&rsquo;augmentation du niveau de la mer\u00a0\u00bb, a indiqu\u00e9 \u00e0 l&rsquo;AFP Damien Car\u00eame.<\/em><\/p>\n<p><!--more--><\/p>\n<p style=\"text-align: justify;\"><em>\u00ab\u00a0Le gouvernement ne fait pas suffisamment en mati\u00e8re de lutte contre le changement climatique et donc met \u00e0 mal l&rsquo;avenir de ma commune\u00a0\u00bb, a-t-il poursuivi.<\/em><\/p>\n<p><strong><em>Des recours \u00e0 travers le monde<\/em><\/strong><\/p>\n<p style=\"text-align: justify;\"><em>Face aux d\u00e9r\u00e8glements climatiques, les recours en justice se multiplient dans le monde.<\/em><\/p>\n<p style=\"text-align: justify;\"><em>Aux Pays-Bas en 2015, un tribunal, saisi par l&rsquo;ONG Urgenda et 900 citoyens, a ordonn\u00e9 \u00e0 l&rsquo;\u00c9tat de r\u00e9duire les \u00e9missions de gaz \u00e0 effet de serre dans le pays de 25% d&rsquo;ici \u00e0 2020. Un jugement confirm\u00e9 en appel en octobre.<\/em><\/p>\n<p style=\"text-align: justify;\"><em>Aux \u00c9tats-Unis en 2015, une vingtaine d&rsquo;enfants et adolescents ont d\u00e9pos\u00e9 avec l&rsquo;association Our Children&rsquo;s Trust un recours devant un tribunal de l&rsquo;Oregon, r\u00e9clamant au gouvernement de baisser de mani\u00e8re significative les \u00e9missions de CO2.\u00a0\u00bb<\/em><\/p>\n<p style=\"text-align: justify;\">Pour en savoir plus, cliquez <a href=\"https:\/\/www.linfodurable.fr\/environnement\/inaction-climatique-un-recours-forme-par-le-maire-de-grande-synthe-contre-letat-7504\" target=\"_blank\" rel=\"noopener\">ici<\/a>.<\/p>\n<p style=\"text-align: justify;\">\n","protected":false},"excerpt":{"rendered":"<p>Une premi\u00e8re en France, le maire \u00e9cologiste de Grande-Synthe, Damien Car\u00eame, a engag\u00e9 le 19 novembre 2018 un recours gracieux aupr\u00e8s de l&rsquo;\u00c9tat pour \u00ab\u00a0inaction en mati\u00e8re de lutte contre le changement climatique\u00a0\u00bb. Il a pris comme avocate Corinne Lepage, sp\u00e9cialiste en droit de l\u2019environnement. \u00ab\u00a0\u00c0 partir de la r\u00e9ception du recours gracieux, le gouvernement [&hellip;]<\/p>\n","protected":false},"author":1,"featured_media":0,"comment_status":"closed","ping_status":"open","sticky":false,"template":"","format":"standard","meta":{"twitterCardType":"","cardImageID":0,"cardImage":"","cardTitle":"","cardDesc":"","cardImageAlt":"","cardPlayer":"","cardPlayerWidth":0,"cardPlayerHeight":0,"cardPlayerStream":"","cardPlayerCodec":"","footnotes":""},"categories":[62,11],"tags":[223,175,52],"class_list":["post-15082","post","type-post","status-publish","format-standard","hentry","category-le-rouge-le-vert-hebdo","category-politique-locale","tag-climat","tag-environnement","tag-justice-administrative"],"_links":{"self":[{"href":"https:\/\/www.ades-grenoble.org\/wordpress\/wp-json\/wp\/v2\/posts\/15082","targetHints":{"allow":["GET"]}}],"collection":[{"href":"https:\/\/www.ades-grenoble.org\/wordpress\/wp-json\/wp\/v2\/posts"}],"about":[{"href":"https:\/\/www.ades-grenoble.org\/wordpress\/wp-json\/wp\/v2\/types\/post"}],"author":[{"embeddable":true,"href":"https:\/\/www.ades-grenoble.org\/wordpress\/wp-json\/wp\/v2\/users\/1"}],"replies":[{"embeddable":true,"href":"https:\/\/www.ades-grenoble.org\/wordpress\/wp-json\/wp\/v2\/comments?post=15082"}],"version-history":[{"count":2,"href":"https:\/\/www.ades-grenoble.org\/wordpress\/wp-json\/wp\/v2\/posts\/15082\/revisions"}],"predecessor-version":[{"id":15091,"href":"https:\/\/www.ades-grenoble.org\/wordpress\/wp-json\/wp\/v2\/posts\/15082\/revisions\/15091"}],"wp:attachment":[{"href":"https:\/\/www.ades-grenoble.org\/wordpress\/wp-json\/wp\/v2\/media?parent=15082"}],"wp:term":[{"taxonomy":"category","embeddable":true,"href":"https:\/\/www.ades-grenoble.org\/wordpress\/wp-json\/wp\/v2\/categories?post=15082"},{"taxonomy":"post_tag","embeddable":true,"href":"https:\/\/www.ades-grenoble.org\/wordpress\/wp-json\/wp\/v2\/tags?post=15082"}],"curies":[{"name":"wp","href":"https:\/\/api.w.org\/{rel}","templated":true}]}}