{"id":15099,"date":"2018-11-30T14:08:37","date_gmt":"2018-11-30T13:08:37","guid":{"rendered":"http:\/\/www.ades-grenoble.org\/wordpress\/?p=15099"},"modified":"2018-11-30T14:18:52","modified_gmt":"2018-11-30T13:18:52","slug":"vers-une-certaine-depenalisation-de-la-consommation-des-stupefiants","status":"publish","type":"post","link":"https:\/\/www.ades-grenoble.org\/wordpress\/2018\/11\/30\/vers-une-certaine-depenalisation-de-la-consommation-des-stupefiants\/","title":{"rendered":"Vers une certaine d\u00e9p\u00e9nalisation de la consommation des stup\u00e9fiants\u2026"},"content":{"rendered":"<p style=\"text-align: justify;\"><img loading=\"lazy\" decoding=\"async\" class=\"size-full wp-image-9677 alignleft\" src=\"http:\/\/www.ades-grenoble.org\/wordpress\/wp-content\/uploads\/2015\/01\/assemblee-e1422651495365.jpg\" alt=\"\" width=\"250\" height=\"188\" \/>Le 23 novembre, lors de l&rsquo;examen en premi\u00e8re lecture du projet de r\u00e9forme de la justice, l\u2019Assembl\u00e9e Nationale a adopt\u00e9 un article concernant la consommation de substances class\u00e9es comme stup\u00e9fiants en cr\u00e9ant une amende forfaitaire de 200\u20ac, qui peut \u00eatre minor\u00e9e \u00e0 150 \u20ac et major\u00e9e \u00e0 400\u20ac. L\u2019amende est moins ch\u00e8re que ce que pr\u00e9voyait la ministre de la justice qui \u00e9tait de 300 euros. Les d\u00e9put\u00e9s ont, de fait, suivi les\u00a0pr\u00e9conisations du <a href=\"http:\/\/www.assemblee-nationale.fr\/15\/rap-info\/i0595.asp\" target=\"_blank\" rel=\"noopener\">rapport parlementaire des d\u00e9put\u00e9s E. Poulliat (LREM) et R. Reda (LR)<\/a> : le texte envisageait une amende comprise entre 150 et 200 euros.<\/p>\n<p style=\"text-align: justify;\">Les d\u00e9put\u00e9s notaient dans la synth\u00e8se de leur rapport\u00a0pour justifier cette d\u00e9p\u00e9nalisation\u00a0:<\/p>\n<p style=\"text-align: justify;\"><em>\u00ab\u00a0Il existe donc aujourd\u2019hui un d\u00e9calage entre l\u2019arsenal th\u00e9oriquement tr\u00e8s r\u00e9pressif et une r\u00e9ponse p\u00e9nale peu dissuasive qui n\u2019a pas permis d\u2019enrayer la progression de la consommation de stup\u00e9fiants en France et la banalisation de ces produits, notamment chez les jeunes. Cette politique p\u00e9nale est de surcro\u00eet appliqu\u00e9e de fa\u00e7on in\u00e9gale sur le territoire en fonction des directives locales des parquets et vise plus particuli\u00e8rement certains publics (public estudiantin, public d\u00e9socialis\u00e9, personnes d\u00e9j\u00e0 connues des forces de l\u2019ordre\u2026).<\/em><\/p>\n<p style=\"text-align: justify;\"><em>Cette r\u00e9ponse p\u00e9nale peu efficace reste malgr\u00e9 tout tr\u00e8s chronophage pour les forces de l\u2019ordre et les magistrats. Le temps de travail consacr\u00e9 au traitement de ces infractions par les forces de l\u2019ordre est estim\u00e9 par le minist\u00e8re de l\u2019Int\u00e9rieur \u00e0\u00a0plus d\u2019un million d\u2019heures en 2016, soit 600 \u00e9quivalents temps plein.<\/em><\/p>\n<p><!--more--><\/p>\n<p style=\"text-align: justify;\"><em>La mise en place d\u2019un dispositif d\u2019amende forfaitaire \u2013\u00a0quelle que soit sa forme\u00a0\u2013 est une \u00e9volution n\u00e9cessaire aujourd\u2019hui pour r\u00e9primer l\u2019usage de stup\u00e9fiants de fa\u00e7on efficace et \u00e9gale sur l\u2019ensemble du territoire.\u00a0Cette forfaitisation permettra d\u2019\u00e9viter des proc\u00e9dures trop chronophages pour les forces de l\u2019ordre et la justice et de\u00a0donner la priorit\u00e9 \u00e0 la lutte contre les trafics. Cette proc\u00e9dure d\u2019amende forfaitaire doit concerner tous les stup\u00e9fiants sans distinction selon le type de substance en cause.\u00a0Un certain nombre de conditions sont n\u00e9cessaires au succ\u00e8s de sa mise en\u00a0\u0153uvre pratique. Il conviendra, par exemple, de doter toutes les patrouilles de police et de gendarmerie de tablettes NEO, permettant notamment la consultation du fichier TAJ sur le point de contr\u00f4le, et de kits de d\u00e9tection et de balances afin de garantir la fiabilit\u00e9 et l\u2019efficacit\u00e9 de la proc\u00e9dure. Il importera aussi de pr\u00e9ciser le r\u00e9gime de conservation et de destruction des stup\u00e9fiants.\u00a0\u00bb<\/em><\/p>\n<p style=\"text-align: justify;\">L\u2019article L.\u00a03421-1 du code de la sant\u00e9 publique d\u00e9buterait alors ainsi\u00a0:<\/p>\n<p style=\"text-align: justify;\"><em>\u00ab\u00a0L&rsquo;usage illicite de l&rsquo;une des substances ou plantes class\u00e9es comme stup\u00e9fiants est puni d&rsquo;un an d&#8217;emprisonnement et de 3750 euros d&rsquo;amende.<\/em><\/p>\n<p style=\"text-align: justify;\"><em>Pour le d\u00e9lit pr\u00e9vu au premier alin\u00e9a du pr\u00e9sent article, y compris en cas de r\u00e9cidive, l\u2019action publique peut \u00eatre \u00e9teinte, dans les conditions pr\u00e9vues aux articles\u00a0495-17 \u00e0\u00a0495-25 du code de proc\u00e9dure p\u00e9nale, par le versement d\u2019une amende forfaitaire d\u2019un montant de\u00a0200\u00a0\u20ac. Le montant de l\u2019amende forfaitaire minor\u00e9e est de\u00a0150\u00a0\u20ac et le montant de l\u2019amende forfaitaire major\u00e9e est de\u00a0400\u00a0\u20ac\u2026\u00a0\u00bb<\/em><\/p>\n","protected":false},"excerpt":{"rendered":"<p>Le 23 novembre, lors de l&rsquo;examen en premi\u00e8re lecture du projet de r\u00e9forme de la justice, l\u2019Assembl\u00e9e Nationale a adopt\u00e9 un article concernant la consommation de substances class\u00e9es comme stup\u00e9fiants en cr\u00e9ant une amende forfaitaire de 200\u20ac, qui peut \u00eatre minor\u00e9e \u00e0 150 \u20ac et major\u00e9e \u00e0 400\u20ac. L\u2019amende est moins ch\u00e8re que ce que [&hellip;]<\/p>\n","protected":false},"author":1,"featured_media":0,"comment_status":"closed","ping_status":"open","sticky":false,"template":"","format":"standard","meta":{"twitterCardType":"","cardImageID":0,"cardImage":"","cardTitle":"","cardDesc":"","cardImageAlt":"","cardPlayer":"","cardPlayerWidth":0,"cardPlayerHeight":0,"cardPlayerStream":"","cardPlayerCodec":"","footnotes":""},"categories":[62,11],"tags":[296,166,247],"class_list":["post-15099","post","type-post","status-publish","format-standard","hentry","category-le-rouge-le-vert-hebdo","category-politique-locale","tag-drogues","tag-loi","tag-parlement"],"_links":{"self":[{"href":"https:\/\/www.ades-grenoble.org\/wordpress\/wp-json\/wp\/v2\/posts\/15099","targetHints":{"allow":["GET"]}}],"collection":[{"href":"https:\/\/www.ades-grenoble.org\/wordpress\/wp-json\/wp\/v2\/posts"}],"about":[{"href":"https:\/\/www.ades-grenoble.org\/wordpress\/wp-json\/wp\/v2\/types\/post"}],"author":[{"embeddable":true,"href":"https:\/\/www.ades-grenoble.org\/wordpress\/wp-json\/wp\/v2\/users\/1"}],"replies":[{"embeddable":true,"href":"https:\/\/www.ades-grenoble.org\/wordpress\/wp-json\/wp\/v2\/comments?post=15099"}],"version-history":[{"count":1,"href":"https:\/\/www.ades-grenoble.org\/wordpress\/wp-json\/wp\/v2\/posts\/15099\/revisions"}],"predecessor-version":[{"id":15100,"href":"https:\/\/www.ades-grenoble.org\/wordpress\/wp-json\/wp\/v2\/posts\/15099\/revisions\/15100"}],"wp:attachment":[{"href":"https:\/\/www.ades-grenoble.org\/wordpress\/wp-json\/wp\/v2\/media?parent=15099"}],"wp:term":[{"taxonomy":"category","embeddable":true,"href":"https:\/\/www.ades-grenoble.org\/wordpress\/wp-json\/wp\/v2\/categories?post=15099"},{"taxonomy":"post_tag","embeddable":true,"href":"https:\/\/www.ades-grenoble.org\/wordpress\/wp-json\/wp\/v2\/tags?post=15099"}],"curies":[{"name":"wp","href":"https:\/\/api.w.org\/{rel}","templated":true}]}}