{"id":15131,"date":"2018-12-07T09:48:24","date_gmt":"2018-12-07T08:48:24","guid":{"rendered":"http:\/\/www.ades-grenoble.org\/wordpress\/?p=15131"},"modified":"2018-12-07T09:56:08","modified_gmt":"2018-12-07T08:56:08","slug":"a-480-dernieres-nouvelles-3","status":"publish","type":"post","link":"https:\/\/www.ades-grenoble.org\/wordpress\/2018\/12\/07\/a-480-dernieres-nouvelles-3\/","title":{"rendered":"A 480, derni\u00e8res nouvelles\u2026"},"content":{"rendered":"<p style=\"text-align: justify;\"><img loading=\"lazy\" decoding=\"async\" class=\"size-medium wp-image-12697 alignleft\" src=\"http:\/\/www.ades-grenoble.org\/wordpress\/wp-content\/uploads\/2017\/03\/EnquetePublique-300x94.jpg\" alt=\"\" width=\"300\" height=\"94\" srcset=\"https:\/\/www.ades-grenoble.org\/wordpress\/wp-content\/uploads\/2017\/03\/EnquetePublique-300x94.jpg 300w, https:\/\/www.ades-grenoble.org\/wordpress\/wp-content\/uploads\/2017\/03\/EnquetePublique-150x47.jpg 150w, https:\/\/www.ades-grenoble.org\/wordpress\/wp-content\/uploads\/2017\/03\/EnquetePublique.jpg 362w\" sizes=\"auto, (max-width: 300px) 100vw, 300px\" \/>On apprend que des habitants de l\u2019agglom\u00e9ration ont d\u00e9pos\u00e9 un recours au tribunal administratif contre l\u2019arr\u00eat\u00e9 de D\u00e9claration d\u2019Utilit\u00e9 Publique (DUP) pris par le Pr\u00e9fet de l\u2019Is\u00e8re le 23 juillet 2018 (voir article \u00e0 ce sujet).<\/p>\n<p style=\"text-align: justify;\">La r\u00e9action vive et tr\u00e8s critique de la ville de Grenoble suite au rapport lamentable de la commission d\u2019enqu\u00eate sur l\u2019autorisation environnementale (voir <a href=\"https:\/\/www.ades-grenoble.org\/wordpress\/2018\/11\/23\/a-480-la-reaction-de-la-ville-de-grenoble-suite-au-rapport-de-la-commission-denquete\/\" target=\"_blank\" rel=\"noopener\">cet article<\/a>) , n\u2019a pas plu au Pr\u00e9fet. Pourtant elle ne lui demandait que d\u2019organiser un temps de travail sur les impacts environnementaux du projet qu\u2019il faut am\u00e9liorer en d\u00e9battant notamment avec les associations et instances comp\u00e9tentes. Mais pour le Pr\u00e9fet, le maire n\u2019a pas \u00e0 interpeller publiquement l\u2019Etat\u00a0! C\u2019est nouveau\u00a0!<\/p>\n<p style=\"text-align: justify;\">La M\u00e9tro qui s\u2019\u00e9tait f\u00e9licit\u00e9e un peu vite en signant le communiqu\u00e9 commun du 9 novembre (Pr\u00e9fet AREA d\u00e9partement, M\u00e9tro) a \u00e9t\u00e9 oblig\u00e9e d\u2019exprimer sa d\u00e9sapprobation concernant les d\u00e9clarations climato-sceptiques de la commission. Cot\u00e9 d\u00e9partement, on n\u2019est pas tr\u00e8s regardant sur la qualit\u00e9 du travail des commissaires enqu\u00eateurs, ainsi que le d\u00e9clare le Vice-pr\u00e9sident charg\u00e9 des routes, <em>\u00ab\u00a0ce qui m&rsquo;int\u00e9resse, c&rsquo;est que le contenu de ce rapport soit r\u00e9glementaire, qu&rsquo;il soit \u00e9tay\u00e9 et \u00e9mette\u00a0des analyses et des conclusions pour que le projet puisse aboutir\u00a0\u00bb.\u00a0<\/em><\/p>\n<p style=\"text-align: justify;\">La commission d\u2019enqu\u00eate a d\u00e9cid\u00e9 que le constat fait par un nombreux public sur la pollution atmosph\u00e9rique \u00e9tait \u00ab\u00a0<em>inutilement alarmant<\/em>\u00a0\u00bb. A Atmo Auvergne-Rh\u00f4ne-Alpes on pr\u00e9cise que le rapport sur lequel s\u2019appuie la commission n\u2019est pas adapt\u00e9 \u00ab\u00a0<em>\u00e0 la compr\u00e9hension des enjeux sp\u00e9cifiques li\u00e9s au projet d\u2019am\u00e9nagement de l\u2019A 480 et du Rondeau. L\u00e0 il y a effectivement un loup\u00e9<\/em>\u00a0\u00bb (DL du 28\/11). On ne peut \u00eatre plus clair sur l\u2019incomp\u00e9tence des commissaires sur un sujet aussi crucial.<\/p>\n<p style=\"text-align: justify;\">Le pr\u00e9fet n\u2019a pas du tout appr\u00e9ci\u00e9 d\u2019\u00eatre sollicit\u00e9 publiquement par le maire. Il se cache derri\u00e8re l\u2019ind\u00e9pendance de la commission d\u2019enqu\u00eate, comme s\u2019il \u00e9tait interdit de la critiquer. Pourtant c\u2019est lui, le pr\u00e9fet qui va prendre l\u2019arr\u00eat\u00e9 concernant l\u2019autorisation environnementale et si l\u2019enqu\u00eate publique n\u2019a pas respect\u00e9 la lettre et l\u2019esprit des lois et des r\u00e8glements, il doit le dire et demander que l\u2019enqu\u00eate soit refaite, c\u2019est le prix de la d\u00e9mocratie si elle existe encore dans notre R\u00e9publique et notre d\u00e9partement.<\/p>\n<p><!--more--><\/p>\n<p style=\"text-align: justify;\">Il est tout de m\u00eame scandaleux que l\u2019avis de la ville de Grenoble sur les risques d\u2019inondations n\u2019ait pas \u00e9t\u00e9 sollicit\u00e9 en tant que collectivit\u00e9 int\u00e9ress\u00e9e alors qu\u2019elle est la premi\u00e8re vis\u00e9e par ces risques et que les travaux vont se d\u00e9rouler sur son territoire\u00a0; c\u2019\u00e9tait \u00e0 l\u2019Etat, organisateur de l\u2019enqu\u00eate, de solliciter l\u2019avis de la ville. Le Pr\u00e9fet est donc tr\u00e8s mal plac\u00e9 pour donner des le\u00e7ons \u00e0 qui que ce soit sur ce dossier.<\/p>\n<p style=\"text-align: justify;\">On ne peut que rappeler ce que dit la loi, concernant la participation du public (L 120-1 du code de l\u2019environnement)\u00a0: <em>La participation du public \u00e0 l&rsquo;\u00e9laboration des d\u00e9cisions publiques ayant une incidence sur l&rsquo;environnement est mise en \u0153uvre en vue :<\/em><\/p>\n<p style=\"text-align: justify;\"><em>1\u00b0 D&rsquo;am\u00e9liorer la qualit\u00e9 de la d\u00e9cision publique et de contribuer \u00e0 sa l\u00e9gitimit\u00e9 d\u00e9mocratique ;<\/em><\/p>\n<p style=\"text-align: justify;\"><em>2\u00b0 D&rsquo;assurer la pr\u00e9servation d&rsquo;un environnement sain pour les g\u00e9n\u00e9rations actuelles et futures\u2026<\/em><\/p>\n<p style=\"text-align: justify;\"><em>La participation conf\u00e8re le droit pour le public : D&rsquo;acc\u00e9der aux informations pertinentes permettant sa participation effective ;<\/em><\/p>\n<p style=\"text-align: justify;\">La marche pour le climat du 8 d\u00e9cembre \u00e0 14 h Place de Verdun, sera l\u2019occasion de rappeler que le projet de l\u2019AREA et de l\u2019Etat n\u2019est pas acceptable et doit \u00eatre revu.<\/p>\n<p style=\"text-align: justify;\">Rappelons quelques extraits du <a href=\"https:\/\/www.cnce.fr\/commissaires-enqueteurs\/ethique\" target=\"_blank\" rel=\"noopener\">code d\u2019\u00e9thique et de d\u00e9ontologie des commissaires enqu\u00eateurs<\/a>, que la commission d\u2019enqu\u00eate aurait d\u00fb relire avant de se mettre au travail\u00a0:<\/p>\n<p style=\"text-align: justify;\"><em>\u00ab\u00a01- Le commissaire enqu\u00eateur remplit son r\u00f4le dans l\u2019int\u00e9r\u00eat g\u00e9n\u00e9ral, avec \u00e9quit\u00e9, loyaut\u00e9, int\u00e9grit\u00e9, dignit\u00e9 et impartialit\u00e9.<br \/>\n2- Le commissaire enqu\u00eateur s\u2019abstient de faire toute action qui risque de nuire \u00e0 l\u2019image, \u00e0 la cr\u00e9dibilit\u00e9 et \u00e0 l\u2019efficacit\u00e9 de l\u2019enqu\u00eate publique et de sa fonction.<\/em><\/p>\n<p style=\"text-align: justify;\"><em>3- Le commissaire enqu\u00eateur agit de fa\u00e7on neutre et impartiale et le montre par son comportement\u2026<\/em><\/p>\n<p style=\"text-align: justify;\"><em>19- Le commissaire enqu\u00eateur s\u2019engage \u00e0 poss\u00e9der dans le domaine d\u2019exercice de sa mission une comp\u00e9tence minimale certaine afin de pouvoir renseigner le public, appr\u00e9cier la port\u00e9e des observations pr\u00e9sent\u00e9es et prendre position en connaissance de cause. Il s\u2019engage \u00e0 se r\u00e9cuser dans le cas o\u00f9 il s\u2019estimerait incomp\u00e9tent pour assumer la conduite de l\u2019enqu\u00eate propos\u00e9e.<\/em><\/p>\n<p style=\"text-align: justify;\"><em>20- Le commissaire enqu\u00eateur se tient inform\u00e9 des textes l\u00e9gislatifs et r\u00e9glementaires qu\u2019il est charg\u00e9 d\u2019appliquer pour l\u2019ex\u00e9cution de sa mission. Il doit perfectionner sans cesse ses connaissances administratives, juridiques et techniques, notamment dans les domaines de l\u2019environnement et du d\u00e9veloppement durable ainsi que de la communication publique. Il s\u2019engage \u00e0 assister aux stages ou journ\u00e9es d\u2019information ou de formation organis\u00e9es \u00e0 son intention par les juridictions administratives, les services d\u00e9concentr\u00e9s de l\u2019Etat, la CNCE et ses instances territoriales ou tout autre organismes comp\u00e9tent. Il se conforme aux dispositions du \u00ab Nouveau Guide du Commissaire Enqu\u00eateur\u00bb \u00e9dit\u00e9 par la CNCE.\u00a0\u00bb<\/em><\/p>\n","protected":false},"excerpt":{"rendered":"<p>On apprend que des habitants de l\u2019agglom\u00e9ration ont d\u00e9pos\u00e9 un recours au tribunal administratif contre l\u2019arr\u00eat\u00e9 de D\u00e9claration d\u2019Utilit\u00e9 Publique (DUP) pris par le Pr\u00e9fet de l\u2019Is\u00e8re le 23 juillet 2018 (voir article \u00e0 ce sujet). La r\u00e9action vive et tr\u00e8s critique de la ville de Grenoble suite au rapport lamentable de la commission d\u2019enqu\u00eate [&hellip;]<\/p>\n","protected":false},"author":1,"featured_media":0,"comment_status":"closed","ping_status":"open","sticky":false,"template":"","format":"standard","meta":{"twitterCardType":"","cardImageID":0,"cardImage":"","cardTitle":"","cardDesc":"","cardImageAlt":"","cardPlayer":"","cardPlayerWidth":0,"cardPlayerHeight":0,"cardPlayerStream":"","cardPlayerCodec":"","footnotes":""},"categories":[62,11],"tags":[103,39],"class_list":["post-15131","post","type-post","status-publish","format-standard","hentry","category-le-rouge-le-vert-hebdo","category-politique-locale","tag-a480","tag-enquetes-publiques"],"_links":{"self":[{"href":"https:\/\/www.ades-grenoble.org\/wordpress\/wp-json\/wp\/v2\/posts\/15131","targetHints":{"allow":["GET"]}}],"collection":[{"href":"https:\/\/www.ades-grenoble.org\/wordpress\/wp-json\/wp\/v2\/posts"}],"about":[{"href":"https:\/\/www.ades-grenoble.org\/wordpress\/wp-json\/wp\/v2\/types\/post"}],"author":[{"embeddable":true,"href":"https:\/\/www.ades-grenoble.org\/wordpress\/wp-json\/wp\/v2\/users\/1"}],"replies":[{"embeddable":true,"href":"https:\/\/www.ades-grenoble.org\/wordpress\/wp-json\/wp\/v2\/comments?post=15131"}],"version-history":[{"count":2,"href":"https:\/\/www.ades-grenoble.org\/wordpress\/wp-json\/wp\/v2\/posts\/15131\/revisions"}],"predecessor-version":[{"id":15138,"href":"https:\/\/www.ades-grenoble.org\/wordpress\/wp-json\/wp\/v2\/posts\/15131\/revisions\/15138"}],"wp:attachment":[{"href":"https:\/\/www.ades-grenoble.org\/wordpress\/wp-json\/wp\/v2\/media?parent=15131"}],"wp:term":[{"taxonomy":"category","embeddable":true,"href":"https:\/\/www.ades-grenoble.org\/wordpress\/wp-json\/wp\/v2\/categories?post=15131"},{"taxonomy":"post_tag","embeddable":true,"href":"https:\/\/www.ades-grenoble.org\/wordpress\/wp-json\/wp\/v2\/tags?post=15131"}],"curies":[{"name":"wp","href":"https:\/\/api.w.org\/{rel}","templated":true}]}}