{"id":15159,"date":"2018-12-15T14:19:51","date_gmt":"2018-12-15T13:19:51","guid":{"rendered":"http:\/\/www.ades-grenoble.org\/wordpress\/?p=15159"},"modified":"2018-12-15T14:25:39","modified_gmt":"2018-12-15T13:25:39","slug":"une-societe-trop-violente-une-police-aussi","status":"publish","type":"post","link":"https:\/\/www.ades-grenoble.org\/wordpress\/2018\/12\/15\/une-societe-trop-violente-une-police-aussi\/","title":{"rendered":"Une soci\u00e9t\u00e9 trop violente, une police aussi"},"content":{"rendered":"<p style=\"text-align: justify;\"><img loading=\"lazy\" decoding=\"async\" class=\"size-medium wp-image-15161 alignleft\" src=\"http:\/\/www.ades-grenoble.org\/wordpress\/wp-content\/uploads\/2018\/12\/Goin-300x164.jpg\" alt=\"\" width=\"300\" height=\"164\" srcset=\"https:\/\/www.ades-grenoble.org\/wordpress\/wp-content\/uploads\/2018\/12\/Goin-300x164.jpg 300w, https:\/\/www.ades-grenoble.org\/wordpress\/wp-content\/uploads\/2018\/12\/Goin-150x82.jpg 150w, https:\/\/www.ades-grenoble.org\/wordpress\/wp-content\/uploads\/2018\/12\/Goin.jpg 350w\" sizes=\"auto, (max-width: 300px) 100vw, 300px\" \/>Malheureusement la violence monte dangereusement dans toute la soci\u00e9t\u00e9 et en l\u2019absence de revendications \u00e9labor\u00e9es collectivement et d\u00e9mocratiquement, de plus en plus de personnes entendent r\u00e9gler leurs diff\u00e9rents par une violence directe contre les institutions et les personnes. Le pouvoir a refus\u00e9 tout d\u00e9bat avec les corps interm\u00e9diaires (syndicats, partis, associations&#8230;) qui ont longtemps jou\u00e9 le r\u00f4le de r\u00e9gulateurs, voire d&rsquo;amortisseurs lors des conflits sociaux dans notre pays. Le pouvoir politique se trouve directement confront\u00e9 \u00e0 la population qui ne conna\u00eet pas toujours les r\u00e8gles du jeu de la d\u00e9mocratie sociale. Ce qui est le cas des gilets jaunes qui ne rentrent dans aucune des cases habituelles et dont les formes de lutte peuvent d\u00e9concerter.<\/p>\n<p style=\"text-align: justify;\">Le service public de s\u00e9curit\u00e9 est l\u00e0 pour canaliser et r\u00e9primer les comportements violents en respectant l\u2019\u00e9tat de droit. Malheureusement il y a des comportements inadmissibles des forces de police. A certains endroits des ordres ont \u00e9t\u00e9 donn\u00e9s de tirer des Flash-Ball \u00e0 hauteur de t\u00eate.<\/p>\n<p style=\"text-align: justify;\">Par exemple \u00e0 Grenoble, une jeune \u00e9l\u00e8ve de 1<sup>\u00e8re<\/sup> du lyc\u00e9e professionnel Jean-Jaur\u00e8s a re\u00e7u un projectile en pleine t\u00eate, ses parents ont port\u00e9 plainte.<\/p>\n<p style=\"text-align: justify;\"><!--more--><\/p>\n<p style=\"text-align: justify;\">Un article du Monde du 8 d\u00e9cembre indique \u00e0 propos des manmantations \u00e0 Paris\u00a0: <em>\u00ab\u00a0<\/em><em>Sur place, Le Monde a observ\u00e9 que les poliiers de la BAC tiraient au Flash-Ball tr\u00e8s r\u00e9guli\u00e8rement \u00e0 hauteur de t\u00eate. Un groupe de photographes, \u00e0 genoux pour se prot\u00e9ger et clairement identifiables, a \u00e9t\u00e9 pris pour cible. Un photographe ind\u00e9pendant a notamment \u00e9t\u00e9 touch\u00e9 \u00e0 l\u2019\u00e9paule. Plus t\u00f4t, face au Drugstore Publicis, un autre photographe avait \u00e9t\u00e9 touch\u00e9 \u00e0 l\u2019aine par un Flash-Ball\u00a0\u00bb.<\/em><\/p>\n<p style=\"text-align: justify;\">Et <a href=\"https:\/\/snjcgt.fr\/2018\/12\/10\/violences-policieres-contre-les-journalistes-la-liberte-dinformer-menacee\/\" target=\"_blank\" rel=\"noopener\">un article des syndicats des journalistes\u00a0<\/a>: <em>\u00ab\u00a0Les syndicats fran\u00e7ais de journalistes d\u00e9noncent et condamnent avec la plus grande fermet\u00e9 les d\u00e9rapages inadmissibles des forces de police, notamment \u00e0 Paris, exigent des explications de la pr\u00e9fecture de police, du minist\u00e8re de l\u2019Int\u00e9rieur, et du gouvernement, sur les consignes qui ont \u00e9t\u00e9 donn\u00e9es pour en arriver \u00e0 cette situation.\u00a0\u00bb<\/em><\/p>\n<p style=\"text-align: justify;\">A signaler aussi une intervention inutilement violente de la police lors d\u2019une soir\u00e9e au 38 rue d\u2019Alembert (lieu autog\u00e9r\u00e9 appartenant \u00e0 la ville qui est en cours de convention). Ce qui s\u2019est pass\u00e9 \u00e0 Mantes la Jolie avec les lyc\u00e9ens parqu\u00e9s et agenouill\u00e9s, n\u2019a pas \u00e9t\u00e9 un message d\u2019apaisement.<\/p>\n<p style=\"text-align: justify;\">Sur la r\u00e9pression du mouvement lyc\u00e9en, <a href=\"http:\/\/www.cafepedagogique.net\/lexpresso\/Pages\/2018\/12\/12122018Article636801966936292816.aspx\" target=\"_blank\" rel=\"noopener\">un billet<\/a> fait \u00e9tat de la condamnation de la violence polici\u00e8re par des organisations de lyc\u00e9ens, de parents d\u2019\u00e9l\u00e8ves, de syndicalistes de professeurs, d\u2019avocats et parle de \u00ab\u00a0mardi noir\u00a0\u00bb \u00e0 propos de la violence contre les manifestations lyc\u00e9ennes.<\/p>\n<p style=\"text-align: justify;\">Enfin, il est essentiel que les organisateurs de manifestations respectent les r\u00e8gles d\u2019ordre public et s\u2019organisent pour assurer dans la mesure du possible le caract\u00e8re non violent de leur manifestation. Il y a eu de nombreux exemples de bons comportements dans les derni\u00e8res manifestations qui ont \u00e9vit\u00e9 des confrontations inutiles avec les forces de police.<\/p>\n","protected":false},"excerpt":{"rendered":"<p>Malheureusement la violence monte dangereusement dans toute la soci\u00e9t\u00e9 et en l\u2019absence de revendications \u00e9labor\u00e9es collectivement et d\u00e9mocratiquement, de plus en plus de personnes entendent r\u00e9gler leurs diff\u00e9rents par une violence directe contre les institutions et les personnes. Le pouvoir a refus\u00e9 tout d\u00e9bat avec les corps interm\u00e9diaires (syndicats, partis, associations&#8230;) qui ont longtemps jou\u00e9 [&hellip;]<\/p>\n","protected":false},"author":1,"featured_media":0,"comment_status":"closed","ping_status":"open","sticky":false,"template":"","format":"standard","meta":{"twitterCardType":"","cardImageID":0,"cardImage":"","cardTitle":"","cardDesc":"","cardImageAlt":"","cardPlayer":"","cardPlayerWidth":0,"cardPlayerHeight":0,"cardPlayerStream":"","cardPlayerCodec":"","footnotes":""},"categories":[62,11],"tags":[290,241],"class_list":["post-15159","post","type-post","status-publish","format-standard","hentry","category-le-rouge-le-vert-hebdo","category-politique-locale","tag-manifestations","tag-police"],"_links":{"self":[{"href":"https:\/\/www.ades-grenoble.org\/wordpress\/wp-json\/wp\/v2\/posts\/15159","targetHints":{"allow":["GET"]}}],"collection":[{"href":"https:\/\/www.ades-grenoble.org\/wordpress\/wp-json\/wp\/v2\/posts"}],"about":[{"href":"https:\/\/www.ades-grenoble.org\/wordpress\/wp-json\/wp\/v2\/types\/post"}],"author":[{"embeddable":true,"href":"https:\/\/www.ades-grenoble.org\/wordpress\/wp-json\/wp\/v2\/users\/1"}],"replies":[{"embeddable":true,"href":"https:\/\/www.ades-grenoble.org\/wordpress\/wp-json\/wp\/v2\/comments?post=15159"}],"version-history":[{"count":2,"href":"https:\/\/www.ades-grenoble.org\/wordpress\/wp-json\/wp\/v2\/posts\/15159\/revisions"}],"predecessor-version":[{"id":15162,"href":"https:\/\/www.ades-grenoble.org\/wordpress\/wp-json\/wp\/v2\/posts\/15159\/revisions\/15162"}],"wp:attachment":[{"href":"https:\/\/www.ades-grenoble.org\/wordpress\/wp-json\/wp\/v2\/media?parent=15159"}],"wp:term":[{"taxonomy":"category","embeddable":true,"href":"https:\/\/www.ades-grenoble.org\/wordpress\/wp-json\/wp\/v2\/categories?post=15159"},{"taxonomy":"post_tag","embeddable":true,"href":"https:\/\/www.ades-grenoble.org\/wordpress\/wp-json\/wp\/v2\/tags?post=15159"}],"curies":[{"name":"wp","href":"https:\/\/api.w.org\/{rel}","templated":true}]}}