{"id":15170,"date":"2018-12-21T16:06:22","date_gmt":"2018-12-21T15:06:22","guid":{"rendered":"http:\/\/www.ades-grenoble.org\/wordpress\/?p=15170"},"modified":"2018-12-21T16:44:10","modified_gmt":"2018-12-21T15:44:10","slug":"quelques-donnees-sur-les-qpv-de-la-metro","status":"publish","type":"post","link":"https:\/\/www.ades-grenoble.org\/wordpress\/2018\/12\/21\/quelques-donnees-sur-les-qpv-de-la-metro\/","title":{"rendered":"Quelques donn\u00e9es sur les QPV de la M\u00e9tro."},"content":{"rendered":"<p style=\"text-align: justify;\"><img loading=\"lazy\" decoding=\"async\" class=\"size-medium wp-image-12478 alignleft\" src=\"http:\/\/www.ades-grenoble.org\/wordpress\/wp-content\/uploads\/2017\/01\/INSEE-300x96.jpg\" alt=\"\" width=\"300\" height=\"96\" srcset=\"https:\/\/www.ades-grenoble.org\/wordpress\/wp-content\/uploads\/2017\/01\/INSEE-300x96.jpg 300w, https:\/\/www.ades-grenoble.org\/wordpress\/wp-content\/uploads\/2017\/01\/INSEE-150x48.jpg 150w, https:\/\/www.ades-grenoble.org\/wordpress\/wp-content\/uploads\/2017\/01\/INSEE.jpg 400w\" sizes=\"auto, (max-width: 300px) 100vw, 300px\" \/>L\u2019INSEE indique qu\u2019en 2014, le seuil de pauvret\u00e9, qui correspond \u00e0 60\u00a0% du niveau de vie m\u00e9dian de la population, s\u2019\u00e9tablit \u00e0 1\u00a0008\u00a0euros mensuels. La pauvret\u00e9 ainsi d\u00e9finie touche 14,1\u00a0% de la population.<\/p>\n<p style=\"text-align: justify;\">La situation vis-\u00e0-vis de la pauvret\u00e9 est grandement d\u00e9pendante du statut d\u2019activit\u00e9. En 2014, 36,6\u00a0% des ch\u00f4meurs vivent au-dessous du seuil de pauvret\u00e9. La situation familiale joue aussi un r\u00f4le important, 35,9\u00a0% des personnes vivant dans une famille monoparentale sont pauvres en termes mon\u00e9taires.<\/p>\n<p style=\"text-align: justify;\">Le niveau de vie est \u00e9gal au revenu disponible du m\u00e9nage divis\u00e9 par le nombre d&rsquo;unit\u00e9s de consommation (uc). Les unit\u00e9s de consommation sont calcul\u00e9es selon l&rsquo;\u00e9chelle d&rsquo;\u00e9quivalence dite de l&rsquo;OCDE modifi\u00e9e qui attribue 1 uc au premier adulte du m\u00e9nage, 0,5 uc aux autres personnes de 14 ans ou plus et 0,3 uc aux enfants de moins de 14 ans.<\/p>\n<p style=\"text-align: justify;\">L\u2019INSEE vient de rendre public certaines donn\u00e9es sur la pauvret\u00e9 dans les quartiers prioritaires de la politique de la ville (QPV).<\/p>\n<p><!--more--><\/p>\n<p style=\"text-align: justify;\">Par exemple il apparait qu\u2019il y a deux fois plus de m\u00e9nages qui ne payent pas l\u2019imp\u00f4t sur le revenu que dans la M\u00e9tro et les grandes villes.<\/p>\n<p style=\"text-align: justify;\">Dans la M\u00e9tro il y a 60% des m\u00e9nages qui payent l\u2019imp\u00f4t sur les revenus, \u00e0 Grenoble c\u2019est 56%, \u00e0 Saint Martin d\u2019H\u00e8res 51,5%, Echirolles 49,5%, Fontaine 51% et Pont de Claix 51%.<\/p>\n<p style=\"text-align: justify;\">Dans les QPV de ces villes cela varie de 20,6% \u00e0 Mistral Lys Rouge Camine jusqu\u2019\u00e0 35% \u00e0 Alma Tr\u00e8s Cloitres Chenoise.<\/p>\n<p style=\"text-align: justify;\">Le taux de pauvret\u00e9 est la part de la population sous le seuil de 60% du niveau de vie m\u00e9dian par unit\u00e9 de consommation. Alors qu\u2019il est de 14% au niveau national, dans les QPV il varie de 31% \u00e0 Fontaine (Alpes mail Cachin) \u00e0 47% \u00e0 Mistral Lys Rouge Camine \u00e0 Grenoble.<\/p>\n<p style=\"text-align: justify;\">Ceci est la cons\u00e9quence du d\u00e9coupage territorial des QPV fond\u00e9 uniquement sur la pauvret\u00e9.<\/p>\n<p style=\"text-align: justify;\">Dans le tableau suivant, l\u2019INSE donne pour l\u2019ann\u00e9e 2014 des caract\u00e9ristiques sociod\u00e9mographiques des QPV de la M\u00e9tro. A noter que la part des familles monoparentales parmi les m\u00e9nages \u00e0 Grenoble est de 8%, alors que dans les QPV cela varie de 14 \u00e0 25%.<\/p>\n<table border=\"2\" width=\"80%\" align=\"center\" bgcolor=\"lightyellow\">\n<tbody>\n<tr>\n<td width=\"1\"><\/td>\n<td width=\"162\">Nom du quartier de la politique de la ville<\/td>\n<td width=\"65\">Part des m\u00e9nages impos\u00e9s<\/td>\n<td width=\"89\">Part des familles monoparentales parmi les m\u00e9nages<\/td>\n<td width=\"69\">Part des m\u00e9nages de 5 personnes et plus<\/td>\n<td width=\"80\">Taux de pauvret\u00e9 au seuil de 60% du niveau de vie m\u00e9dian m\u00e9tropolitain, par UC m\u00e9dian<\/td>\n<\/tr>\n<tr>\n<td colspan=\"2\" width=\"163\">La Luire \u2013 Viscose- Echirolles<\/td>\n<td width=\"65\">25,4<\/td>\n<td width=\"89\">18,1<\/td>\n<td width=\"69\">13,3<\/td>\n<td width=\"80\">36,9<\/td>\n<\/tr>\n<tr>\n<td colspan=\"2\" width=\"163\">Essarts \u2013 Surieux &#8211; Echirolles<\/td>\n<td width=\"65\">24,2<\/td>\n<td width=\"89\">17,1<\/td>\n<td width=\"69\">18,9<\/td>\n<td width=\"80\">44,5<\/td>\n<\/tr>\n<tr>\n<td colspan=\"2\" width=\"163\">Village Sud- Echirolles<\/td>\n<td width=\"65\">24,7<\/td>\n<td width=\"89\">24,5<\/td>\n<td width=\"69\">12,5<\/td>\n<td width=\"80\">38,1<\/td>\n<\/tr>\n<tr>\n<td colspan=\"2\" width=\"163\">Alpes Mail Cachin &#8211; Fontaine<\/td>\n<td width=\"65\">30,1<\/td>\n<td width=\"89\">14<\/td>\n<td width=\"69\">9,3<\/td>\n<td width=\"80\">31<\/td>\n<\/tr>\n<tr>\n<td colspan=\"2\" width=\"163\">Mistral Lys Rouge Camine &#8211; Grenoble<\/td>\n<td width=\"65\">20,6<\/td>\n<td width=\"89\">15,3<\/td>\n<td width=\"69\">17,2<\/td>\n<td width=\"80\">46,7<\/td>\n<\/tr>\n<tr>\n<td colspan=\"2\" width=\"163\">Villeneuve &#8211; Village Olympique- Grenonle<\/td>\n<td width=\"65\">31,6<\/td>\n<td width=\"89\">17,4<\/td>\n<td width=\"69\">15,9<\/td>\n<td width=\"80\">41,2<\/td>\n<\/tr>\n<tr>\n<td colspan=\"2\" width=\"163\">Teisseire Abbaye Jouhaux Ch\u00e2telet &#8211; Grenoble<\/td>\n<td width=\"65\">22,6<\/td>\n<td width=\"89\">19,3<\/td>\n<td width=\"69\">15<\/td>\n<td width=\"80\">46,5<\/td>\n<\/tr>\n<tr>\n<td colspan=\"2\" width=\"163\">Alma &#8211; Tr\u00e8s Clo\u00eetres \u2013 Chenoise- Grenoble<\/td>\n<td width=\"65\">35<\/td>\n<td width=\"89\">14,3<\/td>\n<td width=\"69\">12,2<\/td>\n<td width=\"80\">39,6<\/td>\n<\/tr>\n<tr>\n<td colspan=\"2\" width=\"163\">Iles De Mars Olympiades Pont de Claix<\/td>\n<td width=\"65\">26,4<\/td>\n<td width=\"89\">19,1<\/td>\n<td width=\"69\">17<\/td>\n<td width=\"80\">35<\/td>\n<\/tr>\n<tr>\n<td colspan=\"2\" width=\"163\">Renaudie &#8211; Champberton &#8211; La Plaine Saint Martin d\u2019H\u00e8res<\/td>\n<td width=\"65\">30,3<\/td>\n<td width=\"89\">16,3<\/td>\n<td width=\"69\">16,2<\/td>\n<td width=\"80\">34,1<\/td>\n<\/tr>\n<\/tbody>\n<\/table>\n","protected":false},"excerpt":{"rendered":"<p>L\u2019INSEE indique qu\u2019en 2014, le seuil de pauvret\u00e9, qui correspond \u00e0 60\u00a0% du niveau de vie m\u00e9dian de la population, s\u2019\u00e9tablit \u00e0 1\u00a0008\u00a0euros mensuels. La pauvret\u00e9 ainsi d\u00e9finie touche 14,1\u00a0% de la population. La situation vis-\u00e0-vis de la pauvret\u00e9 est grandement d\u00e9pendante du statut d\u2019activit\u00e9. En 2014, 36,6\u00a0% des ch\u00f4meurs vivent au-dessous du seuil de [&hellip;]<\/p>\n","protected":false},"author":1,"featured_media":0,"comment_status":"closed","ping_status":"open","sticky":false,"template":"","format":"standard","meta":{"twitterCardType":"","cardImageID":0,"cardImage":"","cardTitle":"","cardDesc":"","cardImageAlt":"","cardPlayer":"","cardPlayerWidth":0,"cardPlayerHeight":0,"cardPlayerStream":"","cardPlayerCodec":"","footnotes":""},"categories":[62,11],"tags":[285,189,181],"class_list":["post-15170","post","type-post","status-publish","format-standard","hentry","category-le-rouge-le-vert-hebdo","category-politique-locale","tag-insee","tag-politique-de-la-ville","tag-precarite"],"_links":{"self":[{"href":"https:\/\/www.ades-grenoble.org\/wordpress\/wp-json\/wp\/v2\/posts\/15170","targetHints":{"allow":["GET"]}}],"collection":[{"href":"https:\/\/www.ades-grenoble.org\/wordpress\/wp-json\/wp\/v2\/posts"}],"about":[{"href":"https:\/\/www.ades-grenoble.org\/wordpress\/wp-json\/wp\/v2\/types\/post"}],"author":[{"embeddable":true,"href":"https:\/\/www.ades-grenoble.org\/wordpress\/wp-json\/wp\/v2\/users\/1"}],"replies":[{"embeddable":true,"href":"https:\/\/www.ades-grenoble.org\/wordpress\/wp-json\/wp\/v2\/comments?post=15170"}],"version-history":[{"count":2,"href":"https:\/\/www.ades-grenoble.org\/wordpress\/wp-json\/wp\/v2\/posts\/15170\/revisions"}],"predecessor-version":[{"id":15172,"href":"https:\/\/www.ades-grenoble.org\/wordpress\/wp-json\/wp\/v2\/posts\/15170\/revisions\/15172"}],"wp:attachment":[{"href":"https:\/\/www.ades-grenoble.org\/wordpress\/wp-json\/wp\/v2\/media?parent=15170"}],"wp:term":[{"taxonomy":"category","embeddable":true,"href":"https:\/\/www.ades-grenoble.org\/wordpress\/wp-json\/wp\/v2\/categories?post=15170"},{"taxonomy":"post_tag","embeddable":true,"href":"https:\/\/www.ades-grenoble.org\/wordpress\/wp-json\/wp\/v2\/tags?post=15170"}],"curies":[{"name":"wp","href":"https:\/\/api.w.org\/{rel}","templated":true}]}}